{"id":257188,"date":"2025-07-18T20:17:12","date_gmt":"2025-07-18T20:17:12","guid":{"rendered":"https:\/\/www.europesays.com\/fr\/257188\/"},"modified":"2025-07-18T20:17:12","modified_gmt":"2025-07-18T20:17:12","slug":"sophie-ferjani-bouleversee-par-ce-nouvel-incendie-non-loin-de-marseille-cette-photo-edifiante","status":"publish","type":"post","link":"https:\/\/www.europesays.com\/fr\/257188\/","title":{"rendered":"Sophie Ferjani boulevers\u00e9e par ce nouvel incendie non loin de Marseille : cette photo \u00e9difiante !"},"content":{"rendered":"<p>                                        <img decoding=\"async\" src=\"https:\/\/www.europesays.com\/fr\/wp-content\/uploads\/2025\/07\/fb206004a780496eaf6a8a58149c280b981848442df781263f53c8b8ba3ec740.jpg\" alt=\"GALA VIDEO - Sophie Ferjani\u00a0: ce qu'il faut conna\u00eetre\" class=\"a11y-hidden\"\/><\/p>\n<p class=\"fig-standfirst\">PHOTO &#8211; Alors que de violents incendies entourent la ville de Marseille, Sophie Ferjani s\u2019est empar\u00e9e une nouvelle fois de son compte Instagram pour faire part de sa \u00abd\u00e9solation\u00bb face aux flammes qui menacent la cit\u00e9 phoc\u00e9enne.<\/p>\n<p class=\"fig-paragraph\">Partageant r\u00e9guli\u00e8rement des extraits de sa vie priv\u00e9e sur son compte Instagram personnel, Sophie Ferjani n\u2019a pas mis les r\u00e9seaux sociaux en pause cet \u00e9t\u00e9 alors qu\u2019elle se repose avec sa famille dans\u00a0<a href=\"https:\/\/www.gala.fr\/videos\/video-gala-sophie-ferjani-nous-fait-visiter-sa-maison_461882\" data-fig-type=\"Article\" data-gtm-custom-categorie=\"navigation\" data-gtm-custom-action=\"crossclick\" data-gtm-custom-label=\"Contextuel\" data-gtm-event=\"customEventSPE\" data-fig-domain=\"GALA\" target=\"_blank\" rel=\"noopener\">leur maison de Marseille<\/a>. Bien au contraire, et face \u00e0 l\u2019urgence de la situation, l\u2019architecte et\u00a0<a href=\"https:\/\/www.gala.fr\/l_actu\/news_de_stars\/stephane-plaza-accuse-de-violences-son-amie-sophie-ferjani-le-defend-a-son-tour_533546\" data-fig-type=\"Article\" data-gtm-custom-categorie=\"navigation\" data-gtm-custom-action=\"crossclick\" data-gtm-custom-label=\"Contextuel\" data-gtm-event=\"customEventSPE\" data-fig-domain=\"GALA\" target=\"_blank\" rel=\"noopener\">ancienne amie de St\u00e9phane Plaza<\/a>\u00a0est d\u2019autant plus active depuis que la ville est menac\u00e9e par de violents incendies. Le 8 juillet dernier,\u00a0<a href=\"http:\/\/www.gala.fr\/l_actu\/news_de_stars\/sophie-ferjani-prise-dans-le-terrible-incendie-a-marseille-elle-devoile-des-photos-epoustouflantes-20250709\" data-fig-type=\"Article\" data-gtm-custom-categorie=\"navigation\" data-gtm-custom-action=\"crossclick\" data-gtm-custom-label=\"Contextuel\" data-gtm-event=\"customEventSPE\" data-fig-domain=\"GALA\" target=\"_blank\" rel=\"noopener\">elle avait ainsi \u00e9t\u00e9 confin\u00e9e chez elle<\/a>\u00a0par le maire de la ville, Beno\u00eet Payan, alors que les flammes progressaient \u00abde 1 200 m\u00e8tres par minute\u00bb. Ne souhaitant pas rester silencieuse, elle avait partag\u00e9 ce qu\u2019il se passait avec sa communaut\u00e9, faisant \u00e9tat de sa tristesse face aux maisons emport\u00e9es par le feu tout comme de son admiration pour les pompiers.<\/p>\n<p class=\"fig-paragraph\">Un message renouvel\u00e9 le jeudi 17 juillet 2025, alors qu\u2019un nouvel incendie avait \u00e9t\u00e9 d\u00e9clar\u00e9 aux alentours de la cit\u00e9 phoc\u00e9enne o\u00f9 elle vit avec\u00a0<a href=\"https:\/\/www.gala.fr\/l_actu\/news_de_stars\/photo-sophie-ferjani-amoureuse-tendre-baiser-avec-son-mari-baligh-pour-la-saint-valentin_513351\" data-fig-type=\"Article\" data-gtm-custom-categorie=\"navigation\" data-gtm-custom-action=\"crossclick\" data-gtm-custom-label=\"Contextuel\" data-gtm-event=\"customEventSPE\" data-fig-domain=\"GALA\" target=\"_blank\" rel=\"noopener\">son mari, Baligh<\/a>, et\u00a0<a href=\"https:\/\/www.gala.fr\/l_actu\/news_de_stars\/sophie-ferjani-epanouie-en-dehors-de-la-tele-ma-vraie-vie-cest-celle-de-maman-de-trois-enfants_484547\" data-fig-type=\"Article\" data-gtm-custom-categorie=\"navigation\" data-gtm-custom-action=\"crossclick\" data-gtm-custom-label=\"Contextuel\" data-gtm-event=\"customEventSPE\" data-fig-domain=\"GALA\" target=\"_blank\" rel=\"noopener\">leurs trois enfants<\/a>. C\u2019est en story que l\u2019animatrice a une nouvelle fois pris la parole, partageant dans le m\u00eame temps avec ses fans une photo du nuage de fum\u00e9e provoqu\u00e9 par les flammes. Un clich\u00e9 \u00e9difiant, l\u00e9gend\u00e9 ainsi\u00a0: \u00abEn ce moment m\u00eame, encore un feu. Quelle d\u00e9solation. Nos pompiers nos h\u00e9ros.\u00bb<\/p>\n<p>    Sophie Ferjani, boulevers\u00e9e par les incendies non loin de Marseille, s\u2019insurge sur Instagram<br \/>\n                Instagram \/ Capture d\u2019\u00e9cran<\/p>\n<p>    <a href=\"#slideshow-header\"><\/p>\n<p class=\"fig-slideshow__title\">\n                    PHOTOS &#8211; L\u00e9a Salam\u00e9, Pascal Praud, Anne-Sophie Lapix&#8230;. d\u00e9couvrez les journalistes quand ils \u00e9taient plus jeunes\n                <\/p>\n<p>    <\/a><\/p>\n<p>                                    <a class=\"fig-a11y-skip a11y-hidden\" href=\"#fig-a11y-skip-main-inarticle\"><br \/>\n        Passer la publicit\u00e9<br \/>\n    <\/a><\/p>\n<p>Sophie Ferjani\u00a0: ce message de pr\u00e9vention qu\u2019elle souhaite faire passer<\/p>\n<p class=\"fig-paragraph\">Particuli\u00e8rement sensibilis\u00e9e face aux incendies qui ravagent la r\u00e9gion de Marseille, Sophie Ferjani ne s\u2019est pas content\u00e9e de photos sur son compte Instagram pour sensibiliser ses 510 000 abonn\u00e9s, bien au contraire. Partageant\u00a0<a href=\"https:\/\/www.instagram.com\/sophie_ferjani\/p\/DMOAEiHMnTy\/?hl=fr\" target=\"_blank\" rel=\"sponsored noopener\" data-gtm-custom-categorie=\"navigation\" data-gtm-custom-action=\"crossclick\" data-gtm-custom-label=\"Contextuel\" data-gtm-event=\"customEventSPE\">une photo<\/a>\u00a0de ce qui pourrait \u00eatre la vue de sa r\u00e9sidence marseillaise,\u00a0<a href=\"https:\/\/www.gala.fr\/l_actu\/news_de_stars\/sophie-ferjani-lamusante-reaction-de-ses-fils-quand-ils-la-voient-a-la-television_533323\" target=\"_blank\" data-fig-type=\"Article\" rel=\"sponsored noopener\" data-gtm-custom-categorie=\"navigation\" data-gtm-custom-action=\"crossclick\" data-gtm-custom-label=\"Contextuel\" data-gtm-event=\"customEventSPE\" data-fig-domain=\"GALA\">la star du PAF<\/a>\u00a0a d\u00e9cid\u00e9 de faire passer un message important \u00e0 sa communaut\u00e9, leur demandant d\u2019\u00eatre prudents quant aux dangers des flammes. \u00abBel \u00e9t\u00e9 \u00e0 tous, mais avec prudence. Le soleil br\u00fble, le vent souffle, la nature comme nous est fragile\u00bb, \u00e9crivait-elle en description, ne laissant rien au hasard. Et de conclure\u00a0: \u00abSoyons tous vigilants, pensons que la moindre \u00e9tincelle peut tout enflammer et tout d\u00e9truire.\u00bb Un message qui, on l\u2019esp\u00e8re, aura \u00e9t\u00e9 entendu.<\/p>\n<p class=\"fig-paragraph\">Article \u00e9crit en collaboration avec 6M\u00e9dias.<\/p>\n<p>                                        <script async src=\"\/\/www.instagram.com\/embed.js\"><\/script><\/p>\n","protected":false},"excerpt":{"rendered":"PHOTO &#8211; Alors que de violents incendies entourent la ville de Marseille, Sophie Ferjani s\u2019est empar\u00e9e une nouvelle&hellip;\n","protected":false},"author":2,"featured_media":257189,"comment_status":"","ping_status":"","sticky":false,"template":"","format":"standard","meta":{"footnotes":""},"categories":[2814],"tags":[1111,11,1777,674,1011,27,1310,2440,884,12,882,3210,25,39707,1364],"class_list":{"0":"post-257188","1":"post","2":"type-post","3":"status-publish","4":"format-standard","5":"has-post-thumbnail","7":"category-marseille","8":"tag-actu","9":"tag-actualites","10":"tag-eu","11":"tag-europe","12":"tag-fr","13":"tag-france","14":"tag-incendie","15":"tag-instagram","16":"tag-marseille","17":"tag-news","18":"tag-provence-alpes-cote-dazur","19":"tag-reaction","20":"tag-republique-francaise","21":"tag-sophie-ferjani","22":"tag-tv"},"share_on_mastodon":{"url":"https:\/\/pubeurope.com\/@fr\/114876084659792366","error":""},"_links":{"self":[{"href":"https:\/\/www.europesays.com\/fr\/wp-json\/wp\/v2\/posts\/257188","targetHints":{"allow":["GET"]}}],"collection":[{"href":"https:\/\/www.europesays.com\/fr\/wp-json\/wp\/v2\/posts"}],"about":[{"href":"https:\/\/www.europesays.com\/fr\/wp-json\/wp\/v2\/types\/post"}],"author":[{"embeddable":true,"href":"https:\/\/www.europesays.com\/fr\/wp-json\/wp\/v2\/users\/2"}],"replies":[{"embeddable":true,"href":"https:\/\/www.europesays.com\/fr\/wp-json\/wp\/v2\/comments?post=257188"}],"version-history":[{"count":0,"href":"https:\/\/www.europesays.com\/fr\/wp-json\/wp\/v2\/posts\/257188\/revisions"}],"wp:featuredmedia":[{"embeddable":true,"href":"https:\/\/www.europesays.com\/fr\/wp-json\/wp\/v2\/media\/257189"}],"wp:attachment":[{"href":"https:\/\/www.europesays.com\/fr\/wp-json\/wp\/v2\/media?parent=257188"}],"wp:term":[{"taxonomy":"category","embeddable":true,"href":"https:\/\/www.europesays.com\/fr\/wp-json\/wp\/v2\/categories?post=257188"},{"taxonomy":"post_tag","embeddable":true,"href":"https:\/\/www.europesays.com\/fr\/wp-json\/wp\/v2\/tags?post=257188"}],"curies":[{"name":"wp","href":"https:\/\/api.w.org\/{rel}","templated":true}]}}