{"id":257192,"date":"2025-07-18T20:19:12","date_gmt":"2025-07-18T20:19:12","guid":{"rendered":"https:\/\/www.europesays.com\/fr\/257192\/"},"modified":"2025-07-18T20:19:12","modified_gmt":"2025-07-18T20:19:12","slug":"la-justice-administrative-donne-raison-a-la-metropole-de-lyon","status":"publish","type":"post","link":"https:\/\/www.europesays.com\/fr\/257192\/","title":{"rendered":"la justice administrative donne raison \u00e0 la M\u00e9tropole de Lyon"},"content":{"rendered":"<p>La ville d\u2019Oullins et la soci\u00e9t\u00e9 Lyon DIS, gestionnaire de Leclerc Champvert, sont fermement oppos\u00e9es \u00e0 la r\u00e9alisation des voies lyonnaises, respectivement n\u00b0\u00a06 et\u00a08, pour des raisons diff\u00e9rentes. \u00c0 Oullins-Pierre-B\u00e9nite, le maire a largement m\u00e9diatis\u00e9 l\u2019affaire, contestant la l\u00e9gitimit\u00e9 de la voie lyonnaise n\u00b06. \u00c0 Lyon 5 et Tassin, le pr\u00e9sident de la soci\u00e9t\u00e9 commerciale redoute les cons\u00e9quences \u00e9conomiques sur son exploitation. Les deux jugements ont \u00e9t\u00e9 rendus ce mercredi 16\u00a0juillet. Le tribunal administratif de Lyon d\u00e9boute le maire d\u2019Oullins et la soci\u00e9t\u00e9 Lyon DIS. Tous deux ont deux mois pour faire appel du jugement (1).<\/p>\n<p>Davantage de s\u00e9curit\u00e9 \u00e0 Oullins-Pierre-B\u00e9nite<\/p>\n<p>\u00c0 Oullins-Pierre-B\u00e9nite, la Ville demandait que soit reconnue l\u2019incomp\u00e9tence de la M\u00e9tropole pour approuver la d\u00e9lib\u00e9ration. Le tribunal a cependant jug\u00e9 que la partie de VL6 qui passe par Oullins s\u2019inscrit dans une op\u00e9ration&#8230;<\/p>\n","protected":false},"excerpt":{"rendered":"La ville d\u2019Oullins et la soci\u00e9t\u00e9 Lyon DIS, gestionnaire de Leclerc Champvert, sont fermement oppos\u00e9es \u00e0 la r\u00e9alisation&hellip;\n","protected":false},"author":2,"featured_media":257193,"comment_status":"","ping_status":"","sticky":false,"template":"","format":"standard","meta":{"footnotes":""},"categories":[1889],"tags":[1111,11,2430,3542,3153,3154,1777,674,1011,27,2428,12,15666,25,2429,20283,20284,2803],"class_list":{"0":"post-257192","1":"post","2":"type-post","3":"status-publish","4":"format-standard","5":"has-post-thumbnail","7":"category-lyon","8":"tag-actu","9":"tag-actualites","10":"tag-auvergne-rhone-alpes","11":"tag-circulation","12":"tag-edition-ouest-lyonnais","13":"tag-edition-sud-lyonnais","14":"tag-eu","15":"tag-europe","16":"tag-fr","17":"tag-france","18":"tag-lyon","19":"tag-news","20":"tag-oullins-ville","21":"tag-republique-francaise","22":"tag-rhone","23":"tag-tassin-la-demi-lune","24":"tag-tassin-la-demi-lune-bassin","25":"tag-transport"},"share_on_mastodon":{"url":"https:\/\/pubeurope.com\/@fr\/114876092414503685","error":""},"_links":{"self":[{"href":"https:\/\/www.europesays.com\/fr\/wp-json\/wp\/v2\/posts\/257192","targetHints":{"allow":["GET"]}}],"collection":[{"href":"https:\/\/www.europesays.com\/fr\/wp-json\/wp\/v2\/posts"}],"about":[{"href":"https:\/\/www.europesays.com\/fr\/wp-json\/wp\/v2\/types\/post"}],"author":[{"embeddable":true,"href":"https:\/\/www.europesays.com\/fr\/wp-json\/wp\/v2\/users\/2"}],"replies":[{"embeddable":true,"href":"https:\/\/www.europesays.com\/fr\/wp-json\/wp\/v2\/comments?post=257192"}],"version-history":[{"count":0,"href":"https:\/\/www.europesays.com\/fr\/wp-json\/wp\/v2\/posts\/257192\/revisions"}],"wp:featuredmedia":[{"embeddable":true,"href":"https:\/\/www.europesays.com\/fr\/wp-json\/wp\/v2\/media\/257193"}],"wp:attachment":[{"href":"https:\/\/www.europesays.com\/fr\/wp-json\/wp\/v2\/media?parent=257192"}],"wp:term":[{"taxonomy":"category","embeddable":true,"href":"https:\/\/www.europesays.com\/fr\/wp-json\/wp\/v2\/categories?post=257192"},{"taxonomy":"post_tag","embeddable":true,"href":"https:\/\/www.europesays.com\/fr\/wp-json\/wp\/v2\/tags?post=257192"}],"curies":[{"name":"wp","href":"https:\/\/api.w.org\/{rel}","templated":true}]}}