{"id":257196,"date":"2025-07-18T20:23:10","date_gmt":"2025-07-18T20:23:10","guid":{"rendered":"https:\/\/www.europesays.com\/fr\/257196\/"},"modified":"2025-07-18T20:23:10","modified_gmt":"2025-07-18T20:23:10","slug":"gisele-halimi-simone-veil-olympe-de-gouges-les-statues-de-la-ceremonie-des-jo-bientot-visibles-dans-une-rue-de-paris","status":"publish","type":"post","link":"https:\/\/www.europesays.com\/fr\/257196\/","title":{"rendered":"Gis\u00e8le Halimi, Simone Veil, Olympe de Gouges\u2026 Les statues de la c\u00e9r\u00e9monie des JO bient\u00f4t visibles dans une rue de Paris"},"content":{"rendered":"<p><strong>H\u00e9ritage &#8211; Les statues dor\u00e9es qui faisaient partie de la c\u00e9r\u00e9monie d\u2019ouverture des Jeux olympiques 2024 seront install\u00e9es rue de la Chapelle, \u00e0 Paris<\/strong><\/p>\n<p>L\u2019h\u00e9ritage des <a href=\"https:\/\/www.20minutes.fr\/sport\/jo\/?at_medium=RSS%20feed&amp;at_campaign=ynews&amp;utm_source=yahoo&amp;utm_medium=rss&amp;utm_campaign=news_feed&amp;utm_content=in_article_link\" rel=\"nofollow noopener\" target=\"_blank\" data-ylk=\"slk:Jeux olympiques de Paris 2024;elm:context_link;itc:0;sec:content-canvas\" class=\"link \">Jeux olympiques de Paris 2024<\/a> a pu se faire attendre parfois, mais il s\u2019installe prochainement rue de la Chapelle dans le nord de la capitale. Dix statues de femmes illustres, dont <a href=\"https:\/\/www.20minutes.fr\/societe\/gisele-halimi\/?at_medium=RSS%20feed&amp;at_campaign=ynews&amp;utm_source=yahoo&amp;utm_medium=rss&amp;utm_campaign=news_feed&amp;utm_content=in_article_link\" rel=\"nofollow noopener\" target=\"_blank\" data-ylk=\"slk:Gis\u00e8le Halimi;elm:context_link;itc:0;sec:content-canvas\" class=\"link \">Gis\u00e8le Halimi<\/a>, visibles lors de la c\u00e9r\u00e9monie d\u2019ouverture des JO de Paris 2024, sont en cours d\u2019installation dans ce quartier actuellement en cours de r\u00e9am\u00e9nagement.<\/p>\n<p>Sur la promenade nouvellement am\u00e9nag\u00e9e rue de la Chapelle, la statue dor\u00e9e de Gis\u00e8le Halimi, mesurant quatre m\u00e8tres de haut, a d\u00e9j\u00e0 \u00e9t\u00e9 install\u00e9e vendredi matin, attirant les regards curieux des passants.<\/p>\n<p>Une r\u00e9sine ultra-r\u00e9sistante pour \u00ab les pr\u00e9parer \u00e0 la vie en ext\u00e9rieur \u00bb<\/p>\n<p>Elle sera rejointe par neuf autres statues, surgies de la <a href=\"https:\/\/www.20minutes.fr\/dossier\/seine?at_medium=RSS%20feed&amp;at_campaign=ynews&amp;utm_source=yahoo&amp;utm_medium=rss&amp;utm_campaign=news_feed&amp;utm_content=in_article_link\" rel=\"nofollow noopener\" target=\"_blank\" data-ylk=\"slk:Seine;elm:context_link;itc:0;sec:content-canvas\" class=\"link \">Seine<\/a> lors de la c\u00e9r\u00e9monie des Jeux, le long de l\u2019avenue du 18e arrondissement. L\u2019inauguration est pr\u00e9vue le 26 juillet, un an apr\u00e8s le coup d\u2019envoi des JO de Paris.<\/p>\n<p>Ces dix statues de femmes illustres comprenant Christine de Pizan, Jeanne Barret, Olympe de Gouges, Louise Michel, Alice Guy, Alice Milliat, Paulette Nardal, Simone de Beauvoir, <a href=\"https:\/\/www.20minutes.fr\/dossier\/simone_veil?at_medium=RSS%20feed&amp;at_campaign=ynews&amp;utm_source=yahoo&amp;utm_medium=rss&amp;utm_campaign=news_feed&amp;utm_content=in_article_link\" rel=\"nofollow noopener\" target=\"_blank\" data-ylk=\"slk:Simone Veil;elm:context_link;itc:0;sec:content-canvas\" class=\"link \">Simone Veil<\/a> et Gis\u00e8le Halimi avaient auparavant \u00e9t\u00e9 expos\u00e9es \u00e0 l\u2019<a href=\"https:\/\/www.20minutes.fr\/dossier\/assemblee_nationale?at_medium=RSS%20feed&amp;at_campaign=ynews&amp;utm_source=yahoo&amp;utm_medium=rss&amp;utm_campaign=news_feed&amp;utm_content=in_article_link\" rel=\"nofollow noopener\" target=\"_blank\" data-ylk=\"slk:Assembl\u00e9e nationale;elm:context_link;itc:0;sec:content-canvas\" class=\"link \">Assembl\u00e9e nationale<\/a>.<\/p>\n<p>Couleur or et en acier, elles ont d\u00fb \u00eatre recouvertes d\u2019une r\u00e9sine ultra-r\u00e9sistante pour \u00ab les pr\u00e9parer \u00e0 la vie en ext\u00e9rieur \u00bb, explique Mich\u00e8le Zaoui, architecte au secr\u00e9tariat g\u00e9n\u00e9ral de la Ville de Paris.<\/p>\n<p>\u00ab C\u2019est bien qu\u2019ils les recyclent et qu\u2019ils les posent quelque part \u00bb, t\u00e9moigne Thomas Marcel, 29 ans, un artisan qui travaille depuis six ans dans le quartier. Il d(&#8230;)<\/p>\n<p><a href=\"https:\/\/www.20minutes.fr\/paris\/4164378-20250718-gisele-halimi-simone-veil-olympe-gouges-statues-ceremonie-jo-bientot-visibles-rue-paris?at_medium=RSS%20feed&amp;at_campaign=ynews&amp;utm_source=yahoo&amp;utm_medium=rss&amp;utm_campaign=news_feed&amp;utm_content=read_more_link\" rel=\"nofollow noopener\" target=\"_blank\" data-ylk=\"slk:Lire la suite sur 20minutes;elm:context_link;itc:0;sec:content-canvas\" class=\"link \">Lire la suite sur 20minutes<\/a><\/p>\n<p>\u00c0 lire aussi :<br \/><a href=\"https:\/\/www.20minutes.fr\/sport\/jo_2024\/4109918-20240913-jo-2024-veil-michel-statues-10-femmes-or-ceremonie-ouverture-exposees-assemblee-nationale?at_medium=RSS%20feed&amp;at_campaign=ynews&amp;utm_source=yahoo&amp;utm_medium=rss&amp;utm_campaign=news_feed&amp;utm_content=related_content_link\" rel=\"nofollow noopener\" target=\"_blank\" data-ylk=\"slk:JO 2024 : Veil, Michel\u2026 Les statues des \u00ab 10 femmes en or \u00bb de la c\u00e9r\u00e9monie d\u2019ouverture expos\u00e9es \u00e0 l\u2019Assembl\u00e9e nationale;elm:context_link;itc:0;sec:content-canvas\" class=\"link \">JO 2024 : Veil, Michel\u2026 Les statues des \u00ab 10 femmes en or \u00bb de la c\u00e9r\u00e9monie d\u2019ouverture expos\u00e9es \u00e0 l\u2019Assembl\u00e9e nationale<\/a><br \/><a href=\"https:\/\/www.20minutes.fr\/by-the-web\/4026392-20230304-snapchat-simone-veil-josephine-baker-statues-3d-journee-droits-femmes?at_medium=RSS%20feed&amp;at_campaign=ynews&amp;utm_source=yahoo&amp;utm_medium=rss&amp;utm_campaign=news_feed&amp;utm_content=related_content_link\" rel=\"nofollow noopener\" target=\"_blank\" data-ylk=\"slk:Snapchat : Simone Veil, Jos\u00e9phine Baker\u2026 Des statues en 3D pour la Journ\u00e9e des droits des femmes;elm:context_link;itc:0;sec:content-canvas\" class=\"link \">Snapchat : Simone Veil, Jos\u00e9phine Baker\u2026 Des statues en 3D pour la Journ\u00e9e des droits des femmes<\/a><\/p>\n","protected":false},"excerpt":{"rendered":"H\u00e9ritage &#8211; Les statues dor\u00e9es qui faisaient partie de la c\u00e9r\u00e9monie d\u2019ouverture des Jeux olympiques 2024 seront install\u00e9es&hellip;\n","protected":false},"author":2,"featured_media":257197,"comment_status":"","ping_status":"","sticky":false,"template":"","format":"standard","meta":{"footnotes":""},"categories":[1888],"tags":[1111,1928,11,1927,14332,39711,1777,674,1011,27,39708,21405,12,1926,626,1925,25,39709,39710,23619],"class_list":{"0":"post-257196","1":"post","2":"type-post","3":"status-publish","4":"format-standard","5":"has-post-thumbnail","7":"category-paris","8":"tag-actu","9":"tag-actu-paris","10":"tag-actualites","11":"tag-actualites-paris","12":"tag-ceremonie-douverture","13":"tag-christine-de-pizan","14":"tag-eu","15":"tag-europe","16":"tag-fr","17":"tag-france","18":"tag-gisele-halimi","19":"tag-jeux-olympiques-de-paris","20":"tag-news","21":"tag-news-paris","22":"tag-paris","23":"tag-paris-news","24":"tag-republique-francaise","25":"tag-rue-de-la-chapelle","26":"tag-simone-veil","27":"tag-statues"},"share_on_mastodon":{"url":"https:\/\/pubeurope.com\/@fr\/114876108205007982","error":""},"_links":{"self":[{"href":"https:\/\/www.europesays.com\/fr\/wp-json\/wp\/v2\/posts\/257196","targetHints":{"allow":["GET"]}}],"collection":[{"href":"https:\/\/www.europesays.com\/fr\/wp-json\/wp\/v2\/posts"}],"about":[{"href":"https:\/\/www.europesays.com\/fr\/wp-json\/wp\/v2\/types\/post"}],"author":[{"embeddable":true,"href":"https:\/\/www.europesays.com\/fr\/wp-json\/wp\/v2\/users\/2"}],"replies":[{"embeddable":true,"href":"https:\/\/www.europesays.com\/fr\/wp-json\/wp\/v2\/comments?post=257196"}],"version-history":[{"count":0,"href":"https:\/\/www.europesays.com\/fr\/wp-json\/wp\/v2\/posts\/257196\/revisions"}],"wp:featuredmedia":[{"embeddable":true,"href":"https:\/\/www.europesays.com\/fr\/wp-json\/wp\/v2\/media\/257197"}],"wp:attachment":[{"href":"https:\/\/www.europesays.com\/fr\/wp-json\/wp\/v2\/media?parent=257196"}],"wp:term":[{"taxonomy":"category","embeddable":true,"href":"https:\/\/www.europesays.com\/fr\/wp-json\/wp\/v2\/categories?post=257196"},{"taxonomy":"post_tag","embeddable":true,"href":"https:\/\/www.europesays.com\/fr\/wp-json\/wp\/v2\/tags?post=257196"}],"curies":[{"name":"wp","href":"https:\/\/api.w.org\/{rel}","templated":true}]}}