{"id":257200,"date":"2025-07-18T20:25:15","date_gmt":"2025-07-18T20:25:15","guid":{"rendered":"https:\/\/www.europesays.com\/fr\/257200\/"},"modified":"2025-07-18T20:25:15","modified_gmt":"2025-07-18T20:25:15","slug":"un-homme-de-19-ans-condamne-pour-avoir-arrache-violemment-le-collier-dune-femme-de-91-ans-le-rer-b","status":"publish","type":"post","link":"https:\/\/www.europesays.com\/fr\/257200\/","title":{"rendered":"un homme de 19 ans condamn\u00e9 pour avoir arrach\u00e9 violemment le collier d\u2019une femme de 91 ans le RER B"},"content":{"rendered":"<p>T\u00e9moins de la sc\u00e8ne, plusieurs passagers se lancent \u00e0 la poursuite des voleurs. L\u2019un d\u2019eux est rapidement intercept\u00e9, tandis que l\u2019autre, un mineur de 17 ans, finira par se rendre \u00e0 la police.<\/p>\n<p class=\"fig-paragraph\">Un nouvel exemple de la recrudescence\u00a0<a href=\"http:\/\/www.lefigaro.fr\/conjoncture\/violence-nervosite-etat-depressif-quand-les-transports-sapent-le-moral-des-francais-20250428\" target=\"_blank\" data-fig-type=\"NewsFlash\" rel=\"noopener nofollow\" data-gtm-custom-categorie=\"navigation\" data-gtm-custom-action=\"crossclick\" data-gtm-custom-label=\"Contextuel\" data-gtm-event=\"customEventSPE\" data-fig-domain=\"LEFIGARO\">des violences dans les transports en commun franciliens<\/a>. Le tribunal correctionnel de Paris a condamn\u00e9 mardi un homme de 19 ans \u00e0 un an de prison, dont six mois avec sursis probatoire, pour avoir arrach\u00e9 le collier d\u2019une femme de 91 ans\u00a0<a href=\"http:\/\/www.lefigaro.fr\/flash-eco\/rer-b-l-amelioration-graduelle-de-la-ponctualite-se-confirme-20250708\" target=\"_blank\" data-fig-type=\"NewsFlash\" rel=\"noopener nofollow\" data-gtm-custom-categorie=\"navigation\" data-gtm-custom-action=\"crossclick\" data-gtm-custom-label=\"Contextuel\" data-gtm-event=\"customEventSPE\" data-fig-domain=\"LEFIGARO\">dans le RER B<\/a>, sous les yeux de passagers. La condamnation comporte \u00e9galement des obligations de soins et d\u2019indemniser la victime \u00e0 hauteur de 1500 euros au titre du pr\u00e9judice moral.<\/p>\n<p class=\"fig-paragraph\">Les faits se sont produits deux jours plus t\u00f4t, le dimanche 13 juillet, comme le r\u00e9v\u00e8le\u00a0<a href=\"https:\/\/www.leparisien.fr\/faits-divers\/paris-une-femme-de-91-ans-victime-dun-vol-a-larrache-dans-le-rer-b-lun-des-malfrats-rattrape-par-les-passagers-18-07-2025-GXZ7GUYZRFFZBBMKFIXYPWUFRE.php\" target=\"_blank\" rel=\"sponsored noopener nofollow\" data-gtm-custom-categorie=\"navigation\" data-gtm-custom-action=\"crossclick\" data-gtm-custom-label=\"Contextuel\" data-gtm-event=\"customEventSPE\">Le Parisien<\/a> . Selon le r\u00e9cit fait lors de l\u2019audience, deux complices jouent un r\u00f4le bien d\u00e9fini \u00e0 l\u2019arr\u00eat d\u2019un train\u00a0: l\u2019un bloque les portes d\u2019une voiture, l\u2019autre en profite pour arracher violemment le collier d\u2019une femme de 91 ans assise dos \u00e0 l\u2019entr\u00e9e. Mais le fermoir de la passag\u00e8re r\u00e9siste dans un premier temps, et la victime est bri\u00e8vement \u00e9trangl\u00e9e. Les pendentifs se d\u00e9robent et les deux voleurs s\u2019enfuient.<\/p>\n<p>                                    <a class=\"fig-a11y-skip a11y-hidden\" href=\"#fig-a11y-skip-main-inarticle\"><br \/>\n        Passer la publicit\u00e9<br \/>\n    <\/a><\/p>\n<p class=\"fig-paragraph\">T\u00e9moins de la sc\u00e8ne violente, plusieurs passagers se lancent \u00e0 leur poursuite. L\u2019un des deux est rattrap\u00e9 dans les escaliers du m\u00e9tro. L\u2019autre, contact\u00e9 par t\u00e9l\u00e9phone par son complice, se livre \u00e0 la police. Les deux hommes sont respectivement \u00e2g\u00e9s de 17 et 19 ans. Au surlendemain de l\u2019agression, en comparution imm\u00e9diate, les deux hommes ont \u00e9t\u00e9 confront\u00e9s \u00e0 deux photos de la nonag\u00e9naire, avec les stigmates de l\u2019agression.<\/p>\n<p>\u00abLa peur dans les transports, la peur dans la rue\u00bb<\/p>\n<p class=\"fig-paragraph\">La victime, absente \u00e0 l\u2019audience, a transmis un t\u00e9moignage \u00e9crit dans lequel elle \u00e9voque la peur qui la tenaille d\u00e9sormais \u00e0 l\u2019id\u00e9e de sortir seule. \u00abLa peur le soir et la nuit, la peur dans les transports, la peur dans la rue\u00bb, lit la pr\u00e9sidente, en tenant la lettre de la victime, absente \u00e0 l\u2019audience et qui n\u2019a pas souhait\u00e9 prendre d\u2019avocat.<\/p>\n<p class=\"fig-paragraph\">En face, les deux jeunes pr\u00e9venus n\u2019en m\u00e8nent pas large. Le majeur, nomm\u00e9 Adam, originaire d\u2019Alg\u00e9rie et arriv\u00e9 l\u00e9galement en France il y a deux ans avec visa et l\u2019\u00e9quivalent du bac en poche, affirme avoir agi sous l\u2019effet\u00a0<a href=\"http:\/\/www.lefigaro.fr\/actualite-france\/rivotril-tramadol-subutex-plongee-au-coeur-du-trafic-des-medicaments-psychotropes-20211103\" target=\"_blank\" data-fig-type=\"Article\" rel=\"noopener nofollow\" data-gtm-custom-categorie=\"navigation\" data-gtm-custom-action=\"crossclick\" data-gtm-custom-label=\"Contextuel\" data-gtm-event=\"customEventSPE\" data-fig-domain=\"LEFIGARO\">du Rivotril, un anxiolytique<\/a>\u00a0d\u00e9tourn\u00e9 de son usage m\u00e9dical pour les mineurs non accompagn\u00e9s.<\/p>\n<p class=\"fig-paragraph\">Depuis son arriv\u00e9e sur le sol fran\u00e7ais, il suit une formation en alternance dans l\u2019ouest du pays et dort sur les chantiers de son employeur. Avec son casier vierge jusqu\u2019ici, il per\u00e7oit moins de 200 euros par mois apr\u00e8s avoir pay\u00e9 son loyer et envoy\u00e9 de l\u2019argent \u00e0 sa m\u00e8re, malade, tandis que son p\u00e8re est d\u00e9c\u00e9d\u00e9. \u00abJ\u2019ai tr\u00e8s peur de l\u2019incarc\u00e9ration, je pr\u00e9f\u00e8re retourner en Alg\u00e9rie\u00bb, a-t-il lanc\u00e9 \u00e0 la cour, assurant avoir eu \u00abpeur\u00bb du mineur qui sera jug\u00e9 par le tribunal pour enfant, selon Le Parisien.<\/p>\n","protected":false},"excerpt":{"rendered":"T\u00e9moins de la sc\u00e8ne, plusieurs passagers se lancent \u00e0 la poursuite des voleurs. L\u2019un d\u2019eux est rapidement intercept\u00e9,&hellip;\n","protected":false},"author":2,"featured_media":257201,"comment_status":"","ping_status":"","sticky":false,"template":"","format":"standard","meta":{"footnotes":""},"categories":[1888],"tags":[11,1777,674,1011,27,12,626,25,17235,1175],"class_list":{"0":"post-257200","1":"post","2":"type-post","3":"status-publish","4":"format-standard","5":"has-post-thumbnail","7":"category-paris","8":"tag-actualites","9":"tag-eu","10":"tag-europe","11":"tag-fr","12":"tag-france","13":"tag-news","14":"tag-paris","15":"tag-republique-francaise","16":"tag-rer-b","17":"tag-vol"},"share_on_mastodon":{"url":"https:\/\/pubeurope.com\/@fr\/114876116126932775","error":""},"_links":{"self":[{"href":"https:\/\/www.europesays.com\/fr\/wp-json\/wp\/v2\/posts\/257200","targetHints":{"allow":["GET"]}}],"collection":[{"href":"https:\/\/www.europesays.com\/fr\/wp-json\/wp\/v2\/posts"}],"about":[{"href":"https:\/\/www.europesays.com\/fr\/wp-json\/wp\/v2\/types\/post"}],"author":[{"embeddable":true,"href":"https:\/\/www.europesays.com\/fr\/wp-json\/wp\/v2\/users\/2"}],"replies":[{"embeddable":true,"href":"https:\/\/www.europesays.com\/fr\/wp-json\/wp\/v2\/comments?post=257200"}],"version-history":[{"count":0,"href":"https:\/\/www.europesays.com\/fr\/wp-json\/wp\/v2\/posts\/257200\/revisions"}],"wp:featuredmedia":[{"embeddable":true,"href":"https:\/\/www.europesays.com\/fr\/wp-json\/wp\/v2\/media\/257201"}],"wp:attachment":[{"href":"https:\/\/www.europesays.com\/fr\/wp-json\/wp\/v2\/media?parent=257200"}],"wp:term":[{"taxonomy":"category","embeddable":true,"href":"https:\/\/www.europesays.com\/fr\/wp-json\/wp\/v2\/categories?post=257200"},{"taxonomy":"post_tag","embeddable":true,"href":"https:\/\/www.europesays.com\/fr\/wp-json\/wp\/v2\/tags?post=257200"}],"curies":[{"name":"wp","href":"https:\/\/api.w.org\/{rel}","templated":true}]}}