{"id":257202,"date":"2025-07-18T20:26:15","date_gmt":"2025-07-18T20:26:15","guid":{"rendered":"https:\/\/www.europesays.com\/fr\/257202\/"},"modified":"2025-07-18T20:26:15","modified_gmt":"2025-07-18T20:26:15","slug":"guerre-en-ukraine-whatsapp-risque-de-disparaitre-de-russie","status":"publish","type":"post","link":"https:\/\/www.europesays.com\/fr\/257202\/","title":{"rendered":"Guerre en Ukraine\u00a0: WhatsApp risque de dispara\u00eetre de Russie"},"content":{"rendered":"<p>La commission s\u2019est r\u00e9unie \u00e0 la demande <a href=\"https:\/\/www.rtbf.be\/article\/poutine-veut-juste-continuer-de-tuer-des-gens-dit-trump-qui-a-aussi-eu-un-appel-strategique-avec-zelensky-11572076\" target=\"_blank\" rel=\"nofollow noopener\">du pr\u00e9sident russe Vladimir Poutine<\/a> pour \u00e9laborer des propositions sur l\u2019utilisation de programmes provenant de \u00ab\u00a0pays inamicaux\u00a0\u00bb.<\/p>\n<p>La liste des \u00ab\u00a0pays inamicaux\u00a0\u00bb comprend les \u00c9tats-Unis et tous les \u00c9tats membres de l\u2019Union europ\u00e9enne.<\/p>\n<p>L\u2019interdiction des logiciels provenant de ces pays est une mesure suppl\u00e9mentaire qui <a href=\"https:\/\/www.rtbf.be\/article\/nouvelle-ligne-rouge-franchie-pour-la-liberte-de-la-presse-la-situation-devient-difficile-a-l-echelle-du-monde-la-belgique-perd-deux-places-au-classement-11541272\" target=\"_blank\" rel=\"nofollow noopener\">restreint encore davantage la libert\u00e9 en ligne des Russes.<\/a><\/p>\n<p>Depuis l\u2019invasion de l\u2019Ukraine au d\u00e9but de l\u2019ann\u00e9e\u00a02022, la Russie a consid\u00e9rablement renforc\u00e9 la censure et le contr\u00f4le de l\u2019internet. En juin, la Douma d\u2019\u00c9tat, le parlement russe, a lanc\u00e9 un plan visant \u00e0 commercialiser son propre programme de chat. Ce programme inclurait certains services gouvernementaux.<\/p>\n<p>Hier\/jeudi, la Douma a approuv\u00e9 une loi qui p\u00e9naliserait la recherche de contenus \u00ab\u00a0extr\u00eames\u00a0\u00bb sur internet. Le terme \u00ab\u00a0extr\u00eame\u00a0\u00bb inclut les opposants politiques ultra-nationalistes et le mouvement LGBT. La m\u00eame loi criminalise \u00e9galement l\u2019utilisation de connexions VPN et le changement de carte SIM.<\/p>\n<p>Les amendes vont de\u00a05000 roubles (environ 55\u00a0euros) \u00e0 550.000 roubles (environ 5500\u00a0euros).<\/p>\n<p><a href=\"https:\/\/www.rtbf.be\/article\/meta-la-maison-mere-de-facebook-investit-dans-la-start-up-d-intelligence-artificielle-scale-ai-valorisee-29-milliards-de-dollars-11561115\" target=\"_blank\" rel=\"nofollow noopener\">Meta, la soci\u00e9t\u00e9 m\u00e8re de Facebook, Instagram et Whatsapp<\/a>, rel\u00e8ve \u00e9galement de la classification \u00ab\u00a0extr\u00eame\u00a0\u00bb car elle serait critique \u00e0 l\u2019\u00e9gard du Kremlin. De nombreux autres sites web, y compris ceux des m\u00e9dias occidentaux, \u00e9taient d\u00e9j\u00e0 bloqu\u00e9s et ne peuvent \u00eatre ouverts sans une connexion VPN.<\/p>\n","protected":false},"excerpt":{"rendered":"La commission s\u2019est r\u00e9unie \u00e0 la demande du pr\u00e9sident russe Vladimir Poutine pour \u00e9laborer des propositions sur l\u2019utilisation&hellip;\n","protected":false},"author":2,"featured_media":257203,"comment_status":"","ping_status":"","sticky":false,"template":"","format":"standard","meta":{"footnotes":""},"categories":[1591],"tags":[11,1887,12,1885,1886,132],"class_list":{"0":"post-257202","1":"post","2":"type-post","3":"status-publish","4":"format-standard","5":"has-post-thumbnail","7":"category-russie","8":"tag-actualites","9":"tag-federation-de-russie","10":"tag-news","11":"tag-russia","12":"tag-russian-federation","13":"tag-russie"},"share_on_mastodon":{"url":"https:\/\/pubeurope.com\/@fr\/114876120101752581","error":""},"_links":{"self":[{"href":"https:\/\/www.europesays.com\/fr\/wp-json\/wp\/v2\/posts\/257202","targetHints":{"allow":["GET"]}}],"collection":[{"href":"https:\/\/www.europesays.com\/fr\/wp-json\/wp\/v2\/posts"}],"about":[{"href":"https:\/\/www.europesays.com\/fr\/wp-json\/wp\/v2\/types\/post"}],"author":[{"embeddable":true,"href":"https:\/\/www.europesays.com\/fr\/wp-json\/wp\/v2\/users\/2"}],"replies":[{"embeddable":true,"href":"https:\/\/www.europesays.com\/fr\/wp-json\/wp\/v2\/comments?post=257202"}],"version-history":[{"count":0,"href":"https:\/\/www.europesays.com\/fr\/wp-json\/wp\/v2\/posts\/257202\/revisions"}],"wp:featuredmedia":[{"embeddable":true,"href":"https:\/\/www.europesays.com\/fr\/wp-json\/wp\/v2\/media\/257203"}],"wp:attachment":[{"href":"https:\/\/www.europesays.com\/fr\/wp-json\/wp\/v2\/media?parent=257202"}],"wp:term":[{"taxonomy":"category","embeddable":true,"href":"https:\/\/www.europesays.com\/fr\/wp-json\/wp\/v2\/categories?post=257202"},{"taxonomy":"post_tag","embeddable":true,"href":"https:\/\/www.europesays.com\/fr\/wp-json\/wp\/v2\/tags?post=257202"}],"curies":[{"name":"wp","href":"https:\/\/api.w.org\/{rel}","templated":true}]}}