{"id":257204,"date":"2025-07-18T20:27:20","date_gmt":"2025-07-18T20:27:20","guid":{"rendered":"https:\/\/www.europesays.com\/fr\/257204\/"},"modified":"2025-07-18T20:27:20","modified_gmt":"2025-07-18T20:27:20","slug":"en-direct-defense-de-lukraine-zelensky-salue-une-conversation-tres-approfondie-avec-macron","status":"publish","type":"post","link":"https:\/\/www.europesays.com\/fr\/257204\/","title":{"rendered":"EN DIRECT &#8211; D\u00e9fense de l&rsquo;Ukraine : Zelensky salue une \u00ab\u00a0conversation tr\u00e8s approfondie\u00a0\u00bb avec Macron"},"content":{"rendered":"<ul class=\"jsx-862013697 ArticleChapo__List\">\n<li class=\"jsx-862013697 ArticleChapo__List_Item flex\">Ce vendredi, Volodymyr Zelensky s&rsquo;est f\u00e9licit\u00e9 de la \u00ab\u00a0conversation tr\u00e8s approfondie\u00a0\u00bb avec Emmanuel Macron, portant sur \u00ab\u00a0les besoins urgents de l&rsquo;Ukraine en mati\u00e8re de d\u00e9fense\u00a0\u00bb.<\/li>\n<li class=\"jsx-862013697 ArticleChapo__List_Item flex\">Suivez les derni\u00e8res informations sur le conflit.<\/li>\n<\/ul>\n<p>Les \u00e9l\u00e9ments marquantsENTRETIEN \u00ab\u00a0APPROFONDI\u00a0\u00bb MACRON-ZELENSKY12:23<\/p>\n<p>Volodymyr Zelensky se f\u00e9licite <a href=\"https:\/\/twitter.com\/ZelenskyyUa\/status\/1946145633624084969\" target=\"_blank\" rel=\"noopener\">sur X (nouvelle fen\u00eatre)<\/a> de la \u00ab\u00a0conversation tr\u00e8s approfondie\u00a0\u00bb avec Emmanuel Macron, portant sur \u00ab\u00a0les besoins urgents de l&rsquo;Ukraine en mati\u00e8re de d\u00e9fense\u00a0\u00bb.\u00a0<\/p>\n<p>Selon le pr\u00e9sident ukrainien, il a notamment \u00e9t\u00e9 question, apr\u00e8s l&rsquo;adoption du nouveau <a href=\"https:\/\/www.tf1info.fr\/international\/guerre-ukraine-russie-union-europeenne-l-ue-adopte-un-18-paquet-de-sanctions-contre-la-russie-la-france-se-felicite-d-une-decision-sans-precedent-2383629.html\" target=\"_blank\" rel=\"noopener\">paquet de sanctions europ\u00e9ennes<\/a> contre la Russie, de \u00ab\u00a0la fourniture de missiles pour les syst\u00e8mes SAMP\/T (syst\u00e8me sol-air moyenne port\u00e9e, NDLR) et du financement de drones intercepteurs\u00a0\u00bb. En outre, le dirigeant salue un accord sur la formation des pilotes de Mirage, affirmant que \u00ab\u00a0la France est pr\u00eate \u00e0 former des pilotes suppl\u00e9mentaires sur des appareils suppl\u00e9mentaires\u00a0\u00bb.\u00a0<\/p>\n<p>Minute par minuteLONDRES SANCTIONNERA COMME L&rsquo;UE19:20<\/p>\n<p>Le Royaume-Uni annonce se joindre aux nouvelles sanctions contre le p\u00e9trole russe rendues publiques dans la matin\u00e9e par l&rsquo;Union europ\u00e9enne qui pr\u00e9voient d&rsquo;abaisser le plafond du prix du p\u00e9trole russe export\u00e9.<\/p>\n<p>\u00ab\u00a0Nous frappons le coeur du secteur \u00e9nerg\u00e9tique russe aux c\u00f4t\u00e9s de l&rsquo;UE\u00a0\u00bb, d\u00e9clare le chef de la diplomatie David Lammy dans un communiqu\u00e9. \u00ab\u00a0Ensemble, nous continuerons d&rsquo;exercer une pression incessante sur Poutine, en asphyxiant son industrie p\u00e9troli\u00e8re strat\u00e9gique et en coupant le financement de sa guerre ill\u00e9gale en Ukraine.\u00a0\u00bb<\/p>\n<p>\u00ab\u00a0ESPIONS\u00a0\u00bb14:12<\/p>\n<p>Le minist\u00e8re des Affaires \u00e9trang\u00e8res britannique a annonc\u00e9 ce vendredi imposer des sanctions \u00e0 18 \u00ab\u00a0espions\u00a0\u00bb et trois unit\u00e9s du renseignement militaire russe, accus\u00e9s \u00ab\u00a0d&rsquo;avoir men\u00e9 une campagne malveillante en ligne sur plusieurs ann\u00e9es\u00a0\u00bb.<\/p>\n<p>\u00ab\u00a0Les espions du GRU (le renseignement militaire russe) m\u00e8nent une campagne visant \u00e0 d\u00e9stabiliser l&rsquo;Europe, \u00e0 saper la souverainet\u00e9 de l&rsquo;Ukraine et \u00e0 menacer la s\u00e9curit\u00e9 des citoyens britanniques\u00a0\u00bb, a d\u00e9clar\u00e9 le chef de la diplomatie britannique David Lammy, cit\u00e9 dans un communiqu\u00e9. \u00ab\u00a0Le soutien du Royaume-Uni et de ses alli\u00e9s \u00e0 l&rsquo;Ukraine et \u00e0 la s\u00e9curit\u00e9 de l&rsquo;Europe est in\u00e9branlable.\u00a0\u00bb<\/p>\n<p>ENTRETIEN \u00ab\u00a0APPROFONDI\u00a0\u00bb MACRON-ZELENSKY12:23<\/p>\n<p>Volodymyr Zelensky se f\u00e9licite <a href=\"https:\/\/twitter.com\/ZelenskyyUa\/status\/1946145633624084969\" target=\"_blank\" rel=\"noopener\">sur X (nouvelle fen\u00eatre)<\/a> de la \u00ab\u00a0conversation tr\u00e8s approfondie\u00a0\u00bb avec Emmanuel Macron, portant sur \u00ab\u00a0les besoins urgents de l&rsquo;Ukraine en mati\u00e8re de d\u00e9fense\u00a0\u00bb.\u00a0<\/p>\n<p>Selon le pr\u00e9sident ukrainien, il a notamment \u00e9t\u00e9 question, apr\u00e8s l&rsquo;adoption du nouveau <a href=\"https:\/\/www.tf1info.fr\/international\/guerre-ukraine-russie-union-europeenne-l-ue-adopte-un-18-paquet-de-sanctions-contre-la-russie-la-france-se-felicite-d-une-decision-sans-precedent-2383629.html\" target=\"_blank\" rel=\"noopener\">paquet de sanctions europ\u00e9ennes<\/a> contre la Russie, de \u00ab\u00a0la fourniture de missiles pour les syst\u00e8mes SAMP\/T (syst\u00e8me sol-air moyenne port\u00e9e, NDLR) et du financement de drones intercepteurs\u00a0\u00bb. En outre, le dirigeant salue un accord sur la formation des pilotes de Mirage, affirmant que \u00ab\u00a0la France est pr\u00eate \u00e0 former des pilotes suppl\u00e9mentaires sur des appareils suppl\u00e9mentaires\u00a0\u00bb.\u00a0<\/p>\n<p>R\u00c9ACTION DE LA RUSSIE11:50<\/p>\n<p>La Russie fera en sorte de \u00ab\u00a0minimiser\u00a0\u00bb les cons\u00e9quences des nouvelles sanctions europ\u00e9ennes, affirme le Kremlin. \u00ab\u00a0Il faudra bien s\u00fbr analyser le nouveau paquet (de sanctions, NDLR) afin d&rsquo;en minimiser les cons\u00e9quences\u00a0\u00bb, a r\u00e9agi son porte-parole, Dmitri Peskov. \u00ab\u00a0Mais, en plus de cela, chaque nouveau paquet ajoute un effet n\u00e9gatif pour les pays qui s&rsquo;y joignent.\u00a0\u00bb<\/p>\n<p>ATTAQUES RUSSES11:10<\/p>\n<p>Des frappes russes ont fait au moins six morts dans plusieurs r\u00e9gions ukrainiennes dans la nuit de jeudi \u00e0 vendredi, ont indiqu\u00e9 les autorit\u00e9s du pays. D&rsquo;apr\u00e8s l&rsquo;arm\u00e9e de l&rsquo;air ukrainienne, cette nouvelle salve s&rsquo;est concentr\u00e9e sur \u00ab\u00a0les territoires du front dans l&rsquo;est du pays\u00a0\u00bb, avec notamment 35 drones explosifs de type Shahed, de conception iranienne, dont 11 ont \u00e9t\u00e9 intercept\u00e9s.<\/p>\n<p>ENTRETIEN MACRON-ZELENSKY11:05<\/p>\n<p>Le pr\u00e9sident de la R\u00e9publique Emmanuel Macron s&rsquo;est entretenu avec son homologue ukrainien Volodymyr Zelensky. \u00ab\u00a0Tous ensemble, nous intensifions la pression sur la Russie pour obtenir un cessez-le-feu inconditionnel et l&rsquo;ouverture de n\u00e9gociations en vue d&rsquo;une paix solide et durable\u00a0\u00bb, a \u00e9crit le chef de l&rsquo;\u00c9tat sur X. \u00ab\u00a0Je salue \u00e0 cet \u00e9gard l&rsquo;adoption ce matin par l&rsquo;Union europ\u00e9enne d&rsquo;un nouveau paquet de sanctions sans pr\u00e9c\u00e9dent contre la Russie. Les attaques russes doivent cesser imm\u00e9diatement.\u00a0\u00bb<\/p>\n<blockquote data-testid=\"EmbedTwitter\" id=\"tweet-1946134093898604938-:R1pj4qqb6ij9n79m:\" class=\"jsx-aeff1a1c40f54d7a twitter-tweet flex justify-center items-center\"><p>Je viens de m\u2019entretenir \u00e0 l\u2019instant avec le Pr\u00e9sident  @ZelenskyyUa . Il est plus que jamais n\u00e9cessaire de rappeler que la s\u00e9curit\u00e9, la libert\u00e9 et l\u2019avenir de l\u2019Europe sont \u00e9troitement li\u00e9s au destin de l\u2019Ukraine. C\u2019est pourquoi,\u2026 \u2014 Emmanuel Macron (@EmmanuelMacron)  July 18, 2025<\/p><\/blockquote>\n<p>LA PRESSION CONTRE LA RUSSE \u00ab\u00a0MAINTENUE\u00a0\u00bb10:25<\/p>\n<p>Les nouvelles sanctions de l&rsquo;UE \u00ab\u00a0maintiennent la pression contre la Russie\u00a0\u00bb, salue le chancelier allemand Friedrich Merz. \u00ab\u00a0C&rsquo;est une bonne chose que nous nous soyons mis d&rsquo;accord au sein de l&rsquo;UE sur le 18\u1d49 paquet de sanctions contre la Russie (&#8230;) Cela affaiblit les possibilit\u00e9s de la Russie de continuer \u00e0 financer la guerre contre l&rsquo;Ukraine.\u00a0\u00bb<\/p>\n<p>DES SANCTIONS \u00ab\u00a0AU BON MOMENT\u00a0\u00bb10:15<\/p>\n<p>Le pr\u00e9sident ukrainien Volodymyr Zelensky salue les nouvelles sanctions europ\u00e9ennes contre Moscou qui arrivent \u00ab\u00a0au bon moment\u00a0\u00bb. \u00ab\u00a0Cette d\u00e9cision est essentielle, en particulier \u00e0 l&rsquo;heure actuelle, o\u00f9 la Russie intensifie la brutalit\u00e9 des frappes contre nos villes et nos villages\u00a0\u00bb, a-t-il \u00e9crit sur X.<\/p>\n<blockquote data-testid=\"EmbedTwitter\" id=\"tweet-1946119027098579317-:R1pk4qqb6ij9n79m:\" class=\"jsx-aeff1a1c40f54d7a twitter-tweet flex justify-center items-center\"><p>A decision by the European Union that we all worked for together. We managed to strengthen the 18th package of sanctions against Russia for this war, and today the package has been approved. I thank everyone who contributed to this.  I would especially like to recognize European\u2026 \u2014 Volodymyr Zelenskyy \/ \u0412\u043e\u043b\u043e\u0434\u0438\u043c\u0438\u0440 \u0417\u0435\u043b\u0435\u043d\u0441\u044c\u043a\u0438\u0439 (@ZelenskyyUa)  July 18, 2025<\/p><\/blockquote>\n<p>SANCTIONS10:05<\/p>\n<p>Bruxelles a conclu un nouveau paquet de sanctions contre la Russie ce vendredi. Paris se f\u00e9licite d&rsquo;avoir jou\u00e9 \u00ab\u00a0un r\u00f4le d\u00e9cisif\u00a0\u00bb. Au c\u0153ur des discussions, l&rsquo;abaissement du seuil du prix du p\u00e9trole russe.<\/p>\n<p>International<img decoding=\"async\" src=\"https:\/\/www.europesays.com\/fr\/wp-content\/uploads\/2025\/07\/drapeau-union-europeenne-ukraine-c8b5af-0@1x.jpeg\" alt=\"L'UE adopte un 18\u1d49 paquet de sanctions contre la Russie, la France salue une d\u00e9cision &quot;sans pr\u00e9c\u00e9dent&quot;\" loading=\"lazy\" importance=\"low\" fetchpriority=\"low\" class=\"\" aria-hidden=\"true\"\/>Publi\u00e9 aujourd&rsquo;hui \u00e0 9h58&Prime;SANS PR\u00c9C\u00c9DENT\u00a0\u00bb08:53<\/p>\n<p>Dans un message post\u00e9 sur X, le ministre de l&rsquo;Europe et des Affaires \u00e9trang\u00e8res Jean-No\u00ebl Barrot s&rsquo;est f\u00e9licit\u00e9 de sanctions \u00ab\u00a0sans pr\u00e9c\u00e9dent\u00a0\u00bb contre la Russie, pr\u00e9cisant que Paris avait jou\u00e9 un \u00ab\u00a0r\u00f4le d\u00e9cisif\u00a0\u00bb.\u00a0<\/p>\n<blockquote data-testid=\"EmbedTwitter\" id=\"tweet-1946092191773839588-:R1pl4qqb6ij9n79m:\" class=\"jsx-aeff1a1c40f54d7a twitter-tweet flex justify-center items-center\"><p>C\u2019est fait ! Nous, Europ\u00e9ens, adoptons ce matin des sanctions sans pr\u00e9c\u00e9dent contre la Russie et les pays qui la soutiennent. La France a jou\u00e9 un r\u00f4le d\u00e9cisif. Avec les \u00c9tats-Unis, nous contraindrons Vladimir Poutine \u00e0 un cessez-le-feu. \u2193  https:\/\/t.co\/fgjcgeqCJ5 \u2014 Jean-No\u00ebl Barrot (@jnbarrot)  July 18, 2025<\/p><\/blockquote>\n<p>SANCTIONS ENVERS LA RUSSIE08:14<\/p>\n<p>L&rsquo;UE a adopt\u00e9 vendredi un 18e paquet de sanctions contre la Russie en guerre contre l&rsquo;Ukraine, qui pr\u00e9voit un abaissement du prix du p\u00e9trole russe autoris\u00e9 \u00e0 l&rsquo;exportation, a-t-on appris de sources diplomatiques. \u00ab\u00a0Nous avons maintenant un accord sur un 18e paquet de sanctions fort et efficace contre la Russie\u00a0\u00bb, a assur\u00e9 un diplomate \u00e0 Bruxelles \u00e0 l&rsquo;issue d&rsquo;une r\u00e9union des ambassadeurs de l&rsquo;Union europ\u00e9enne vendredi matin.<\/p>\n<p>La Slovaquie, qui bloquait jusqu&rsquo;\u00e0 pr\u00e9sent l&rsquo;adoption de ce nouveau paquet de sanctions, le 18\u1d49 depuis l&rsquo;invasion russe de l&rsquo;Ukraine en f\u00e9vrier 2022, a finalement accept\u00e9 de lever son veto apr\u00e8s avoir re\u00e7u des garanties.<\/p>\n<p>UN PARTENARIAT \u00ab\u00a0GAGNANT-GAGNANT\u00a0\u00bb06:30<\/p>\n<p>Le pr\u00e9sident ukrainien a assur\u00e9 au \u00ab\u00a0New York Post\u00a0\u00bb travailler avec Donald Trump \u00e0 un partenariat \u00ab\u00a0gagnant-gagnant\u00a0\u00bb, pr\u00e9voyant l&rsquo;achat de drones ukrainiens par Washington. En \u00e9change, Kiev s&rsquo;engagerait \u00e0 partager son exp\u00e9rience de combat avec ces \u00e9quipements et ach\u00e8terait des armes am\u00e9ricaines.<\/p>\n<p>International<img decoding=\"async\" src=\"https:\/\/www.europesays.com\/fr\/wp-content\/uploads\/2025\/07\/zelensky-trump-collage-c53828-0@1x.jpeg\" alt=\"Kiev et Washington envisagent un &quot;m\u00e9ga deal&quot; sur les drones ukrainiens, affirme Zelensky\" loading=\"lazy\" importance=\"low\" fetchpriority=\"low\" class=\"\" aria-hidden=\"true\"\/>\u00ab\u00a0LES CHOSES AVANCENT TR\u00c8S RAPIDEMENT\u00a0\u00bb06:28<\/p>\n<p>Les \u00c9tats-Unis s&rsquo;efforcent de fournir tr\u00e8s rapidement des armes \u00e0 l&rsquo;Ukraine dans le cadre du plan pr\u00e9sent\u00e9 lundi par Donald Trump, et envisagent de vendre des syst\u00e8mes de d\u00e9fense a\u00e9rienne Patriot provenant de leurs propres stocks, a d\u00e9clar\u00e9 jeudi l&rsquo;envoy\u00e9 de Washington aupr\u00e8s de l&rsquo;Otan.<\/p>\n<p>\u00ab\u00a0Je pense que les choses avancent en fait tr\u00e8s rapidement\u00a0\u00bb, a d\u00e9clar\u00e9 Matthew Whitaker, ambassadeur des \u00c9tats-Unis aupr\u00e8s de l&rsquo;Otan, \u00e0 quelques journalistes. \u00ab\u00a0Mais je ne peux pas confirmer la date \u00e0 laquelle tout cela sera termin\u00e9\u00a0\u00bb, a-t-il ajout\u00e9.<\/p>\n<p>BONJOUR06:26<\/p>\n<p>Bienvenue dans ce direct consacr\u00e9 \u00e0 l&rsquo;actualit\u00e9 de la guerre en Ukraine, d\u00e9but\u00e9e il y a plus de 3 ans apr\u00e8s l&rsquo;invasion des troupes russes de Vladimir Poutine. Suivez ici, tout au long de la journ\u00e9e, les derni\u00e8res actualit\u00e9s, mais aussi les \u00e9clairages de nos experts et envoy\u00e9s sp\u00e9ciaux sur place.<\/p>\n<p data-module=\"article-paragraph\" class=\"jsx-3046738180 Paragraph Paragraph__End\">Une livraison \u00e0 la Suisse de syst\u00e8mes de d\u00e9fense a\u00e9rienne Patriot va \u00eatre retard\u00e9e par Washington qui a d\u00e9cid\u00e9 de donner la priorit\u00e9 \u00e0 l&rsquo;Ukraine, a annonc\u00e9 jeudi le gouvernement suisse. Le d\u00e9partement am\u00e9ricain de la D\u00e9fense a inform\u00e9 Berne cette semaine que \u00ab\u00a0les priorit\u00e9s de la livraison des syst\u00e8mes Patriot avaient \u00e9t\u00e9 revues en vue de soutenir l\u2019Ukraine dans sa d\u00e9fense sol-air\u00a0\u00bb, a d\u00e9clar\u00e9 le minist\u00e8re suisse de la D\u00e9fense (DDPS) dans un communiqu\u00e9.<\/p>\n<p data-module=\"article-paragraph\" class=\"jsx-3046738180 Paragraph Paragraph__End\">La Conf\u00e9d\u00e9ration avait command\u00e9 cinq syst\u00e8mes de d\u00e9fense sol-air Patriot en 2022, et devait voir cette commande honor\u00e9e \u00e0 partir de 2026 et jusqu&rsquo;en 2028. Pour l&rsquo;heure, le minist\u00e8re \u00ab\u00a0ignore combien de syst\u00e8mes seront concern\u00e9s et si la livraison des missiles sera \u00e9galement impact\u00e9e\u00a0\u00bb et n&rsquo;est pas en mesure \u00ab\u00a0de d\u00e9terminer la dur\u00e9e des retards et d\u2019estimer s\u2019il y aura d\u2019autres r\u00e9percussions pour la Suisse\u00a0\u00bb.<\/p>\n<p><a href=\"https:\/\/www.tf1info.fr\/international\/guerre-ukraine-russie-kiev-et-washington-envisagent-un-mega-deal-sur-les-drones-ukrainiens-affirme-volodymyr-zelensky-2383535.html\" rel=\"noopener\" class=\"jsx-3308031228 Link flex\" target=\"_blank\"><img decoding=\"async\" src=\"https:\/\/www.europesays.com\/fr\/wp-content\/uploads\/2025\/07\/zelensky-trump-collage-d8378b-0@1x.jpeg\" alt=\"ANDREW CABALLERO-REYNOLDS, Sergei GAPON \/ AFP\" loading=\"lazy\" importance=\"low\" fetchpriority=\"low\" class=\"\" aria-hidden=\"true\"\/><\/p>\n<p class=\"jsx-3657663356 ReadMoreArticle__Title\">Lire aussi<\/p>\n<p class=\"jsx-3657663356\">Kiev et Washington envisagent un \u00ab\u00a0m\u00e9ga deal\u00a0\u00bb sur les drones ukrainiens, affirme Zelensky<\/p>\n<p><\/a><\/p>\n<p data-module=\"article-paragraph\" class=\"jsx-3046738180 Paragraph Paragraph__End\">\u00ab\u00a0Les clarifications sont en cours\u00a0\u00bb, a-t-il affirm\u00e9 dans son communiqu\u00e9. Donald Trump a annonc\u00e9 lundi un accord avec le secr\u00e9taire g\u00e9n\u00e9ral de l&rsquo;Otan Mark Rutte pour que les Etats europ\u00e9ens membres de l&rsquo;organisation ach\u00e8tent des armes am\u00e9ricaines, en particulier les syst\u00e8mes de d\u00e9fense Patriot, en faveur de l&rsquo;Ukraine.<\/p>\n<p>La r\u00e9daction de TF1info<\/p>\n<p><script async src=\"https:\/\/platform.twitter.com\/widgets.js\" charset=\"utf-8\"><\/script><\/p>\n","protected":false},"excerpt":{"rendered":"Ce vendredi, Volodymyr Zelensky s&rsquo;est f\u00e9licit\u00e9 de la \u00ab\u00a0conversation tr\u00e8s approfondie\u00a0\u00bb avec Emmanuel Macron, portant sur \u00ab\u00a0les besoins&hellip;\n","protected":false},"author":2,"featured_media":257205,"comment_status":"","ping_status":"","sticky":false,"template":"","format":"standard","meta":{"footnotes":""},"categories":[1590],"tags":[1111,11,1921,75,1777,674,28083,1922,12,136,132,220,1917,133,1920,135,134],"class_list":{"0":"post-257204","1":"post","2":"type-post","3":"status-publish","4":"format-standard","5":"has-post-thumbnail","7":"category-ukraine","8":"tag-actu","9":"tag-actualites","10":"tag-article-video","11":"tag-donald-trump","12":"tag-eu","13":"tag-europe","14":"tag-guerre-en-ukraine-une-treve-sera-t-elle-possible","15":"tag-info","16":"tag-news","17":"tag-otan","18":"tag-russie","19":"tag-ukraine","20":"tag-ukraine-4-annee-de-guerre","21":"tag-video","22":"tag-video-international","23":"tag-vladimir-poutine","24":"tag-volodymyr-zelensky"},"share_on_mastodon":{"url":"https:\/\/pubeurope.com\/@fr\/114876124057105548","error":""},"_links":{"self":[{"href":"https:\/\/www.europesays.com\/fr\/wp-json\/wp\/v2\/posts\/257204","targetHints":{"allow":["GET"]}}],"collection":[{"href":"https:\/\/www.europesays.com\/fr\/wp-json\/wp\/v2\/posts"}],"about":[{"href":"https:\/\/www.europesays.com\/fr\/wp-json\/wp\/v2\/types\/post"}],"author":[{"embeddable":true,"href":"https:\/\/www.europesays.com\/fr\/wp-json\/wp\/v2\/users\/2"}],"replies":[{"embeddable":true,"href":"https:\/\/www.europesays.com\/fr\/wp-json\/wp\/v2\/comments?post=257204"}],"version-history":[{"count":0,"href":"https:\/\/www.europesays.com\/fr\/wp-json\/wp\/v2\/posts\/257204\/revisions"}],"wp:featuredmedia":[{"embeddable":true,"href":"https:\/\/www.europesays.com\/fr\/wp-json\/wp\/v2\/media\/257205"}],"wp:attachment":[{"href":"https:\/\/www.europesays.com\/fr\/wp-json\/wp\/v2\/media?parent=257204"}],"wp:term":[{"taxonomy":"category","embeddable":true,"href":"https:\/\/www.europesays.com\/fr\/wp-json\/wp\/v2\/categories?post=257204"},{"taxonomy":"post_tag","embeddable":true,"href":"https:\/\/www.europesays.com\/fr\/wp-json\/wp\/v2\/tags?post=257204"}],"curies":[{"name":"wp","href":"https:\/\/api.w.org\/{rel}","templated":true}]}}