{"id":25721,"date":"2025-04-15T02:39:09","date_gmt":"2025-04-15T02:39:09","guid":{"rendered":"https:\/\/www.europesays.com\/fr\/25721\/"},"modified":"2025-04-15T02:39:09","modified_gmt":"2025-04-15T02:39:09","slug":"grosse-surprise-pour-le-barca-en-allemagne-fc-barcelone","status":"publish","type":"post","link":"https:\/\/www.europesays.com\/fr\/25721\/","title":{"rendered":"Grosse surprise pour le Bar\u00e7a en Allemagne &#8211; FC Barcelone"},"content":{"rendered":"<p>                                            \t<img decoding=\"async\" src=\"https:\/\/www.europesays.com\/fr\/wp-content\/uploads\/2025\/04\/FC-Barcelone-dortmund-1998532541.png\" alt=\"Grosse surprise pour le Bar\u00e7a en Allemagne\"\/><\/p>\n<p>Alors qu\u2019ils esp\u00e9raient b\u00e9n\u00e9ficier d\u2019un moment de repos bien m\u00e9rit\u00e9 \u00e0 la veille d\u2019un rendez-vous europ\u00e9en crucial, les joueurs du FC Barcelone ont \u00e9t\u00e9 confront\u00e9s \u00e0 une initiative hostile orchestr\u00e9e par des supporters allemands, dans une tentative de d\u00e9stabilisation psychologique.<\/p>\n<p>Actuellement en d\u00e9placement en Allemagne pour disputer le quart de finale retour de la Ligue des Champions, les joueurs barcelonais sont arriv\u00e9s sur le sol allemand la veille. Apr\u00e8s une s\u00e9ance d&rsquo;entra\u00eenement dans l\u2019apr\u00e8s-midi, suivie de la traditionnelle conf\u00e9rence de presse d\u2019avant-match \u00e0 laquelle ont pris part l\u2019entra\u00eeneur Hansi Flick et le gardien international polonais Wojciech Szcz\u0119sny, les membres de l\u2019effectif sont retourn\u00e9s \u00e0 leur h\u00f4tel, le Radisson Blu, dans l\u2019intention de se reposer avant l\u2019\u00e9ch\u00e9ance du lendemain. Cependant, aux alentours de minuit, un groupe de supporters du Borussia Dortmund s\u2019est rassembl\u00e9 devant l\u2019\u00e9tablissement h\u00f4telier, d\u00e9clenchant feux d\u2019artifice et p\u00e9tards dans le but \u00e9vident de troubler le sommeil des joueurs catalans. Une sc\u00e8ne qui n\u2019a pas \u00e9chapp\u00e9 aux cam\u00e9ras de l\u2019\u00e9mission <a href=\"https:\/\/www.mundodeportivo.com\/futbol\/fc-barcelona\/20250415\/1002445945\/aficion-dortmund-lanza-petardos-hotel-barca.html\" target=\"_blank\" rel=\"noopener\">El Chiringuito<\/a>. L\u2019objectif de cette man\u0153uvre \u00e9tait d&rsquo;\u00e9puiser mentalement et physiquement les adversaires avant le coup d\u2019envoi.Une strat\u00e9gie peu concluante<\/p>\n<p>Il ne s\u2019agit pas d\u2019un fait isol\u00e9. Un incident similaire s\u2019\u00e9tait d\u00e9j\u00e0 produit en d\u00e9cembre dernier, la veille d\u2019une autre rencontre entre les deux clubs, lorsque des supporters du Borussia avaient eu recours aux m\u00eames m\u00e9thodes autour de l\u2019h\u00f4tel des Blaugranas. Toutefois, cette tentative d\u2019intimidation s\u2019\u00e9tait r\u00e9v\u00e9l\u00e9e infructueuse puisque le FC Barcelone \u00e9tait parvenu \u00e0 s\u2019imposer sur la pelouse allemande sur le score de trois buts \u00e0 deux, d\u00e9montrant ainsi sa capacit\u00e9 \u00e0 garder son sang-froid face aux provocations ext\u00e9rieures. Les joueurs catalans esp\u00e8rent r\u00e9\u00e9diter cette performance et prouver, une fois encore, que ce genre de stratag\u00e8mes ne saurait entraver leur concentration ni alt\u00e9rer leur ambition europ\u00e9enne.<\/p>\n","protected":false},"excerpt":{"rendered":"Alors qu\u2019ils esp\u00e9raient b\u00e9n\u00e9ficier d\u2019un moment de repos bien m\u00e9rit\u00e9 \u00e0 la veille d\u2019un rendez-vous europ\u00e9en crucial, les&hellip;\n","protected":false},"author":2,"featured_media":25722,"comment_status":"","ping_status":"","sticky":false,"template":"","format":"standard","meta":{"footnotes":""},"categories":[1587],"tags":[11,672,9222,1804,1805,1803,1777,674,5695,1801,447,12,1802],"class_list":{"0":"post-25721","1":"post","2":"type-post","3":"status-publish","4":"format-standard","5":"has-post-thumbnail","7":"category-allemagne","8":"tag-actualites","9":"tag-allemagne","10":"tag-barca","11":"tag-bundesrepublik-deutschland","12":"tag-de","13":"tag-deutschland","14":"tag-eu","15":"tag-europe","16":"tag-fc-barcelone","17":"tag-germany","18":"tag-ligue-des-champions","19":"tag-news","20":"tag-republique-federale-dallemagne"},"share_on_mastodon":{"url":"https:\/\/pubeurope.com\/@fr\/114339667309899104","error":""},"_links":{"self":[{"href":"https:\/\/www.europesays.com\/fr\/wp-json\/wp\/v2\/posts\/25721","targetHints":{"allow":["GET"]}}],"collection":[{"href":"https:\/\/www.europesays.com\/fr\/wp-json\/wp\/v2\/posts"}],"about":[{"href":"https:\/\/www.europesays.com\/fr\/wp-json\/wp\/v2\/types\/post"}],"author":[{"embeddable":true,"href":"https:\/\/www.europesays.com\/fr\/wp-json\/wp\/v2\/users\/2"}],"replies":[{"embeddable":true,"href":"https:\/\/www.europesays.com\/fr\/wp-json\/wp\/v2\/comments?post=25721"}],"version-history":[{"count":0,"href":"https:\/\/www.europesays.com\/fr\/wp-json\/wp\/v2\/posts\/25721\/revisions"}],"wp:featuredmedia":[{"embeddable":true,"href":"https:\/\/www.europesays.com\/fr\/wp-json\/wp\/v2\/media\/25722"}],"wp:attachment":[{"href":"https:\/\/www.europesays.com\/fr\/wp-json\/wp\/v2\/media?parent=25721"}],"wp:term":[{"taxonomy":"category","embeddable":true,"href":"https:\/\/www.europesays.com\/fr\/wp-json\/wp\/v2\/categories?post=25721"},{"taxonomy":"post_tag","embeddable":true,"href":"https:\/\/www.europesays.com\/fr\/wp-json\/wp\/v2\/tags?post=25721"}],"curies":[{"name":"wp","href":"https:\/\/api.w.org\/{rel}","templated":true}]}}