{"id":257210,"date":"2025-07-18T20:30:12","date_gmt":"2025-07-18T20:30:12","guid":{"rendered":"https:\/\/www.europesays.com\/fr\/257210\/"},"modified":"2025-07-18T20:30:12","modified_gmt":"2025-07-18T20:30:12","slug":"lallemagne-les-pays-bas-et-la-suede-sopposent-a-un-emprunt-commun-de-lue","status":"publish","type":"post","link":"https:\/\/www.europesays.com\/fr\/257210\/","title":{"rendered":"L&rsquo;Allemagne, les Pays-Bas et la Su\u00e8de s&rsquo;opposent \u00e0 un emprunt commun de l&rsquo;UE"},"content":{"rendered":"<p>L&rsquo;Allemagne, les Pays-Bas et la Su\u00e8de ont exprim\u00e9 leur opposition \u00e0 l&rsquo;id\u00e9e d&rsquo;un emprunt commun au sein de l&rsquo;Union europ\u00e9enne, malgr\u00e9 la multiplication des d\u00e9fis mondiaux. Le Danemark s&rsquo;est montr\u00e9 sceptique, selon les d\u00e9clarations des ministres des Finances de ces pays en marge d&rsquo;une r\u00e9union du G20 \u00e0 Durban, en Afrique du Sud.<\/p>\n<p>Le ministre n\u00e9erlandais des Finances, Eelco Heinen, a jug\u00e9 que le budget de 2 000 milliards d&rsquo;euros (2,31\u00a0trillions de dollars) propos\u00e9 mercredi par la Commission europ\u00e9enne pour la p\u00e9riode 2028-2034 \u00e9tait bien trop \u00e9lev\u00e9 et \u00ab\u00a0condamn\u00e9 d&rsquo;avance\u00a0\u00bb.<\/p>\n<p>\u00ab\u00a0Je ne suis pas favorable \u00e0 l&#8217;emprunt commun. Les Pays-Bas ne l&rsquo;ont jamais \u00e9t\u00e9 et resteront sur cette ligne\u00a0\u00bb, a-t-il d\u00e9clar\u00e9 \u00e0 Reuters.<\/p>\n<p>Certains membres du bloc des 27 estiment qu&rsquo;une dette commune pourrait aider \u00e0 financer les vastes plans de d\u00e9penses pr\u00f4n\u00e9s par la Commission, en permettant des emprunts \u00e0 moindre co\u00fbt.<\/p>\n<p>L&#8217;emprunt commun a \u00e9t\u00e9 utilis\u00e9 pour la premi\u00e8re fois par l&rsquo;UE afin d&rsquo;aider les pays \u00e0 financer la relance apr\u00e8s la pand\u00e9mie de coronavirus. Mais, d\u00e9j\u00e0 \u00e0 l&rsquo;\u00e9poque, des pays comme les Pays-Bas, l&rsquo;Allemagne et les pays nordiques regrettaient de devoir payer pour les pays du Sud, jug\u00e9s moins disciplin\u00e9s sur le plan budg\u00e9taire.<\/p>\n<p>La ministre su\u00e9doise des Finances, Elisabeth Svantesson, a estim\u00e9 que la dette commune pour faire face \u00e0 la pand\u00e9mie \u00e9tait une mesure exceptionnelle.<\/p>\n<p>\u00ab\u00a0Pour nous, et pour l&rsquo;ensemble du Parlement, de la gauche \u00e0 la droite, c&rsquo;\u00e9tait une mesure unique. Et cela ne doit pas se reproduire\u00a0\u00bb, a-t-elle expliqu\u00e9 \u00e0 Reuters.<\/p>\n<p>La ministre danoise de l&rsquo;\u00c9conomie, Stephanie Lose, a soulign\u00e9 que l&#8217;emprunt commun \u00e9tait parfois pr\u00e9sent\u00e9 comme la solution \u00e0 tous les probl\u00e8mes, mais qu&rsquo;il \u00e9tait important de ne pas oublier que cet argent devrait \u00eatre rembours\u00e9.<\/p>\n<p>Le ministre allemand des Finances, Lars Klingbeil, a d\u00e9clar\u00e9 jeudi \u00e0 Reuters que l&rsquo;UE avait eu recours \u00e0 la dette commune dans une situation de crise, mais que ce n&rsquo;\u00e9tait pas appropri\u00e9 pour r\u00e9soudre les probl\u00e8mes financiers du bloc.<\/p>\n<p>\u00ab\u00a0Heureusement, nous ne sommes pas dans une telle crise actuellement\u00a0\u00bb, a-t-il ajout\u00e9.<\/p>\n<p>En 2020, les 27 \u00c9tats membres s&rsquo;\u00e9taient accord\u00e9s pour emprunter ensemble 800\u00a0milliards d&rsquo;euros dans le cadre du programme Next Generation EU, le plan de relance post-pand\u00e9mie du bloc.<\/p>\n<p>Eelco Heinen a confirm\u00e9 qu&rsquo;il s&rsquo;agissait d&rsquo;une mesure exceptionnelle, ajoutant\u00a0: \u00ab\u00a0plus jamais\u00a0\u00bb.<\/p>\n<p>\u00ab\u00a0Lorsque ce fonds a \u00e9t\u00e9 mis en place, les Pays-Bas avaient d\u00e9j\u00e0 pr\u00e9venu\u00a0: faites attention, car un jour il faudra payer la facture, et c&rsquo;est exactement la situation dans laquelle nous nous trouvons aujourd&rsquo;hui\u00a0\u00bb, a-t-il conclu.<\/p>\n<p>(1\u00a0$ = 0,8589\u00a0euros)<\/p>\n","protected":false},"excerpt":{"rendered":"L&rsquo;Allemagne, les Pays-Bas et la Su\u00e8de ont exprim\u00e9 leur opposition \u00e0 l&rsquo;id\u00e9e d&rsquo;un emprunt commun au sein de&hellip;\n","protected":false},"author":2,"featured_media":257211,"comment_status":"","ping_status":"","sticky":false,"template":"","format":"standard","meta":{"footnotes":""},"categories":[1587],"tags":[11,672,340,1804,1805,1803,1777,674,1801,12,1802],"class_list":{"0":"post-257210","1":"post","2":"type-post","3":"status-publish","4":"format-standard","5":"has-post-thumbnail","7":"category-allemagne","8":"tag-actualites","9":"tag-allemagne","10":"tag-bourse","11":"tag-bundesrepublik-deutschland","12":"tag-de","13":"tag-deutschland","14":"tag-eu","15":"tag-europe","16":"tag-germany","17":"tag-news","18":"tag-republique-federale-dallemagne"},"share_on_mastodon":{"url":"https:\/\/pubeurope.com\/@fr\/114876135806421428","error":""},"_links":{"self":[{"href":"https:\/\/www.europesays.com\/fr\/wp-json\/wp\/v2\/posts\/257210","targetHints":{"allow":["GET"]}}],"collection":[{"href":"https:\/\/www.europesays.com\/fr\/wp-json\/wp\/v2\/posts"}],"about":[{"href":"https:\/\/www.europesays.com\/fr\/wp-json\/wp\/v2\/types\/post"}],"author":[{"embeddable":true,"href":"https:\/\/www.europesays.com\/fr\/wp-json\/wp\/v2\/users\/2"}],"replies":[{"embeddable":true,"href":"https:\/\/www.europesays.com\/fr\/wp-json\/wp\/v2\/comments?post=257210"}],"version-history":[{"count":0,"href":"https:\/\/www.europesays.com\/fr\/wp-json\/wp\/v2\/posts\/257210\/revisions"}],"wp:featuredmedia":[{"embeddable":true,"href":"https:\/\/www.europesays.com\/fr\/wp-json\/wp\/v2\/media\/257211"}],"wp:attachment":[{"href":"https:\/\/www.europesays.com\/fr\/wp-json\/wp\/v2\/media?parent=257210"}],"wp:term":[{"taxonomy":"category","embeddable":true,"href":"https:\/\/www.europesays.com\/fr\/wp-json\/wp\/v2\/categories?post=257210"},{"taxonomy":"post_tag","embeddable":true,"href":"https:\/\/www.europesays.com\/fr\/wp-json\/wp\/v2\/tags?post=257210"}],"curies":[{"name":"wp","href":"https:\/\/api.w.org\/{rel}","templated":true}]}}