{"id":257212,"date":"2025-07-18T20:31:14","date_gmt":"2025-07-18T20:31:14","guid":{"rendered":"https:\/\/www.europesays.com\/fr\/257212\/"},"modified":"2025-07-18T20:31:14","modified_gmt":"2025-07-18T20:31:14","slug":"valerie-hayer-donald-trump-realise-enfin-quel-est-le-vrai-visage-de-vladimir-poutine","status":"publish","type":"post","link":"https:\/\/www.europesays.com\/fr\/257212\/","title":{"rendered":"Val\u00e9rie Hayer: \u00abDonald Trump r\u00e9alise enfin quel est le vrai visage de Vladimir Poutine\u00bb"},"content":{"rendered":"<p>\n                                                Motion de d\u00e9fiance contre la pr\u00e9sidente de la Commission europ\u00e9enne, immigration, droits de douane et guerre en Ukraine, l\u2019eurod\u00e9put\u00e9e et pr\u00e9sidente du groupe Renew Europe au Parlement europ\u00e9en, Val\u00e9rie Hayer nous livre ses attentes pour la rentr\u00e9e.                    <\/p>\n<p>Le 10 juillet, Ursula von der Leyen a \u00e9chapp\u00e9 \u00e0 une motion de d\u00e9fiance. Si Val\u00e9rie Hayer ne l\u2019a pas vot\u00e9e, elle regrette fortement \u00abun dysfonctionnement majeur aujourd&rsquo;hui, tant au Parlement europ\u00e9en qu&rsquo;\u00e0 la Commission europ\u00e9enne, avec une tentation de la droite de faire des deals de plus en plus souvent avec l&rsquo;extr\u00eame droite\u00bb. Cette non-censure n\u2019est donc pas un ch\u00e8que en blanc \u00e0 la pr\u00e9sidente de la Commission pour la suite : \u00abJ&rsquo;ai demand\u00e9 des engagements tant \u00e0 Ursula von der Leyen qu&rsquo;\u00e0 Manfred Weber &#8211; le pr\u00e9sident du groupe de la droite &#8211; sur deux choses : meilleure coop\u00e9ration et liste de priorit\u00e9s politiques que nous partageons\u00bb.<\/p>\n<p>Au sujet de l\u2019affaire de d\u00e9tournement de fonds au Parlement europ\u00e9en d\u2019un montant de 4,3 millions d\u2019euros par le Rassemblement national et ses anciens alli\u00e9s d&rsquo;extr\u00eame droite, la pr\u00e9sidente du groupe Renew Europe estime que chacun doit prendre ses responsabilit\u00e9s : \u00abJordan Bardella tente une nouvelle fois de se victimiser, mais chaque groupe politique est cens\u00e9 \u00eatre soumis et se soumettre \u00e0 des audits. Chacun devra assumer ses responsabilit\u00e9s\u00bb.<\/p>\n<p>Alors que la guerre en <strong><a target=\"_self\" href=\"https:\/\/www.rfi.fr\/fr\/tag\/ukraine\/\" rel=\"nofollow noopener\">Ukraine<\/a><\/strong> s\u2019intensifie avec l\u2019utilisation de drones par la <strong><a target=\"_self\" href=\"https:\/\/www.rfi.fr\/fr\/tag\/russie\/\" rel=\"nofollow noopener\">Russie,<\/a><\/strong> <strong><a target=\"_self\" href=\"https:\/\/www.rfi.fr\/fr\/tag\/donald-trump\/\" rel=\"nofollow noopener\">Donald Trump<\/a><\/strong> lors d\u2019une rencontre avec le secr\u00e9taire g\u00e9n\u00e9ral de l\u2019<strong><a target=\"_self\" href=\"https:\/\/www.rfi.fr\/fr\/tag\/otan\/\" rel=\"nofollow noopener\">OTAN<\/a><\/strong> Mark Rutte, annonce que les <strong><a target=\"_self\" href=\"https:\/\/www.rfi.fr\/fr\/tag\/\u00e9tats-unis\/\" rel=\"nofollow noopener\">\u00c9tats-Unis<\/a><\/strong> enverront de nouvelles armes \u00e0 l\u2019Ukraine via l\u2019OTAN. L&rsquo;Eurod\u00e9put\u00e9e salue le revirement du pr\u00e9sident am\u00e9ricain en faveur des Ukrainiens : \u00abDonald Trump r\u00e9alise enfin quel est le vrai visage de <strong><a target=\"_self\" href=\"https:\/\/www.rfi.fr\/fr\/tag\/vladimir-poutine\/\" rel=\"nofollow noopener\">Vladimir Poutine<\/a><\/strong>\u00bb, avant d\u2019\u00e9mettre une certaine r\u00e9serve : \u00abon est habitu\u00e9 \u00e0 des revirements avec Donald Trump\u00bb.<\/p>\n<p>\u00a0<\/p>\n<p class=\"a-read-more\">\u00c0 \u00e9couter aussi<a target=\"_self\" href=\"https:\/\/www.rfi.fr\/fr\/europe\/20250714-\u00e9tats-unis-donald-trump-donne-50-jours-\u00e0-la-russie-pour-mettre-fin-\u00e0-la-guerre\" class=\"a-read-more__link\" rel=\"nofollow noopener\">\u00c9tats-Unis: Donald Trump donne 50 jours \u00e0 la Russie pour mettre fin \u00e0 la guerre en Ukraine<\/a><\/p>\n<p>Face \u00e0 l\u2019\u00e9ch\u00e9ance du 1er ao\u00fbt et au 30% de droits de douane annonc\u00e9s par le pr\u00e9sident am\u00e9ricain, l\u2019Europe pr\u00e9voit une s\u00e9rie de repr\u00e9sailles commerciales \u00e0 hauteur de 72 milliards d\u2019euros. Mais pour Val\u00e9rie Hayer, \u00abpersonne n\u2019a int\u00e9r\u00eat \u00e0 une guerre commerciale\u00bb. La pr\u00e9sidente du groupe Renew se dit en faveur de n\u00e9gociation mais pas pr\u00eate \u00e0 c\u00e9der sur tout : \u00abS&rsquo;il n&rsquo;y a pas d&rsquo;atterrissage possible, il faut mettre en place ces mesures de r\u00e9torsion. Je crois que Donald Trump ne comprend que le rapport de force\u00bb. Elle rappelle aussi la force et le dynamisme du march\u00e9 europ\u00e9en : \u00abDonald Trump doit comprendre qu\u2019on ne va pas se laisser marcher dessus, qu&rsquo;on a des outils. On a un march\u00e9 de 450 millions de consommateurs tr\u00e8s int\u00e9ressant pour les entreprises am\u00e9ricaines\u00bb.\u00a0<\/p>\n<p>\u00a0<\/p>\n<p class=\"a-read-more\">\u00c0 lire aussi<a target=\"_self\" href=\"https:\/\/www.rfi.fr\/fr\/europe\/20250714-quelle-strat\u00e9gie-des-27-face-\u00e0-la-date-butoir-du-1er-ao\u00fbt-sur-les-droits-de-douane-de-30-impos\u00e9s-par-trump\" class=\"a-read-more__link\" rel=\"nofollow noopener\">Quelle strat\u00e9gie de l&rsquo;UE face aux droits de douane impos\u00e9s par Donald Trump?<\/a><\/p>\n<p>Face \u00e0 une escalade du conflit au Moyen-Orient, Val\u00e9rie Hayer souhaite que l\u2019Union europ\u00e9enne prenne pleinement part aux n\u00e9gociations : \u00abIl faut que la voix de l\u2019Union europ\u00e9enne p\u00e8se. Il faut qu\u2019on puisse avancer sur cette solution \u00e0 deux \u00c9tats pour qu\u2019on ait une reconnaissance de l\u2019\u00c9tat palestinien et aussi pour faire pression sur le gouvernement de <strong><a target=\"_self\" href=\"https:\/\/www.rfi.fr\/fr\/tag\/benyamin-netanyahu\/\" rel=\"nofollow noopener\">Benyamin Netanyahu<\/a><\/strong>\u00bb. Mais pour elle \u00abl&rsquo;important, c&rsquo;est d&rsquo;assurer la s\u00e9curit\u00e9 des Isra\u00e9liens, des Palestiniens et la stabilit\u00e9 dans cette r\u00e9gion.\u00bb<\/p>\n<p class=\"a-read-more\">\u00c0 lire aussi<a target=\"_self\" href=\"https:\/\/www.rfi.fr\/fr\/moyen-orient\/20250528-\u00e9tat-palestinien-seule-une-minorit\u00e9-de-pays-occidentaux-ne-le-reconnaissent-toujours-pas\" class=\"a-read-more__link\" rel=\"nofollow noopener\">\u00c9tat palestinien: seule une minorit\u00e9 de pays occidentaux ne le reconnaissent toujours pas<\/a><\/p>\n<p>Sur la question <strong><a target=\"_self\" href=\"https:\/\/www.rfi.fr\/fr\/tag\/immigration\/\" rel=\"nofollow noopener\">migratoire<\/a><\/strong>, la pr\u00e9sidente du groupe Renew adopte une position nette : \u00abLa premi\u00e8re chose, c\u2019est d\u2019appliquer le pacte asile et migration\u00bb. Elle souhaite que les Vingt-Sept se mettent autour de la table et travaillent \u00e0 des \u00absolutions cr\u00e9dibles car il faut aussi, je crois, pouvoir avoir un d\u00e9bat apais\u00e9 sur la migration l\u00e9gale de travail parce qu&rsquo;on a aussi un enjeu d\u00e9mographique en Europe\u00bb. Elle n\u2019est, par ailleurs, pas convaincue par la liste de \u00abpays s\u00fbrs\u00bb o\u00f9 l\u2019UE pourrait renvoyer les migrants ill\u00e9gaux, \u00e9tablie par la Commission europ\u00e9enne et entend \u00abrenforcer les partenariats avec les pays d\u2019origine, avec l\u2019Afrique : plus on s\u2019engagera politiquement, plus on accompagnera financi\u00e8rement le d\u00e9veloppement de ces pays d&rsquo;origine, mieux on r\u00e9gulera les flux migratoires\u00bb. Elle regrette d\u2019autant plus que ce dossier ait \u00e9t\u00e9 bloqu\u00e9 \u00abde fa\u00e7on tout \u00e0 fait d\u00e9magogique\u00bb par une alliance de la droite et de l\u2019extr\u00eame droite.<\/p>\n","protected":false},"excerpt":{"rendered":"Motion de d\u00e9fiance contre la pr\u00e9sidente de la Commission europ\u00e9enne, immigration, droits de douane et guerre en Ukraine,&hellip;\n","protected":false},"author":2,"featured_media":257213,"comment_status":"","ping_status":"","sticky":false,"template":"","format":"standard","meta":{"footnotes":""},"categories":[1586],"tags":[11,1777,674,1011,27,7248,12,25,364,2544],"class_list":{"0":"post-257212","1":"post","2":"type-post","3":"status-publish","4":"format-standard","5":"has-post-thumbnail","7":"category-europe","8":"tag-actualites","9":"tag-eu","10":"tag-europe","11":"tag-fr","12":"tag-france","13":"tag-ici-leurope","14":"tag-news","15":"tag-republique-francaise","16":"tag-union-europeenne","17":"tag-ursula-von-der-leyen"},"share_on_mastodon":{"url":"https:\/\/pubeurope.com\/@fr\/114876139638665835","error":""},"_links":{"self":[{"href":"https:\/\/www.europesays.com\/fr\/wp-json\/wp\/v2\/posts\/257212","targetHints":{"allow":["GET"]}}],"collection":[{"href":"https:\/\/www.europesays.com\/fr\/wp-json\/wp\/v2\/posts"}],"about":[{"href":"https:\/\/www.europesays.com\/fr\/wp-json\/wp\/v2\/types\/post"}],"author":[{"embeddable":true,"href":"https:\/\/www.europesays.com\/fr\/wp-json\/wp\/v2\/users\/2"}],"replies":[{"embeddable":true,"href":"https:\/\/www.europesays.com\/fr\/wp-json\/wp\/v2\/comments?post=257212"}],"version-history":[{"count":0,"href":"https:\/\/www.europesays.com\/fr\/wp-json\/wp\/v2\/posts\/257212\/revisions"}],"wp:featuredmedia":[{"embeddable":true,"href":"https:\/\/www.europesays.com\/fr\/wp-json\/wp\/v2\/media\/257213"}],"wp:attachment":[{"href":"https:\/\/www.europesays.com\/fr\/wp-json\/wp\/v2\/media?parent=257212"}],"wp:term":[{"taxonomy":"category","embeddable":true,"href":"https:\/\/www.europesays.com\/fr\/wp-json\/wp\/v2\/categories?post=257212"},{"taxonomy":"post_tag","embeddable":true,"href":"https:\/\/www.europesays.com\/fr\/wp-json\/wp\/v2\/tags?post=257212"}],"curies":[{"name":"wp","href":"https:\/\/api.w.org\/{rel}","templated":true}]}}