{"id":257214,"date":"2025-07-18T20:32:18","date_gmt":"2025-07-18T20:32:18","guid":{"rendered":"https:\/\/www.europesays.com\/fr\/257214\/"},"modified":"2025-07-18T20:32:18","modified_gmt":"2025-07-18T20:32:18","slug":"paris-appelle-lue-a-aller-plus-loin-pour-garantir-son-avenir","status":"publish","type":"post","link":"https:\/\/www.europesays.com\/fr\/257214\/","title":{"rendered":"Paris appelle l\u2019UE \u00e0 aller plus loin pour garantir son avenir"},"content":{"rendered":"<p class=\"fig-paragraph\">La r\u00e9forme de la PAC inqui\u00e8te\u00a0<a href=\"http:\/\/www.lefigaro.fr\/sports\/jeux-olympiques\/dossier\/les-jeux-de-paris-2024-ont-change-leur-vie-retrouvez-tous-les-episodes-de-notre-serie\" data-fig-type=\"Topic\" data-gtm-custom-categorie=\"navigation\" data-gtm-custom-action=\"crossclick\" data-gtm-custom-label=\"Contextuel\" data-gtm-event=\"customEventSPE\" data-fig-domain=\"LEFIGARO\" target=\"_blank\" rel=\"noopener\">Paris<\/a>. Il faudra aller plus loin dans la n\u00e9gociation pour pr\u00e9server les sp\u00e9cificit\u00e9s de la politique agricole commune (PAC) et donner de la visibilit\u00e9 aux agriculteurs, a pr\u00e9venu le ministre fran\u00e7ais des Affaires europ\u00e9ennes,\u00a0<a href=\"http:\/\/www.lefigaro.fr\/international\/benjamin-haddad-et-giuliano-da-empoli-l-union-europeenne-est-elle-armee-face-aux-predateurs-20250529\" data-fig-type=\"Article\" data-gtm-custom-categorie=\"navigation\" data-gtm-custom-action=\"crossclick\" data-gtm-custom-label=\"Contextuel\" data-gtm-event=\"customEventSPE\" data-fig-domain=\"LEFIGARO\" target=\"_blank\" rel=\"noopener\">Benjamin Haddad<\/a>, contestant le projet en l\u2019\u00e9tat de part flexible de financement propos\u00e9e par la Commission europ\u00e9enne.<br \/>\u00abNous serons particuli\u00e8rement vigilants\u00bb sur les aides directes europ\u00e9ennes aux agricultures, au cours des deux ann\u00e9es de n\u00e9gociations qui s\u2019ouvrent pour d\u00e9finir la politique agricole commune sur la p\u00e9riode 2028-2034, a dit M. Haddad au journal Ouest France. \u00abLa proposition de la Commission pr\u00e9serve les paiements directs mais il faudra aller plus loin pour maintenir la sp\u00e9cificit\u00e9 de la politique agricole commune\u00bb, a-t-il ajout\u00e9.<\/p>\n<p class=\"fig-paragraph\">La France, et plusieurs \u00c9tats membres, selon M. Haddad, contestent la place faite \u00e0 l\u2019agriculture dans le projet qui pr\u00e9voit qu\u2019une partie des financements europ\u00e9ens soient vers\u00e9s dans un fonds sp\u00e9cifique o\u00f9 les \u00c9tats membres pourront d\u00e9cider eux-m\u00eames de fl\u00e9cher l\u2019argent vers l\u2019agriculture ou vers d\u2019autres destinations. \u00abNos agriculteurs ont besoin de visibilit\u00e9 sur leurs revenus, et de stabilit\u00e9 sur la fa\u00e7on dont va \u00eatre d\u00e9bours\u00e9 l\u2019argent de la PAC. \u00c9videmment que les \u00c9tats membres feront toujours de la question de l\u2019agriculture une priorit\u00e9. Mais je crois qu\u2019il faut que notre vision pour l\u2019agriculture soit vraiment inscrite tr\u00e8s clairement dans ce budget europ\u00e9en. Nous avons \u00e9t\u00e9 plusieurs \u00c9tats membres \u00e0 le rappeler aujourd\u2019hui au Conseil au commissaire au budget\u00bb, a-t-il dit.<\/p>\n<p>                                    <a class=\"fig-a11y-skip a11y-hidden\" href=\"#fig-a11y-skip-main-inarticle\"><br \/>\n        Passer la publicit\u00e9<br \/>\n    <\/a><\/p>\n<p class=\"fig-paragraph\">L\u2019Union europ\u00e9enne a d\u00e9taill\u00e9 jeudi sa proposition de r\u00e9forme de la future politique agricole commune de 2028 \u00e0 2034, qui suscite l\u2019ire de la profession.<br \/>Elle pr\u00e9voit un socle de 300 milliards d\u2019euros sur la p\u00e9riode, contre 387 milliards sur la pr\u00e9c\u00e9dente de 2021 \u00e0 2027. Mais la Commission r\u00e9fute l\u2019id\u00e9e d\u2019une baisse car elle propose un changement d\u2019architecture budg\u00e9taire avec la mise sur pied de ce vaste fonds dans lequel pourraient piocher les \u00c9tats pour compl\u00e9ter. \u00abNous nous battrons pour chaque euro de la politique agricole commune\u00a0: le maintien du revenu des agriculteurs \u2013 c\u2019est-\u00e0-dire ce qu\u2019on appelle l\u2019actuel pilier 1 \u2013, mais aussi toutes les aides \u00e0 l\u2019investissement \u2013 comme l\u2019accompagnement \u00e0 l\u2019installation des jeunes agriculteurs \u2013 afin qu\u2019elles ne soient pas dilu\u00e9es au sein d\u2019autres revenus\u00bb, a d\u00e9clar\u00e9 le ministre.<\/p>\n","protected":false},"excerpt":{"rendered":"La r\u00e9forme de la PAC inqui\u00e8te\u00a0Paris. Il faudra aller plus loin dans la n\u00e9gociation pour pr\u00e9server les sp\u00e9cificit\u00e9s&hellip;\n","protected":false},"author":2,"featured_media":257215,"comment_status":"","ping_status":"","sticky":false,"template":"","format":"standard","meta":{"footnotes":""},"categories":[1586],"tags":[11,1777,674,1779,1011,27,12,33974,25,1778,364],"class_list":{"0":"post-257214","1":"post","2":"type-post","3":"status-publish","4":"format-standard","5":"has-post-thumbnail","7":"category-europe","8":"tag-actualites","9":"tag-eu","10":"tag-europe","11":"tag-european-union","12":"tag-fr","13":"tag-france","14":"tag-news","15":"tag-pac","16":"tag-republique-francaise","17":"tag-ue","18":"tag-union-europeenne"},"share_on_mastodon":{"url":"https:\/\/pubeurope.com\/@fr\/114876143568937947","error":""},"_links":{"self":[{"href":"https:\/\/www.europesays.com\/fr\/wp-json\/wp\/v2\/posts\/257214","targetHints":{"allow":["GET"]}}],"collection":[{"href":"https:\/\/www.europesays.com\/fr\/wp-json\/wp\/v2\/posts"}],"about":[{"href":"https:\/\/www.europesays.com\/fr\/wp-json\/wp\/v2\/types\/post"}],"author":[{"embeddable":true,"href":"https:\/\/www.europesays.com\/fr\/wp-json\/wp\/v2\/users\/2"}],"replies":[{"embeddable":true,"href":"https:\/\/www.europesays.com\/fr\/wp-json\/wp\/v2\/comments?post=257214"}],"version-history":[{"count":0,"href":"https:\/\/www.europesays.com\/fr\/wp-json\/wp\/v2\/posts\/257214\/revisions"}],"wp:featuredmedia":[{"embeddable":true,"href":"https:\/\/www.europesays.com\/fr\/wp-json\/wp\/v2\/media\/257215"}],"wp:attachment":[{"href":"https:\/\/www.europesays.com\/fr\/wp-json\/wp\/v2\/media?parent=257214"}],"wp:term":[{"taxonomy":"category","embeddable":true,"href":"https:\/\/www.europesays.com\/fr\/wp-json\/wp\/v2\/categories?post=257214"},{"taxonomy":"post_tag","embeddable":true,"href":"https:\/\/www.europesays.com\/fr\/wp-json\/wp\/v2\/tags?post=257214"}],"curies":[{"name":"wp","href":"https:\/\/api.w.org\/{rel}","templated":true}]}}