{"id":257230,"date":"2025-07-18T20:41:17","date_gmt":"2025-07-18T20:41:17","guid":{"rendered":"https:\/\/www.europesays.com\/fr\/257230\/"},"modified":"2025-07-18T20:41:17","modified_gmt":"2025-07-18T20:41:17","slug":"wembanyama-souhaite-participer-a-leuro-2025","status":"publish","type":"post","link":"https:\/\/www.europesays.com\/fr\/257230\/","title":{"rendered":"Wembanyama souhaite participer \u00e0 l&rsquo;Euro 2025 !\u00a0"},"content":{"rendered":"<p>                    <img width=\"1920\" height=\"1280\" class=\"attachment-post-thumbnail size-post-thumbnail wp-post-image ewww_webp\" alt=\"Victor Wembanyama\" decoding=\"async\"   src-img=\"https:\/\/theplayoffs.news\/fr\/wp-content\/uploads\/2025\/01\/USATSI_23968498.jpg\" src-webp=\"https:\/\/theplayoffs.news\/fr\/wp-content\/uploads\/2025\/01\/USATSI_23968498.jpg.webp\" srcset-webp=\"https:\/\/theplayoffs.news\/fr\/wp-content\/uploads\/2025\/01\/USATSI_23968498.jpg.webp 1920w, https:\/\/theplayoffs.news\/fr\/wp-content\/uploads\/2025\/01\/USATSI_23968498-600x400.jpg.webp 600w, https:\/\/theplayoffs.news\/fr\/wp-content\/uploads\/2025\/01\/USATSI_23968498-1200x800.jpg.webp 1200w, https:\/\/theplayoffs.news\/fr\/wp-content\/uploads\/2025\/01\/USATSI_23968498-768x512.jpg.webp 768w, https:\/\/theplayoffs.news\/fr\/wp-content\/uploads\/2025\/01\/USATSI_23968498-1536x1024.jpg.webp 1536w, https:\/\/theplayoffs.news\/fr\/wp-content\/uploads\/2025\/01\/USATSI_23968498-1320x880.jpg.webp 1320w\" srcset-img=\"https:\/\/theplayoffs.news\/fr\/wp-content\/uploads\/2025\/01\/USATSI_23968498.jpg 1920w, https:\/\/theplayoffs.news\/fr\/wp-content\/uploads\/2025\/01\/USATSI_23968498-600x400.jpg 600w, https:\/\/theplayoffs.news\/fr\/wp-content\/uploads\/2025\/01\/USATSI_23968498-1200x800.jpg 1200w, https:\/\/theplayoffs.news\/fr\/wp-content\/uploads\/2025\/01\/USATSI_23968498-768x512.jpg 768w, https:\/\/theplayoffs.news\/fr\/wp-content\/uploads\/2025\/01\/USATSI_23968498-1536x1024.jpg 1536w, https:\/\/theplayoffs.news\/fr\/wp-content\/uploads\/2025\/01\/USATSI_23968498-1320x880.jpg 1320w\" data-eio=\"j\"\/>                                            <\/p>\n<p>\n                            Aug 10, 2024; Paris, France; France power forward Victor Wembanyama (32) shoots against the United States in the second half in the men&rsquo;s basketball gold medal game during the Paris 2024 Olympic Summer Games at Accor Arena. Mandatory Credit: Kyle Terada-USA TODAY Sports                        <\/p>\n<p><strong>Le prodige fran\u00e7ais Victor Wembanyama souhaite participer \u00e0 l\u2019Euro 2025 avec les Bleus. L\u2019information a \u00e9t\u00e9 confirm\u00e9e ce mardi par le pr\u00e9sident de la F\u00e9d\u00e9ration Fran\u00e7aise de Basket-ball (FFBB), Jean-Pierre Hunckler, lors d\u2019un entretien avec le journal Le Progr\u00e8s.<\/strong><\/p>\n<p><strong>Victor Wembanyama<\/strong> a toujours affich\u00e9 son attachement \u00e0 l\u2019\u00e9quipe de<strong> France<\/strong> et n\u2019a jamais \u00e9voqu\u00e9 la possibilit\u00e9 de manquer une comp\u00e9tition avec les Bleus. Et apr\u00e8s sa courte d\u00e9faite en finale des <strong>Jeux Olympiques<\/strong> face \u00e0 team USA en ao\u00fbt dernier, Wemby aurait bien l\u2019intention de revenir prochainement en s\u00e9lection. <strong>Jean-Pierre Hunckler <\/strong>a pr\u00e9cis\u00e9 avoir eu plusieurs discussions avec l\u2019Alien. Ainsi selon le pr\u00e9sident de la FFBB, Victor aurait fait du prochain EuroBasket 2025 un objectif.<\/p>\n<p>\u00ab Il m\u2019a assur\u00e9 que s\u2019il n\u2019y avait pas de probl\u00e8me physique, il serait bien pr\u00e9sent avec nous pour l\u2019Euro 2025. Avant d\u2019ajouter, d\u2019un ton admiratif. \u00ab La chance que nous avons, c\u2019est qu\u2019il s\u2019agit d\u2019un jeune homme intelligent, qui pense \u00e0 l\u2019avenir du basket fran\u00e7ais et \u00e0 son propre d\u00e9veloppement. \u00bb<\/p>\n<blockquote class=\"twitter-tweet\">\n<p lang=\"en\" dir=\"ltr\">Victor Wembanyama was fantastic in <a href=\"https:\/\/twitter.com\/hashtag\/Paris2024?src=hash&amp;ref_src=twsrc%5Etfw\" class=\"trk-cta-link\" data-cta-trk=\"{&quot;ctaType&quot;:&quot;Link&quot;,&quot;ctaSubType&quot;:&quot;main&quot;}\" rel=\"nofollow noopener\" target=\"_blank\">#Paris2024<\/a> leading France to \ud83e\udd48\ud83d\udc4f<\/p>\n<p>\ud83d\udc7d 15.8 PPG<br \/>\ud83d\udc7d 9.7 APG<br \/>\ud83d\udc7d 2.0 SPG<br \/>\ud83d\udc7d 1.7 BPG <a href=\"https:\/\/t.co\/yJ7rJVcuMn\" class=\"trk-cta-link\" data-cta-trk=\"{&quot;ctaType&quot;:&quot;Link&quot;,&quot;ctaSubType&quot;:&quot;main&quot;}\" rel=\"nofollow\">pic.twitter.com\/yJ7rJVcuMn<\/a><\/p>\n<p>\u2014 NBA (@NBA) <a href=\"https:\/\/twitter.com\/NBA\/status\/1822412807876358346?ref_src=twsrc%5Etfw\" class=\"trk-cta-link\" data-cta-trk=\"{&quot;ctaType&quot;:&quot;Link&quot;,&quot;ctaSubType&quot;:&quot;main&quot;}\" rel=\"nofollow noopener\" target=\"_blank\">August 10, 2024<\/a><\/p><\/blockquote>\n<p>Si l\u2019attachement de Victor au maillot n\u2019est plus \u00e0 d\u00e9montrer, une telle d\u00e9claration est clairement de nature \u00e0 rassurer la f\u00e9d\u00e9ration de basketball comme les fans des Bleus. A l\u2019image d\u2019un <strong>Tony Parker<\/strong> pr\u00e9sent \u00e0 chaque campagne ou presque pour rafler des m\u00e9dailles et entra\u00eener dans son sillage les meilleurs joueurs fran\u00e7ais, le N\u00b01 des Spurs semble bien d\u00e9cid\u00e9 \u00e0 jouer son r\u00f4le de locomotive \u00e0 plein. Assur\u00e9ment une bonne nouvelle pour le nouveau s\u00e9lectionneur des Bleus, <strong>Freddy Fauthoux<\/strong>.<\/p>\n<p>Pour sa deuxi\u00e8me saison en NBA, le 1er choix de la draft <a href=\"https:\/\/theplayoffs.news\/fr\/category\/nba\/\" class=\"trk-cta-link\" data-cta-trk=\"{&quot;ctaType&quot;:&quot;Link&quot;,&quot;ctaSubType&quot;:&quot;main&quot;}\" rel=\"nofollow noopener\" target=\"_blank\">NBA <\/a>2023 surpasse d\u00e9j\u00e0 les attentes et semble bien parti pour honorer sa premi\u00e8re s\u00e9lection au All-Star Game \u00e0 la mi-f\u00e9vrier. Performant \u00e0 titre individuel, le natif du Chesnay permet par ailleurs aux<strong> Spurs<\/strong> de nourrir quelques espoirs de playoffs cette saison (actuellement 12es de la conf\u00e9rence Ouest) apr\u00e8s un exercice 2023-2024 cauchemardesque (20 victoires et 62 d\u00e9faites). Avec des moyennes de 24,5 points, 10,8 rebonds, 3,7 passes d\u00e9cisives et 3,9 contres par match, l\u2019ancien Metropolitan, \u00e9galement pressenti pour succ\u00e9der \u00e0 Rudy Gobert pour le titre de Meilleur D\u00e9fenseur, n\u2019en finit plus de faire parler de lui.<\/p>\n<p><strong>Lire aussi : <\/strong><\/p>\n<p><a href=\"https:\/\/theplayoffs.news\/fr\/actualite-nba\/scottie-barnes-est-et-jaren-jackson-jr-ouest-elus-joueurs-de-la-semaine-en-nba\/\" class=\"trk-cta-link\" data-cta-trk=\"{&quot;ctaType&quot;:&quot;Link&quot;,&quot;ctaSubType&quot;:&quot;main&quot;}\" rel=\"nofollow noopener\" target=\"_blank\">Barnes et Jackson Jr sont les joueurs de la semaine en NBA !\u00a0<\/a><\/p>\n<p><a href=\"https:\/\/theplayoffs.news\/fr\/actualite-nba\/nba-slam-dunk-contest-2025-mac-mcclung-remet-son-titre-en-jeu\/\" class=\"trk-cta-link\" data-cta-trk=\"{&quot;ctaType&quot;:&quot;Link&quot;,&quot;ctaSubType&quot;:&quot;main&quot;}\" rel=\"nofollow noopener\" target=\"_blank\">NBA Dunk Contest 2025 : Mac McClung remet son titre en jeu !\u00a0<\/a><\/p>\n<p>Cr\u00e9dit Photo : Kyle Terada-USA TODAY Sports<\/p>\n<p>        <script async src=\"https:\/\/platform.twitter.com\/widgets.js\" charset=\"utf-8\"><\/script><\/p>\n","protected":false},"excerpt":{"rendered":"Aug 10, 2024; Paris, France; France power forward Victor Wembanyama (32) shoots against the United States in the&hellip;\n","protected":false},"author":2,"featured_media":257231,"comment_status":"","ping_status":"","sticky":false,"template":"","format":"standard","meta":{"footnotes":""},"categories":[1414],"tags":[1465,1464,1011,27,60],"class_list":{"0":"post-257230","1":"post","2":"type-post","3":"status-publish","4":"format-standard","5":"has-post-thumbnail","7":"category-basket","8":"tag-basket","9":"tag-basketball","10":"tag-fr","11":"tag-france","12":"tag-sports"},"share_on_mastodon":{"url":"https:\/\/pubeurope.com\/@fr\/114876178960454360","error":""},"_links":{"self":[{"href":"https:\/\/www.europesays.com\/fr\/wp-json\/wp\/v2\/posts\/257230","targetHints":{"allow":["GET"]}}],"collection":[{"href":"https:\/\/www.europesays.com\/fr\/wp-json\/wp\/v2\/posts"}],"about":[{"href":"https:\/\/www.europesays.com\/fr\/wp-json\/wp\/v2\/types\/post"}],"author":[{"embeddable":true,"href":"https:\/\/www.europesays.com\/fr\/wp-json\/wp\/v2\/users\/2"}],"replies":[{"embeddable":true,"href":"https:\/\/www.europesays.com\/fr\/wp-json\/wp\/v2\/comments?post=257230"}],"version-history":[{"count":0,"href":"https:\/\/www.europesays.com\/fr\/wp-json\/wp\/v2\/posts\/257230\/revisions"}],"wp:featuredmedia":[{"embeddable":true,"href":"https:\/\/www.europesays.com\/fr\/wp-json\/wp\/v2\/media\/257231"}],"wp:attachment":[{"href":"https:\/\/www.europesays.com\/fr\/wp-json\/wp\/v2\/media?parent=257230"}],"wp:term":[{"taxonomy":"category","embeddable":true,"href":"https:\/\/www.europesays.com\/fr\/wp-json\/wp\/v2\/categories?post=257230"},{"taxonomy":"post_tag","embeddable":true,"href":"https:\/\/www.europesays.com\/fr\/wp-json\/wp\/v2\/tags?post=257230"}],"curies":[{"name":"wp","href":"https:\/\/api.w.org\/{rel}","templated":true}]}}