{"id":257250,"date":"2025-07-18T20:52:13","date_gmt":"2025-07-18T20:52:13","guid":{"rendered":"https:\/\/www.europesays.com\/fr\/257250\/"},"modified":"2025-07-18T20:52:13","modified_gmt":"2025-07-18T20:52:13","slug":"betadine-gaviscon-ces-medicaments-risquent-de-ne-plus-etre-rembourses","status":"publish","type":"post","link":"https:\/\/www.europesays.com\/fr\/257250\/","title":{"rendered":"B\u00e9tadine, Gaviscon&#8230; ces m\u00e9dicaments risquent de ne plus \u00eatre rembours\u00e9s"},"content":{"rendered":"<p class=\"app_entry_lead\">\n                            <a title=\"\u00a0\u00a9\u00a0JJfoto\" href=\"https:\/\/www.europesays.com\/fr\/wp-content\/uploads\/2025\/07\/39524369.jpg\" class=\"fancy\"><\/p>\n<p>                        <img loading=\"lazy\" decoding=\"async\" src=\"https:\/\/www.europesays.com\/fr\/wp-content\/uploads\/2025\/07\/39524369.jpg\" alt=\"B\u00e9tadine, Gaviscon... ces m\u00e9dicaments risquent de ne plus \u00eatre rembours\u00e9s\" width=\"1500\" height=\"1000\"\/><\/p>\n<p>                <\/a><br \/>\n                L&rsquo;Assurance Maladie pourrait bient\u00f4t ne plus prendre en charge 171\u00a0m\u00e9dicaments et traitements vendus en pharmacie.        <\/p>\n<p>Un mal de ventre, une l\u00e9g\u00e8re coupure au doigt, une insomnie r\u00e9currente&#8230; Pour de nombreux tracas du quotidien des millions de Fran\u00e7ais passent \u00e0 la pharmacie et ach\u00e8tent des m\u00e9dicaments ou des antiseptiques aujourd&rsquo;hui tr\u00e8s connus. Comme de nombreux rem\u00e8des vendus dans les officines en\u00a0France, ces m\u00e9dicaments ont l&rsquo;avantage d&rsquo;\u00eatre, en partie, rembours\u00e9s par l&rsquo;Assurance Maladie. Dans le meilleur des cas, certaines\u00a0mutuelles compl\u00e9mentaires de sant\u00e9 peuvent \u00e9galement rembourser une partie du prix de ces achats.<\/p>\n<p>Mais jusqu&rsquo;\u00e0 quand ces m\u00e9dicaments seront-ils rembours\u00e9s ? La question se pose d\u00e9sormais depuis que le ministre de la Sant\u00e9 et de l&rsquo;Acc\u00e8s aux soins, Yannick Neuder, a\u00a0relanc\u00e9 le\u00a0d\u00e9bat sur le\u00a0d\u00e9remboursement de certains m\u00e9dicaments consid\u00e9r\u00e9s comme ayant un \u00ab\u00a0SMR faible\u00a0\u00bb. Derri\u00e8re cet acronyme il faut comprendre : des m\u00e9dicaments avec un \u00ab\u00a0faible\u00a0service m\u00e9dical rendu\u00a0\u00bb. Actuellement\u00a0rembours\u00e9s \u00e0 hauteur de 15% par l&rsquo;Assurance maladie, le gouvernement envisage donc d&rsquo;annuler d\u00e9finitivement le d\u00e9fraiement de ces m\u00e9dicaments. Il qualifie ces traitements de \u00ab\u00a0m\u00e9dicaments de confort\u00a0\u00bb, estimant que leur efficacit\u00e9 th\u00e9rapeutique reste \u00ab\u00a0tr\u00e8s limit\u00e9e\u00a0au regard des preuves scientifiques disponibles\u00a0\u00bb. Et\u00a0le remboursement \u00e0 15% de ces m\u00e9dicaments repr\u00e9sente un co\u00fbt de 600 millions d&rsquo;euros par an pour l&rsquo;Assurance maladie.<\/p>\n<p>Pour rappel, le taux de prise en charge des m\u00e9dicaments par la S\u00e9curit\u00e9 Sociale\u00a0d\u00e9pend de la classification SMR de chaque traitement. Les m\u00e9dicaments \u00e0\u00a0SMR \u00e9lev\u00e9 et important sont rembours\u00e9s \u00e0 65% et 100%. C&rsquo;est le cas par exemple du Doliprane. Les m\u00e9dicaments \u00e0 SMR\u00a0mod\u00e9r\u00e9, eux, sont rembours\u00e9s \u00e0\u00a0hauteur de 30%, comme l&rsquo;Imodium ou le Voltar\u00e8ne. Enfin, apr\u00e8s les m\u00e9dicaments \u00e0\u00a0SMR faible, on trouve les traitements \u00e0 SMR insuffisant qui ne sont tout simplement pas rembours\u00e9s. Parmi eux il y a notamment l&rsquo;antiseptique Biseptine.<\/p>\n<p><img decoding=\"async\" alt=\"\" src=\"https:\/\/www.europesays.com\/fr\/wp-content\/uploads\/2025\/07\/39524370.jpg\"\/><\/p>\n<p>Ainsi, le gouvernement veut faire basculer 171\u00a0m\u00e9dicaments de la cat\u00e9gorie SMR faible \u00e0 la cat\u00e9gorie SMR insuffisant. Cette liste de traitements est d\u00e9finie par la Caisse nationale d&rsquo;assurance maladie des travailleurs salari\u00e9s sur la base des \u00e9valuations de la Haute autorit\u00e9 de sant\u00e9 (HAS).<\/p>\n<p>Parmi les m\u00e9dicaments concern\u00e9s figurent des noms bien connus du\u00a0grand public\u00a0: le Gaviscon, utilis\u00e9 contre les reflux gastriques, le Meteospasmyl pour les troubles digestifs, ou encore le Valium, un anxiolytique largement prescrit.\u00a0D&rsquo;autres produits du quotidien pourraient \u00e9galement perdre leur remboursement partiel, notamment le Dexeryl, une cr\u00e8me hydratante pour les peaux s\u00e8ches, la B\u00e9tadine, le d\u00e9sinfectant de r\u00e9f\u00e9rence dans de nombreux foyers, le Zovirax contre l&rsquo;herp\u00e8s, ou le Noctran, prescrit pour les troubles du sommeil.<\/p>\n<p>Selon le ministre de la Sant\u00e9,\u00a0cette r\u00e9forme permettrait de \u00ab\u00a0concentrer les efforts sur les traitements \u00e0 SMR \u00e9lev\u00e9, rembours\u00e9s \u00e0 65\u00a0% ou 100\u00a0%, l\u00e0 o\u00f9 le gain clinique est d\u00e9montr\u00e9\u00a0\u00bb.<\/p>\n","protected":false},"excerpt":{"rendered":"L&rsquo;Assurance Maladie pourrait bient\u00f4t ne plus prendre en charge 171\u00a0m\u00e9dicaments et traitements vendus en pharmacie. Un mal de&hellip;\n","protected":false},"author":2,"featured_media":257251,"comment_status":"","ping_status":"","sticky":false,"template":"","format":"standard","meta":{"footnotes":""},"categories":[10],"tags":[1011,27,72,71],"class_list":{"0":"post-257250","1":"post","2":"type-post","3":"status-publish","4":"format-standard","5":"has-post-thumbnail","7":"category-sante","8":"tag-fr","9":"tag-france","10":"tag-health","11":"tag-sante"},"share_on_mastodon":{"url":"https:\/\/pubeurope.com\/@fr\/114876222326411172","error":""},"_links":{"self":[{"href":"https:\/\/www.europesays.com\/fr\/wp-json\/wp\/v2\/posts\/257250","targetHints":{"allow":["GET"]}}],"collection":[{"href":"https:\/\/www.europesays.com\/fr\/wp-json\/wp\/v2\/posts"}],"about":[{"href":"https:\/\/www.europesays.com\/fr\/wp-json\/wp\/v2\/types\/post"}],"author":[{"embeddable":true,"href":"https:\/\/www.europesays.com\/fr\/wp-json\/wp\/v2\/users\/2"}],"replies":[{"embeddable":true,"href":"https:\/\/www.europesays.com\/fr\/wp-json\/wp\/v2\/comments?post=257250"}],"version-history":[{"count":0,"href":"https:\/\/www.europesays.com\/fr\/wp-json\/wp\/v2\/posts\/257250\/revisions"}],"wp:featuredmedia":[{"embeddable":true,"href":"https:\/\/www.europesays.com\/fr\/wp-json\/wp\/v2\/media\/257251"}],"wp:attachment":[{"href":"https:\/\/www.europesays.com\/fr\/wp-json\/wp\/v2\/media?parent=257250"}],"wp:term":[{"taxonomy":"category","embeddable":true,"href":"https:\/\/www.europesays.com\/fr\/wp-json\/wp\/v2\/categories?post=257250"},{"taxonomy":"post_tag","embeddable":true,"href":"https:\/\/www.europesays.com\/fr\/wp-json\/wp\/v2\/tags?post=257250"}],"curies":[{"name":"wp","href":"https:\/\/api.w.org\/{rel}","templated":true}]}}