{"id":257254,"date":"2025-07-18T20:54:10","date_gmt":"2025-07-18T20:54:10","guid":{"rendered":"https:\/\/www.europesays.com\/fr\/257254\/"},"modified":"2025-07-18T20:54:10","modified_gmt":"2025-07-18T20:54:10","slug":"au-coeur-de-la-polemique-le-chanteur-amir-reagit-lors-de-son-concert-aux-francofolies-de-spa-video","status":"publish","type":"post","link":"https:\/\/www.europesays.com\/fr\/257254\/","title":{"rendered":"Au c\u0153ur de la pol\u00e9mique, le chanteur Amir r\u00e9agit lors de son concert aux Francofolies de Spa (VIDEO)"},"content":{"rendered":"<p class=\"ap-StoryElement ap-StoryElement--mb ap-StoryText\">\u00c0 une poign\u00e9e d&rsquo;heures du d\u00e9but du festival des Francofolies de Spa, le chanteur franco-isra\u00e9lien Amir <a href=\"https:\/\/www.lalibre.be\/culture\/musique\/francos\/2025\/07\/15\/nous-sommes-mal-a-laise-la-venue-damir-artiste-franco-israelien-aux-francofolies-de-spa-fait-polemique-FW5SQR4TINGOBHIYPDY6TYD4AE\/\" target=\"_blank\" rel=\"noopener\">a suscit\u00e9 la pol\u00e9mique<\/a> pour avoir pris position en faveur de son pays natal. Suite \u00e0 cela, dix artistes qui devaient se produire aux Francos se sont mobilis\u00e9es par l&rsquo;entremise du collectif Li\u00e8ge Occupation Free, contre la venue du chanteur.<\/p>\n<p class=\"ap-StoryElement ap-StoryElement--mb ap-StoryText\">Mais Amir ne s&rsquo;est pas laiss\u00e9 abattre et a tenu \u00e0 faire une petite mise au point durant son concert ce vendredi soir, \u00e0 Spa. \u00ab\u00a0\u00c7a fait quelques jours que je d\u00e9couvre que l&rsquo;amour peut diviser. Pourtant je me suis toujours senti proche de ceux qui souffrent, de ceux qui pleurent, de ceux qui doutent, de ceux qui s&rsquo;excusent. Les douleurs du monde vous traversent comme elles me traversent\u00a0\u00bb, dit-il.<\/p>\n","protected":false},"excerpt":{"rendered":"\u00c0 une poign\u00e9e d&rsquo;heures du d\u00e9but du festival des Francofolies de Spa, le chanteur franco-isra\u00e9lien Amir a suscit\u00e9&hellip;\n","protected":false},"author":2,"featured_media":257255,"comment_status":"","ping_status":"","sticky":false,"template":"","format":"standard","meta":{"footnotes":""},"categories":[8],"tags":[33287,1696,58,59,2399,2396,39716,1011,27,664,22246,3074,11933,858],"class_list":{"0":"post-257254","1":"post","2":"type-post","3":"status-publish","4":"format-standard","5":"has-post-thumbnail","7":"category-divertissement","8":"tag-amir","9":"tag-chanteur","10":"tag-divertissement","11":"tag-entertainment","12":"tag-eurovision","13":"tag-finale","14":"tag-forest-national","15":"tag-fr","16":"tag-france","17":"tag-israel","18":"tag-lalbum","19":"tag-the-voice","20":"tag-titre","21":"tag-voix"},"share_on_mastodon":{"url":"https:\/\/pubeurope.com\/@fr\/114876230080081283","error":""},"_links":{"self":[{"href":"https:\/\/www.europesays.com\/fr\/wp-json\/wp\/v2\/posts\/257254","targetHints":{"allow":["GET"]}}],"collection":[{"href":"https:\/\/www.europesays.com\/fr\/wp-json\/wp\/v2\/posts"}],"about":[{"href":"https:\/\/www.europesays.com\/fr\/wp-json\/wp\/v2\/types\/post"}],"author":[{"embeddable":true,"href":"https:\/\/www.europesays.com\/fr\/wp-json\/wp\/v2\/users\/2"}],"replies":[{"embeddable":true,"href":"https:\/\/www.europesays.com\/fr\/wp-json\/wp\/v2\/comments?post=257254"}],"version-history":[{"count":0,"href":"https:\/\/www.europesays.com\/fr\/wp-json\/wp\/v2\/posts\/257254\/revisions"}],"wp:featuredmedia":[{"embeddable":true,"href":"https:\/\/www.europesays.com\/fr\/wp-json\/wp\/v2\/media\/257255"}],"wp:attachment":[{"href":"https:\/\/www.europesays.com\/fr\/wp-json\/wp\/v2\/media?parent=257254"}],"wp:term":[{"taxonomy":"category","embeddable":true,"href":"https:\/\/www.europesays.com\/fr\/wp-json\/wp\/v2\/categories?post=257254"},{"taxonomy":"post_tag","embeddable":true,"href":"https:\/\/www.europesays.com\/fr\/wp-json\/wp\/v2\/tags?post=257254"}],"curies":[{"name":"wp","href":"https:\/\/api.w.org\/{rel}","templated":true}]}}