{"id":257256,"date":"2025-07-18T20:55:10","date_gmt":"2025-07-18T20:55:10","guid":{"rendered":"https:\/\/www.europesays.com\/fr\/257256\/"},"modified":"2025-07-18T20:55:10","modified_gmt":"2025-07-18T20:55:10","slug":"cette-comete-venue-dailleurs-se-transforme-en-un-arc-en-ciel-cosmique","status":"publish","type":"post","link":"https:\/\/www.europesays.com\/fr\/257256\/","title":{"rendered":"Cette com\u00e8te venue d&rsquo;ailleurs se transforme en un \u00ab arc-en-ciel cosmique \u00bb !"},"content":{"rendered":"<p class=\"whitespace-normal break-words\"><strong>Un spectacle<br \/>\nextraordinaire se d\u00e9roule actuellement dans notre syst\u00e8me solaire.<br \/>\n3I\/ATLAS, une com\u00e8te g\u00e9ante venue des profondeurs interstellaires,<br \/>\noffre aux astronomes un show lumineux sans pr\u00e9c\u00e9dent tout en filant<br \/>\nvers le Soleil \u00e0 une vitesse vertigineuse de 210 000 km\/h. Cette<br \/>\nvoyageuse cosmique, d\u00e9couverte il y a seulement quelques semaines,<br \/>\npourrait bien \u00eatre la plus ancienne com\u00e8te jamais<br \/>\nobserv\u00e9e.<\/strong><\/p>\n<p>Un intrus<br \/>\ncosmique aux dimensions exceptionnelles<\/p>\n<p class=\"whitespace-normal break-words\">Le 1er juillet dernier,<br \/>\nles astronomes ont rep\u00e9r\u00e9 un objet inhabituel traversant notre<br \/>\nvoisinage cosmique. En moins de 24 heures, la NASA confirmait<br \/>\nl\u2019incroyable : il s\u2019agissait d\u2019un <a href=\"https:\/\/sciencepost.fr\/traquee-jusqua-son-berceau-cette-nouvelle-comete-interstellaire-est-bien-plus-ancienne-que-le-systeme-solaire\/\" target=\"_blank\" rel=\"noopener nofollow\">visiteur interstellaire<\/a>, un<br \/>\nfragment \u00e9ject\u00e9 d\u2019un syst\u00e8me stellaire lointain qui traverse<br \/>\nd\u00e9sormais notre r\u00e9gion de l\u2019espace. Avec un diam\u00e8tre pouvant<br \/>\natteindre 24 kilom\u00e8tres, 3I\/ATLAS d\u00e9passe largement ses<br \/>\npr\u00e9d\u00e9cesseurs en taille et en vitesse.<\/p>\n<p class=\"whitespace-normal break-words\">Cette d\u00e9couverte marque un<br \/>\nmoment historique dans l\u2019astronomie moderne. Seulement deux autres<br \/>\nobjets de ce type ont \u00e9t\u00e9 confirm\u00e9s auparavant : l\u2019\u00e9nigmatique<br \/>\n1I\/\u2019Oumuamua en 2017 et la com\u00e8te 2I\/Borisov en 2019. Mais 3I\/ATLAS<br \/>\nse distingue par ses caract\u00e9ristiques exceptionnelles et son<br \/>\norigine myst\u00e9rieuse dans une r\u00e9gion compl\u00e8tement diff\u00e9rente de la<br \/>\nVoie lact\u00e9e.<\/p>\n<p>Un fossile<br \/>\ncosmique vieux de milliards d\u2019ann\u00e9es<\/p>\n<p class=\"whitespace-normal break-words\">Les premi\u00e8res analyses<br \/>\nsugg\u00e8rent que cette com\u00e8te pourrait \u00eatre jusqu\u2019\u00e0 3 milliards<br \/>\nd\u2019ann\u00e9es plus ancienne que notre syst\u00e8me solaire. Cette antiquit\u00e9<br \/>\nextraordinaire en fait potentiellement un v\u00e9ritable fossile<br \/>\ncosmique, t\u00e9moin des premiers temps de la formation galactique.<br \/>\nImaginez : cette boule de glace et de roche a voyag\u00e9 dans l\u2019espace<br \/>\ninterstellaire pendant des milliards d\u2019ann\u00e9es avant d\u2019atteindre<br \/>\nnotre syst\u00e8me solaire.<\/p>\n<p class=\"whitespace-normal break-words\">Cette long\u00e9vit\u00e9<br \/>\nexceptionnelle offre aux scientifiques une opportunit\u00e9 unique<br \/>\nd\u2019\u00e9tudier la composition et les caract\u00e9ristiques d\u2019un objet<br \/>\npr\u00e9serv\u00e9 dans le froid glacial de l\u2019espace interstellaire depuis<br \/>\ndes \u00e9ons. Chaque observation pourrait r\u00e9v\u00e9ler des indices pr\u00e9cieux<br \/>\nsur les conditions qui r\u00e9gnaient dans notre galaxie bien avant la<br \/>\nnaissance du Soleil.<\/p>\n<p>Un<br \/>\nspectacle lumineux captur\u00e9 par les t\u00e9lescopes<\/p>\n<p class=\"whitespace-normal break-words\">Les astronomes du<br \/>\nt\u00e9lescope Gemini Nord, perch\u00e9 au sommet du volcan Mauna Kea \u00e0<br \/>\nHawa\u00ef, suivent attentivement 3I\/ATLAS depuis sa d\u00e9couverte. Leurs<br \/>\nobservations ont produit des images absolument saisissantes,<br \/>\nnotamment une s\u00e9quence acc\u00e9l\u00e9r\u00e9e o\u00f9 la com\u00e8te appara\u00eet comme un<br \/>\ncollier de perles cosmiques oscillant entre le bleu, le rouge et le<br \/>\nvert.<\/p>\n<p class=\"whitespace-normal break-words\">Cette illusion color\u00e9e<br \/>\nr\u00e9sulte de l\u2019utilisation de diff\u00e9rents filtres photographiques<br \/>\ncombin\u00e9s en une seule image. En r\u00e9alit\u00e9, la com\u00e8te \u00e9met une lumi\u00e8re<br \/>\nblanche, mais cette technique r\u00e9v\u00e8le la beaut\u00e9 cach\u00e9e de son<br \/>\nd\u00e9placement dans l\u2019espace. Les astronomes ont \u00e9galement captur\u00e9 des<br \/>\nd\u00e9tails fascinants de sa chevelure, ce nuage de glace, de gaz et de<br \/>\npoussi\u00e8re qui enveloppe le noyau glac\u00e9 de la com\u00e8te.<\/p>\n<p><img loading=\"lazy\" data-lazyloaded=\"1\" decoding=\"async\" class=\"size-full wp-image-313559\" src=\"https:\/\/www.europesays.com\/fr\/wp-content\/uploads\/2025\/07\/BAhmLJsZPfnJyFWReoRAeY-970-80.jpg.webp.webp\" alt=\"com\u00e8te\" width=\"970\" height=\"546\"  data-\/><br \/>\nLes couleurs de la nouvelle image sont le r\u00e9sultat de diff\u00e9rents<br \/>\nfiltres utilis\u00e9s pour imager la chevelure de la com\u00e8te. Cr\u00e9dit<br \/>\nimage : Observatoire international Gemini\/NOIRLab\/NSF\/AURA\/K. Meech<br \/>\n(IfA\/U. Hawaii)Traitement d\u2019image : Jen Miller et Mahdi Zamani (NSF<br \/>\nNOIRLabUne course<br \/>\ncontre la montre pour les scientifiques<\/p>\n<p class=\"whitespace-normal break-words\">Le temps presse pour les<br \/>\nchercheurs. 3I\/ATLAS atteindra son point le plus proche du Soleil<br \/>\n<a href=\"https:\/\/science.nasa.gov\/blogs\/planetary-defense\/2025\/07\/02\/nasa-discovers-interstellar-comet-moving-through-solar-system\/\" target=\"_blank\" rel=\"noopener nofollow\">fin octobre<\/a>, moment o\u00f9 elle<br \/>\ncommencera \u00e0 d\u00e9velopper sa queue com\u00e9taire caract\u00e9ristique sous<br \/>\nl\u2019effet de la chaleur solaire. Cette phase cruciale pourrait<br \/>\nr\u00e9v\u00e9ler des informations capitales sur sa composition interne et<br \/>\nses origines.<\/p>\n<p class=\"whitespace-normal break-words\">La com\u00e8te dispara\u00eetra<br \/>\ntemporairement derri\u00e8re le Soleil en octobre et novembre, avant de<br \/>\nr\u00e9appara\u00eetre et de se rapprocher au plus pr\u00e8s de la Terre<br \/>\nmi-d\u00e9cembre. Elle restera alors \u00e0 une distance s\u00fbre, environ 1,6<br \/>\nfois la distance Terre-Soleil, ne repr\u00e9sentant aucune menace pour<br \/>\nnotre plan\u00e8te.<\/p>\n<p>Un<br \/>\nrendez-vous avec l\u2019histoire en 2026<\/p>\n<p class=\"whitespace-normal break-words\">Bien que trop lointaine<br \/>\npour \u00eatre visible \u00e0 l\u2019\u0153il nu, 3I\/ATLAS devrait s\u2019\u00e9claircir<br \/>\nsuffisamment pour \u00eatre observable avec un t\u00e9lescope amateur ou de<br \/>\nsimples jumelles. Le meilleur moment pour l\u2019admirer sera<br \/>\nprobablement d\u00e9but 2026, offrant aux passionn\u00e9s d\u2019astronomie une<br \/>\nchance unique d\u2019observer directement un messager venu d\u2019un autre<br \/>\nmonde.<\/p>\n<p class=\"whitespace-normal break-words\">Cette visite<br \/>\nexceptionnelle nous rappelle que notre syst\u00e8me solaire n\u2019est pas<br \/>\nisol\u00e9 dans l\u2019univers, mais fait partie d\u2019un r\u00e9seau cosmique<br \/>\ncomplexe o\u00f9 les objets voyagent entre les \u00e9toiles, portant avec eux<br \/>\nles secrets de mondes lointains.<\/p>\n","protected":false},"excerpt":{"rendered":"Un spectacle extraordinaire se d\u00e9roule actuellement dans notre syst\u00e8me solaire. 3I\/ATLAS, une com\u00e8te g\u00e9ante venue des profondeurs interstellaires,&hellip;\n","protected":false},"author":2,"featured_media":257257,"comment_status":"","ping_status":"","sticky":false,"template":"","format":"standard","meta":{"footnotes":""},"categories":[7],"tags":[1011,27,43,40,41,39,42,44],"class_list":{"0":"post-257256","1":"post","2":"type-post","3":"status-publish","4":"format-standard","5":"has-post-thumbnail","7":"category-sciences-et-technologies","8":"tag-fr","9":"tag-france","10":"tag-science","11":"tag-science-and-technology","12":"tag-sciences","13":"tag-sciences-et-technologies","14":"tag-technologies","15":"tag-technology"},"share_on_mastodon":{"url":"https:\/\/pubeurope.com\/@fr\/114876234132097517","error":""},"_links":{"self":[{"href":"https:\/\/www.europesays.com\/fr\/wp-json\/wp\/v2\/posts\/257256","targetHints":{"allow":["GET"]}}],"collection":[{"href":"https:\/\/www.europesays.com\/fr\/wp-json\/wp\/v2\/posts"}],"about":[{"href":"https:\/\/www.europesays.com\/fr\/wp-json\/wp\/v2\/types\/post"}],"author":[{"embeddable":true,"href":"https:\/\/www.europesays.com\/fr\/wp-json\/wp\/v2\/users\/2"}],"replies":[{"embeddable":true,"href":"https:\/\/www.europesays.com\/fr\/wp-json\/wp\/v2\/comments?post=257256"}],"version-history":[{"count":0,"href":"https:\/\/www.europesays.com\/fr\/wp-json\/wp\/v2\/posts\/257256\/revisions"}],"wp:featuredmedia":[{"embeddable":true,"href":"https:\/\/www.europesays.com\/fr\/wp-json\/wp\/v2\/media\/257257"}],"wp:attachment":[{"href":"https:\/\/www.europesays.com\/fr\/wp-json\/wp\/v2\/media?parent=257256"}],"wp:term":[{"taxonomy":"category","embeddable":true,"href":"https:\/\/www.europesays.com\/fr\/wp-json\/wp\/v2\/categories?post=257256"},{"taxonomy":"post_tag","embeddable":true,"href":"https:\/\/www.europesays.com\/fr\/wp-json\/wp\/v2\/tags?post=257256"}],"curies":[{"name":"wp","href":"https:\/\/api.w.org\/{rel}","templated":true}]}}