{"id":257258,"date":"2025-07-18T20:56:11","date_gmt":"2025-07-18T20:56:11","guid":{"rendered":"https:\/\/www.europesays.com\/fr\/257258\/"},"modified":"2025-07-18T20:56:11","modified_gmt":"2025-07-18T20:56:11","slug":"avez-vous-plus-ou-moins-que-la-moyenne-nationale-sur-votre-compte-courant","status":"publish","type":"post","link":"https:\/\/www.europesays.com\/fr\/257258\/","title":{"rendered":"Avez-vous plus ou moins que la moyenne nationale sur votre compte courant\u00a0?"},"content":{"rendered":"<p>        <img decoding=\"async\" loading=\"lazy\" src=\"https:\/\/www.europesays.com\/fr\/wp-content\/uploads\/2025\/07\/39d636b_1695112748534-gettyimages-1130282772.jpg\"  width=\"728\" height=\"410\" alt=\"Plut\u00f4t \u00e0 d\u00e9couvert tous les mois\u00a0? Ou assis sur un matelas confortable pour anticiper le moindre probl\u00e8me financier\u00a0?\"\/>  <\/p>\n<p>Pakin Songmor \/ Getty Images<\/p>\n<p>Plut\u00f4t \u00e0 d\u00e9couvert tous les mois\u00a0? Ou assis sur un matelas confortable pour anticiper le moindre probl\u00e8me financier\u00a0?<\/p>\n<p class=\"asset asset-text\">\u00c9CONOMIE &#8211; Dans le rouge\u00a0? Ou avec suffisamment pour voir venir\u00a0? Le compte courant des Fran\u00e7ais laisse entrevoir de large disparit\u00e9, comme en atteste <a href=\"https:\/\/www.banque-france.fr\/fr\/actualites\/rapport-sur-lepargne-reglementee-2024\" target=\"_blank\" rel=\"noopener\" title=\"Nouvelle fen\u00eatre\">un rapport<\/a> de <a href=\"https:\/\/www.huffingtonpost.fr\/economie\/article\/la-banque-de-france-a-calcule-les-interets-que-57-millions-de-francais-vont-toucher_244105.html\" target=\"_blank\" rel=\"noopener\" title=\"Nouvelle fen\u00eatre\">la Banque de France<\/a> publi\u00e9 ce jeudi 17\u00a0juillet. Et contrairement aux id\u00e9es re\u00e7ues, les Fran\u00e7ais ont visiblement souvent plus d\u2019argent que pas assez sur leur compte courant.<\/p>\n<p class=\"asset asset-text\">Mais comment est-ce possible alors qu\u2019un bon nombre d\u2019actifs <a href=\"https:\/\/www.huffingtonpost.fr\/economie\/article\/decouvert-bancaire-les-frais-sont-souvent-opaques-et-sans-justification-denonce-l-ufc-que-choisir_248535.html\" target=\"_blank\" rel=\"noopener\" title=\"Nouvelle fen\u00eatre\">se retrouvent r\u00e9guli\u00e8rement \u00e0 d\u00e9couvert<\/a>\u00a0? Selon la Banque de France, l\u2019encours moyen d\u2019un d\u00e9p\u00f4t \u00e0 vue (autre nom des comptes courants) s\u2019\u00e9l\u00e8ve \u00e0 7\u00a0701\u00a0euros. Comme le souligne habillement <a href=\"https:\/\/rmc.bfmtv.com\/conso\/banque-et-assurance\/les-francais-ont-en-moyenne-7701-euros-sur-leur-compte-courant-pourquoi-un-montant-si-enorme_AN-202507180361.html?at_brand=BFMTV&amp;at_compte=BFMTV&amp;at_plateforme=twitter&amp;at_campaign=Fan_pages&amp;at_medium=Community_Management\" target=\"_blank\" rel=\"noopener\" title=\"Nouvelle fen\u00eatre\">RMC<\/a>, ce chiffre para\u00eet insens\u00e9 pour un compte utilis\u00e9 quotidiennement (ou presque) pour les d\u00e9penses et virements de tous les jours. Car contrairement \u00e0 certains comptes \u00e9pargne comme le livret A, conserver autant d\u2019argent sur un compte courant ne rapporte pas le moindre centime.<\/p>\n<p class=\"asset asset-text\">Pour comprendre cette moyenne \u00e9tonnante, RMC explique qu\u2019elle est grandement fauss\u00e9e par une petite portion de comptes courants qui disposent d\u2019importantes sommes d\u2019argent. Voire d\u2019immenses sommes. Ainsi, 12\u00a0% des d\u00e9p\u00f4ts \u00e0 vue ont un encours sup\u00e9rieur \u00e0 10\u00a0000\u00a0euros. Sauf qu\u2019\u00e0 eux seuls, ces 12\u00a0% repr\u00e9sentent 83\u00a0% de l\u2019encours total. Ce n\u2019est donc pas 7\u00a0701\u00a0ou 10\u00a0000\u00a0euros qui reposent g\u00e9n\u00e9ralement sur ces comptes mais plusieurs centaines de milliers d\u2019euros. Quand ce n\u2019est pas beaucoup plus. D\u2019autant qu\u2019\u00e0 l\u2019inverse, les 29\u00a0% les plus pauvres (qui disposent de moins de 150\u00a0euros sur leur compte courant) p\u00e8sent seulement 0,1\u00a0%.<\/p>\n<p>    Une m\u00e9diane proche de 1\u00a0000\u00a0euros    <\/p>\n<p class=\"asset asset-text\">Pour tenter d\u2019\u00e9quilibrer les statistiques de la Banque de France, il faut donc se tourner vers un autre indicateur sans doute plus r\u00e9aliste sur l\u2019\u00e9tat du compte en banque de la majorit\u00e9 des Fran\u00e7ais\u00a0: la m\u00e9diane.<\/p>\n<p class=\"asset asset-text\">En partant des donn\u00e9es fournies par la Banque de France, qui r\u00e9v\u00e8lent que 29\u00a0% des Fran\u00e7ais ont moins de 150\u00a0euros, 12\u00a0% entre 150\u00a0et 500\u00a0euros\u00a0et 17\u00a0% entre 500\u00a0et 1\u00a0500\u00a0euros, RMC avance que la m\u00e9diane se situe plut\u00f4t autour de la somme de 1\u00a0000\u00a0euros.<\/p>\n<p class=\"asset asset-text\">Ainsi, une moiti\u00e9 des comptes courants d\u00e9tenus par les Fran\u00e7ais disposent de moins de 1\u00a0000\u00a0euros. Et l\u2019inverse pour l\u2019autre moiti\u00e9 des Fran\u00e7ais. Sachant qu\u2019il existe, en France, 85\u00a0millions de comptes courants, sur une population totale estim\u00e9e au 1er\u00a0janvier\u00a02025\u00a0\u00e0 68,6\u00a0millions d\u2019habitants.<\/p>\n","protected":false},"excerpt":{"rendered":"Pakin Songmor \/ Getty Images Plut\u00f4t \u00e0 d\u00e9couvert tous les mois\u00a0? Ou assis sur un matelas confortable pour&hellip;\n","protected":false},"author":2,"featured_media":257259,"comment_status":"","ping_status":"","sticky":false,"template":"","format":"standard","meta":{"footnotes":""},"categories":[6],"tags":[523,35,10692,33,34,590,1011,27],"class_list":{"0":"post-257258","1":"post","2":"type-post","3":"status-publish","4":"format-standard","5":"has-post-thumbnail","7":"category-economie","8":"tag-banque","9":"tag-business","10":"tag-depenses","11":"tag-economie","12":"tag-economy","13":"tag-finance","14":"tag-fr","15":"tag-france"},"share_on_mastodon":{"url":"https:\/\/pubeurope.com\/@fr\/114876238058779217","error":""},"_links":{"self":[{"href":"https:\/\/www.europesays.com\/fr\/wp-json\/wp\/v2\/posts\/257258","targetHints":{"allow":["GET"]}}],"collection":[{"href":"https:\/\/www.europesays.com\/fr\/wp-json\/wp\/v2\/posts"}],"about":[{"href":"https:\/\/www.europesays.com\/fr\/wp-json\/wp\/v2\/types\/post"}],"author":[{"embeddable":true,"href":"https:\/\/www.europesays.com\/fr\/wp-json\/wp\/v2\/users\/2"}],"replies":[{"embeddable":true,"href":"https:\/\/www.europesays.com\/fr\/wp-json\/wp\/v2\/comments?post=257258"}],"version-history":[{"count":0,"href":"https:\/\/www.europesays.com\/fr\/wp-json\/wp\/v2\/posts\/257258\/revisions"}],"wp:featuredmedia":[{"embeddable":true,"href":"https:\/\/www.europesays.com\/fr\/wp-json\/wp\/v2\/media\/257259"}],"wp:attachment":[{"href":"https:\/\/www.europesays.com\/fr\/wp-json\/wp\/v2\/media?parent=257258"}],"wp:term":[{"taxonomy":"category","embeddable":true,"href":"https:\/\/www.europesays.com\/fr\/wp-json\/wp\/v2\/categories?post=257258"},{"taxonomy":"post_tag","embeddable":true,"href":"https:\/\/www.europesays.com\/fr\/wp-json\/wp\/v2\/tags?post=257258"}],"curies":[{"name":"wp","href":"https:\/\/api.w.org\/{rel}","templated":true}]}}