{"id":257262,"date":"2025-07-18T20:58:09","date_gmt":"2025-07-18T20:58:09","guid":{"rendered":"https:\/\/www.europesays.com\/fr\/257262\/"},"modified":"2025-07-18T20:58:09","modified_gmt":"2025-07-18T20:58:09","slug":"billet-une-organisation-millimetree-et-stupefiante-orchestree-par-le-prefet-lors-de-lincendie-de-martigues","status":"publish","type":"post","link":"https:\/\/www.europesays.com\/fr\/257262\/","title":{"rendered":"Billet. Une organisation millim\u00e9tr\u00e9e et stup\u00e9fiante orchestr\u00e9e par le pr\u00e9fet lors de l&rsquo;incendie de Martigues"},"content":{"rendered":"<p>Tous les gamins, ou presque, r\u00eavent, un jour, de <a href=\"https:\/\/www.laprovence.com\/article\/region\/1937593949688414\/devenir-pompier-volontaire-au-lycee-une-convention-pour-sensibiliser-les-jeunes-aux-secours-au-chaffaut-saint-jurson\" target=\"_blank\" rel=\"nofollow noopener\">devenir pompier<\/a>. La lueur des gyrophares a toujours attir\u00e9 l&rsquo;\u0153il, certes, mais depuis deux jours, au-del\u00e0 de ces lumi\u00e8res, de la danse a\u00e9rienne des Canadair, et de la vaillance des hommes et femmes engag\u00e9s dans un rude combat contre les flammes, c&rsquo;est surtout la technologie et la logistique d\u00e9ploy\u00e9es autour de ce feu qui laissent admiratif.<\/p>\n<p>Pour avoir, je l&rsquo;avoue, embrass\u00e9 cette activit\u00e9 il y a quelques ann\u00e9es, je mesure d&rsquo;autant mieux ces avanc\u00e9es technologiques que l&rsquo;immersion au sein du PC de commandement, ces derniers jours, a \u00e9t\u00e9 une v\u00e9ritable claque. Jeudi soir, les images r\u00e9alis\u00e9es \u00e0 la cam\u00e9ra technique et diffus\u00e9es en direct sur un \u00e9cran g\u00e9ant, depuis les airs par un <a href=\"https:\/\/www.laprovence.com\/article\/faits-divers-justice\/29296146202871\/incendie-aux-pennes-mirabeau-les-pilotes-ont-vraiment-fait-leur-maximum\" target=\"_blank\" rel=\"nofollow noopener\">avion de la s\u00e9curit\u00e9 civile<\/a>, exposaient \u00e0 l&rsquo;\u0153il des pros, le contexte, la complexit\u00e9 de la t\u00e2che et l&rsquo;\u00e9tendue des d\u00e9g\u00e2ts.<\/p>\n<p>C&rsquo;\u00e9tait d\u00e9j\u00e0 bluffant. Le temps du crayonn\u00e9 sur une carte ou un papier, \u00e0 l&rsquo;ancienne, est d\u00e9sormais tr\u00e8s loin. Mais que dire de l&rsquo;organisation des secours ? Sur deux jours, plus de 1 000 pompiers, des policiers, des gendarmes, des militaires, des m\u00e9decins et infirmiers, des civils \u00e0 g\u00e9rer&#8230;<\/p>\n<p>L&rsquo;organisation \u00e9tait millim\u00e9tr\u00e9e, surr\u00e9aliste, stup\u00e9fiante. Le tout donnait l&rsquo;air d&rsquo;un v\u00e9ritable ballet, orchestr\u00e9 par le pr\u00e9fet (via son sous-pr\u00e9fet d&rsquo;Aix) qui dirigeait les op\u00e9rations, en s&rsquo;appuyant sur un commandement des <a href=\"https:\/\/www.laprovence.com\/article\/societe\/2860312848002514\/le-sdis-organise-un-exercice-devacuation-dans-une-residence-autonomie-pour-personnes-agees-a-saint-remy\" target=\"_blank\" rel=\"nofollow noopener\">secours organis\u00e9s par le Sdis<\/a>. Une strat\u00e9gie efficace qui a fait ses preuves et qui d\u00e9montre, s&rsquo;il le fallait, la comp\u00e9tence de la cha\u00eene de secours fran\u00e7aise en mati\u00e8re de lutte contre les feux de for\u00eats.<\/p>\n","protected":false},"excerpt":{"rendered":"Tous les gamins, ou presque, r\u00eavent, un jour, de devenir pompier. La lueur des gyrophares a toujours attir\u00e9&hellip;\n","protected":false},"author":2,"featured_media":257263,"comment_status":"","ping_status":"","sticky":false,"template":"","format":"standard","meta":{"footnotes":""},"categories":[4],"tags":[17,11,11720,1011,27,39717,12,39719,9640,5912,16,25,39718,96],"class_list":{"0":"post-257262","1":"post","2":"type-post","3":"status-publish","4":"format-standard","5":"has-post-thumbnail","7":"category-france","8":"tag-17","9":"tag-actualites","10":"tag-billet","11":"tag-fr","12":"tag-france","13":"tag-millimetree","14":"tag-news","15":"tag-orchestree","16":"tag-organisation","17":"tag-par","18":"tag-region","19":"tag-republique-francaise","20":"tag-stupefiante","21":"tag-une"},"share_on_mastodon":{"url":"https:\/\/pubeurope.com\/@fr\/114876245856454234","error":""},"_links":{"self":[{"href":"https:\/\/www.europesays.com\/fr\/wp-json\/wp\/v2\/posts\/257262","targetHints":{"allow":["GET"]}}],"collection":[{"href":"https:\/\/www.europesays.com\/fr\/wp-json\/wp\/v2\/posts"}],"about":[{"href":"https:\/\/www.europesays.com\/fr\/wp-json\/wp\/v2\/types\/post"}],"author":[{"embeddable":true,"href":"https:\/\/www.europesays.com\/fr\/wp-json\/wp\/v2\/users\/2"}],"replies":[{"embeddable":true,"href":"https:\/\/www.europesays.com\/fr\/wp-json\/wp\/v2\/comments?post=257262"}],"version-history":[{"count":0,"href":"https:\/\/www.europesays.com\/fr\/wp-json\/wp\/v2\/posts\/257262\/revisions"}],"wp:featuredmedia":[{"embeddable":true,"href":"https:\/\/www.europesays.com\/fr\/wp-json\/wp\/v2\/media\/257263"}],"wp:attachment":[{"href":"https:\/\/www.europesays.com\/fr\/wp-json\/wp\/v2\/media?parent=257262"}],"wp:term":[{"taxonomy":"category","embeddable":true,"href":"https:\/\/www.europesays.com\/fr\/wp-json\/wp\/v2\/categories?post=257262"},{"taxonomy":"post_tag","embeddable":true,"href":"https:\/\/www.europesays.com\/fr\/wp-json\/wp\/v2\/tags?post=257262"}],"curies":[{"name":"wp","href":"https:\/\/api.w.org\/{rel}","templated":true}]}}