{"id":257264,"date":"2025-07-18T20:59:10","date_gmt":"2025-07-18T20:59:10","guid":{"rendered":"https:\/\/www.europesays.com\/fr\/257264\/"},"modified":"2025-07-18T20:59:10","modified_gmt":"2025-07-18T20:59:10","slug":"un-restaurateur-poignarde-par-une-horde-dechainee-de-dizaines-dindividus-devant-son-etablissement-a-jullouville-dans-la-manche","status":"publish","type":"post","link":"https:\/\/www.europesays.com\/fr\/257264\/","title":{"rendered":"Un restaurateur poignard\u00e9 par une \u00abhorde d\u00e9cha\u00een\u00e9e\u00bb de dizaines d\u2019individus devant son \u00e9tablissement, \u00e0 Jullouville dans la Manche"},"content":{"rendered":"<p>Une enqu\u00eate a \u00e9t\u00e9 ouverte pour d\u00e9terminer les circonstances de l\u2019agression. Le maire de Jullouville, petite station baln\u00e9aire, a demand\u00e9 \u00ab\u00e0 ce qu\u2019il n\u2019y ait pas de laxisme\u00bb.<\/p>\n<p class=\"fig-paragraph\">Une \u00abhorde d\u00e9cha\u00een\u00e9e\u00bb d\u2019une vingtaine d\u2019individus s\u2019en est prise \u00e0 lui, sa femme et son restaurant, selon le r\u00e9cit de son \u00e9quipe. Une sc\u00e8ne d\u2019une rare violence s\u2019est d\u00e9roul\u00e9e dans la nuit du mercredi 16 au jeudi 17 juillet dans la petite station baln\u00e9aire de\u00a0<a href=\"https:\/\/www.lefigaro.fr\/sports\/voile\/fil-info\/depart-de-la-3e-etape-a-jullouville-868106\" target=\"_blank\" data-fig-type=\"NewsFlash\" rel=\"noopener\" data-gtm-custom-categorie=\"navigation\" data-gtm-custom-action=\"crossclick\" data-gtm-custom-label=\"Contextuel\" data-gtm-event=\"customEventSPE\" data-fig-domain=\"LEFIGARO\">Jullouville<\/a>, dans la\u00a0<a href=\"http:\/\/www.lefigaro.fr\/international\/comment-la-france-et-le-royaume-uni-essaient-de-reguler-l-immigration-clandestine-dans-la-manche-20250707\" target=\"_blank\" data-fig-type=\"Article\" rel=\"noopener\" data-gtm-custom-categorie=\"navigation\" data-gtm-custom-action=\"crossclick\" data-gtm-custom-label=\"Contextuel\" data-gtm-event=\"customEventSPE\" data-fig-domain=\"LEFIGARO\">Manche<\/a>, a appris Le Figaro ce vendredi. Une enqu\u00eate a \u00e9t\u00e9 ouverte par le parquet de Coutances pour d\u00e9terminer les circonstances exactes des faits, qui ont \u00e9t\u00e9 relay\u00e9s par le maire de Jullouville.<\/p>\n<p class=\"fig-paragraph\">L\u2019histoire d\u00e9bute quelques jours plus t\u00f4t, lorsque une trentaine d\u2019individus s\u2019installe en pleine nuit sur la terrasse du restaurant La Promenade, situ\u00e9 en bord de mer. Le responsable du restaurant, Elie Lebaillif, exige alors leur d\u00e9part. M\u00e9contente, la bande commence \u00e0 endommager des chaises, avant de prendre la fuite \u00e0 l\u2019arriv\u00e9e, rapide, des\u00a0<a href=\"http:\/\/www.lefigaro.fr\/bordeaux\/bassin-d-arcachon-un-gendarme-renverse-par-un-chauffard-le-suspect-mis-en-examen-pour-tentative-de-meurtre-20250716\" target=\"_blank\" data-fig-type=\"NewsFlash\" rel=\"noopener\" data-gtm-custom-categorie=\"navigation\" data-gtm-custom-action=\"crossclick\" data-gtm-custom-label=\"Contextuel\" data-gtm-event=\"customEventSPE\" data-fig-domain=\"LEFIGARO\">gendarmes<\/a>. Mais \u00e0 une heure du matin le 17 juillet, la m\u00eame bande, selon l\u2019\u00e9quipe du restaurant qui a publi\u00e9 un long t\u00e9moignage sur Facebook, revient pour en d\u00e9coudre.<\/p>\n<p>                                    <a class=\"fig-a11y-skip a11y-hidden\" href=\"#fig-a11y-skip-main-inarticle\"><br \/>\n        Passer la publicit\u00e9<br \/>\n    <\/a><\/p>\n<p>\u00abRevenus en meute\u00bb<\/p>\n<p class=\"fig-paragraph\">\u00abCe soir-l\u00e0, ils sont revenus, en meute \u00e9videmment &#8211; car seul, on se sent tout de suite moins fort. Ils ont tout cass\u00e9: portes, tables, fen\u00eatres, chaises, porte-menu. Ils ont tent\u00e9 de d\u00e9truire ce que des ann\u00e9es de labeur ont construit\u00bb, peut-on lire sur le compte Facebook de La Promenade. Des pierres sont jet\u00e9es contre la fa\u00e7ade, et des coups donn\u00e9s sur la porte menant \u00e0 la cuisine. Le responsable sort de l\u2019\u00e9tablissement et tente de les raisonner: en vain. Sa femme s\u2019approche d\u2019eux \u00e9galement, avant qu\u2019elle ne soit gifl\u00e9e et \u00abjet\u00e9e contre des barri\u00e8res\u00bb. \u00abIls ont cass\u00e9 ses lunettes\u00bb, raconte aussi le patron aupr\u00e8s de nos confr\u00e8res de France Bleu.<\/p>\n<p class=\"fig-paragraph\">Elie Lebaillif tente alors de la d\u00e9fendre, mais au moins un individu sort une lame et le poignarde \u00e0 la fesse. \u00abLe chef, 60 ans, s\u2019est retrouv\u00e9 seul contre une horde d\u00e9cha\u00een\u00e9e\u00bb, poursuit l\u2019\u00e9quipe du restaurant. \u00abEt pendant ce temps, des dizaines de t\u00e9l\u00e9phones filmaient\u00bb. Le couple se r\u00e9fugie ensuite dans la cuisine en attendant l\u2019arriv\u00e9e de son fils et de son gendre, et filme les faits. Dans plusieurs vid\u00e9os que Le Figaro a pu obtenir de la part du restaurateur, l\u2019on peut voir plusieurs jeunes individus insulter le responsable, et jeter du mobilier sur les fen\u00eatres de la cuisine. La gendarmerie d\u00e9barquera plusieurs minutes plus tard, ce qui provoquera la fuite de la bande.<\/p>\n<p>    Le pantalon du responsable du restaurant, couvert de sang.<br \/>\n                Restaurant La Promenade<\/p>\n<p class=\"fig-paragraph\">Sur place, les gendarmes constatent les d\u00e9g\u00e2ts: vitrine bris\u00e9e, mobilier urbain saccag\u00e9&#8230; Leur voiture a \u00e9galement \u00e9t\u00e9 vis\u00e9e par un projectile, ont-ils confirm\u00e9 aupr\u00e8s d\u2019<a href=\"https:\/\/actu.fr\/normandie\/jullouville_50066\/un-restaurateur-poignarde-pendant-une-bagarre-pres-de-granville_62930432.html\" target=\"_blank\" rel=\"sponsored noopener\" data-gtm-custom-categorie=\"navigation\" data-gtm-custom-action=\"crossclick\" data-gtm-custom-label=\"Contextuel\" data-gtm-event=\"customEventSPE\">actu.fr<\/a>. \u00abJ\u2019ai pu constater que la lunette arri\u00e8re d\u2019une voiture de gendarme avait \u00e9t\u00e9 cass\u00e9e\u00bb, abonde le maire de la commune, Alain Bri\u00e8re.<\/p>\n<p>    La porte de la cuisine du restaurant.<br \/>\n                Restaurant La Promenade<\/p>\n<p class=\"fig-paragraph\">D\u2019apr\u00e8s l\u2019\u00e9quipe de La Promenade, Elie Lebaillif a \u00e9t\u00e9 transport\u00e9 \u00e0 l\u2019h\u00f4pital. \u00ab\u00c0 4h du matin, le chef sortait de l\u2019h\u00f4pital. \u00c0 6h, il \u00e9tait en cuisine. Sans un mot. Sans plainte. Il a cuisin\u00e9. Pour faire ce qu\u2019il sait faire: servir les autres\u00bb, peut-on lire. \u00abNous esp\u00e9rons &#8211; sans trop d\u2019illusions &#8211; que la justice agira avec fermet\u00e9\u00bb, a \u00e9crit l\u2019\u00e9quipe, appelant les autorit\u00e9s \u00e0 retrouver rapidement les auteurs des faits. De son c\u00f4t\u00e9, le maire a \u00abdemand\u00e9 \u00e0 ce qu\u2019il n\u2019y ait pas de laxisme\u00bb. \u00abAujourd\u2019hui, je ne peux que constater les d\u00e9g\u00e2ts\u00bb, a d\u00e9plor\u00e9 Alain Bri\u00e8re. \u00abOn est une station baln\u00e9aire plut\u00f4t calme et familiale. C\u2019est pour \u00e7a que tout le monde est surpris.\u00bb Aucune interpellation n\u2019a eu lieu pour l\u2019heure. Contact\u00e9 par Le Figaro, le restaurant, qui nous a envoy\u00e9 des vid\u00e9os, assure que les clients ont d\u00e9sormais peur d\u2019\u00eatre pris pour cible.<\/p>\n<p>    Devant le restaurant La Promenade.<br \/>\n                Restaurant La Promenade<\/p>\n","protected":false},"excerpt":{"rendered":"Une enqu\u00eate a \u00e9t\u00e9 ouverte pour d\u00e9terminer les circonstances de l\u2019agression. Le maire de Jullouville, petite station baln\u00e9aire,&hellip;\n","protected":false},"author":2,"featured_media":257265,"comment_status":"","ping_status":"","sticky":false,"template":"","format":"standard","meta":{"footnotes":""},"categories":[2],"tags":[11,5264,1011,27,12,1340],"class_list":{"0":"post-257264","1":"post","2":"type-post","3":"status-publish","4":"format-standard","5":"has-post-thumbnail","7":"category-actualites","8":"tag-actualites","9":"tag-couteau","10":"tag-fr","11":"tag-france","12":"tag-news","13":"tag-restaurant"},"share_on_mastodon":{"url":"https:\/\/pubeurope.com\/@fr\/114876250417880209","error":""},"_links":{"self":[{"href":"https:\/\/www.europesays.com\/fr\/wp-json\/wp\/v2\/posts\/257264","targetHints":{"allow":["GET"]}}],"collection":[{"href":"https:\/\/www.europesays.com\/fr\/wp-json\/wp\/v2\/posts"}],"about":[{"href":"https:\/\/www.europesays.com\/fr\/wp-json\/wp\/v2\/types\/post"}],"author":[{"embeddable":true,"href":"https:\/\/www.europesays.com\/fr\/wp-json\/wp\/v2\/users\/2"}],"replies":[{"embeddable":true,"href":"https:\/\/www.europesays.com\/fr\/wp-json\/wp\/v2\/comments?post=257264"}],"version-history":[{"count":0,"href":"https:\/\/www.europesays.com\/fr\/wp-json\/wp\/v2\/posts\/257264\/revisions"}],"wp:featuredmedia":[{"embeddable":true,"href":"https:\/\/www.europesays.com\/fr\/wp-json\/wp\/v2\/media\/257265"}],"wp:attachment":[{"href":"https:\/\/www.europesays.com\/fr\/wp-json\/wp\/v2\/media?parent=257264"}],"wp:term":[{"taxonomy":"category","embeddable":true,"href":"https:\/\/www.europesays.com\/fr\/wp-json\/wp\/v2\/categories?post=257264"},{"taxonomy":"post_tag","embeddable":true,"href":"https:\/\/www.europesays.com\/fr\/wp-json\/wp\/v2\/tags?post=257264"}],"curies":[{"name":"wp","href":"https:\/\/api.w.org\/{rel}","templated":true}]}}