{"id":257266,"date":"2025-07-18T21:00:13","date_gmt":"2025-07-18T21:00:13","guid":{"rendered":"https:\/\/www.europesays.com\/fr\/257266\/"},"modified":"2025-07-18T21:00:13","modified_gmt":"2025-07-18T21:00:13","slug":"saint-etienne-une-cagoule-sur-la-tete-il-degrade-des-commerces-et-vole-des-objets-a-linterieur","status":"publish","type":"post","link":"https:\/\/www.europesays.com\/fr\/257266\/","title":{"rendered":"Saint-Etienne. Une cagoule sur la t\u00eate, il d\u00e9grade des commerces et vole des objets \u00e0 l\u2019int\u00e9rieur"},"content":{"rendered":"<p>Les motivations de son passage \u00e0 l\u2019action demeurent tr\u00e8s floues. Reste que ce jeune homme, le visage dissimul\u00e9 sous une cagoule, a d\u00e9grad\u00e9 les vitrines de plusieurs commerces dans le bas du quartier du Cr\u00eat-de-Roc \u00e0 Saint-Etienne, le 16 juillet, au cours de la nuit. Une fois le m\u00e9fait ex\u00e9cut\u00e9, il a commis des vols \u00e0 l\u2019int\u00e9rieur de ces commerces situ\u00e9s entre la rue Raisin et la rue Blanqui.<\/p>\n<p>Alert\u00e9e par le bruit, une commer\u00e7ante vivant \u00e0 proximit\u00e9 a pr\u00e9venu les forces de police qui sont rapidement intervenues sur les lieux. Gr\u00e2ce \u00e0 la description pr\u00e9cise de l\u2019individu, les fonctionnaires ont ensuite pu le retrouver dans une rue voisine, toujours avec la cagoule sur la t\u00eate. Au cours de la palpation de s\u00e9curit\u00e9, les policiers vont d\u00e9couvrir dans ses poches un couteau de type Opinel ainsi que le butin de ses vols dans les \u00e9tablissements visit\u00e9s.<\/p>\n<p>  Il menace de mort son avocat pendant son audition<\/p>\n<p>Les agents vont ainsi mettre la main sur une somme d\u2019argent en num\u00e9raire, mais \u00e9galement divers objets comme des gants d\u00e9rob\u00e9s dans un local de chantier. Au moins trois victimes ont d\u00e9pos\u00e9 plainte aupr\u00e8s des services de police. Le jeune homme \u00e2g\u00e9 de 20 ans et originaire de Saint-Etienne a ensuite \u00e9t\u00e9 interpell\u00e9 vers 3\u00a0h\u00a040 puis conduit dans les locaux de l\u2019h\u00f4tel de police dans le cadre d\u2019une garde \u00e0 vue.<\/p>\n<p>Au cours de son audition, tout ne s\u2019est pas d\u00e9roul\u00e9 comme pr\u00e9vu.<\/p>\n<p>En effet, d\u2019apr\u00e8s une source polici\u00e8re, apr\u00e8s avoir menac\u00e9 de mort son conseil, le jeune homme s\u2019en est pris physiquement au policier charg\u00e9 de sa s\u00e9curit\u00e9. Il a finalement \u00e9t\u00e9 pr\u00e9sent\u00e9 \u00e0 un magistrat qui a d\u00e9cid\u00e9 de le renvoyer devant le tribunal correctionnel de Saint-Etienne dans le cadre d\u2019une comparution imm\u00e9diate pour d\u00e9gradation d\u2019un bien avec le visage dissimul\u00e9, port d\u2019arme, violences, vols et menaces de mort.<\/p>\n","protected":false},"excerpt":{"rendered":"Les motivations de son passage \u00e0 l\u2019action demeurent tr\u00e8s floues. Reste que ce jeune homme, le visage dissimul\u00e9&hellip;\n","protected":false},"author":2,"featured_media":257267,"comment_status":"","ping_status":"","sticky":false,"template":"","format":"standard","meta":{"footnotes":""},"categories":[9653],"tags":[1111,11,2430,4406,271,272,33,7539,1777,674,274,1011,27,3367,12,25,4001,7538,104],"class_list":{"0":"post-257266","1":"post","2":"type-post","3":"status-publish","4":"format-standard","5":"has-post-thumbnail","7":"category-saint-etienne","8":"tag-actu","9":"tag-actualites","10":"tag-auvergne-rhone-alpes","11":"tag-commerce-et-services","12":"tag-crime","13":"tag-delit-et-contravention","14":"tag-economie","15":"tag-edition-loire-sud","16":"tag-eu","17":"tag-europe","18":"tag-faits-divers-justice","19":"tag-fr","20":"tag-france","21":"tag-loire","22":"tag-news","23":"tag-republique-francaise","24":"tag-saint-etienne","25":"tag-saint-etienne-ville","26":"tag-societe"},"share_on_mastodon":{"url":"https:\/\/pubeurope.com\/@fr\/114876253663199294","error":""},"_links":{"self":[{"href":"https:\/\/www.europesays.com\/fr\/wp-json\/wp\/v2\/posts\/257266","targetHints":{"allow":["GET"]}}],"collection":[{"href":"https:\/\/www.europesays.com\/fr\/wp-json\/wp\/v2\/posts"}],"about":[{"href":"https:\/\/www.europesays.com\/fr\/wp-json\/wp\/v2\/types\/post"}],"author":[{"embeddable":true,"href":"https:\/\/www.europesays.com\/fr\/wp-json\/wp\/v2\/users\/2"}],"replies":[{"embeddable":true,"href":"https:\/\/www.europesays.com\/fr\/wp-json\/wp\/v2\/comments?post=257266"}],"version-history":[{"count":0,"href":"https:\/\/www.europesays.com\/fr\/wp-json\/wp\/v2\/posts\/257266\/revisions"}],"wp:featuredmedia":[{"embeddable":true,"href":"https:\/\/www.europesays.com\/fr\/wp-json\/wp\/v2\/media\/257267"}],"wp:attachment":[{"href":"https:\/\/www.europesays.com\/fr\/wp-json\/wp\/v2\/media?parent=257266"}],"wp:term":[{"taxonomy":"category","embeddable":true,"href":"https:\/\/www.europesays.com\/fr\/wp-json\/wp\/v2\/categories?post=257266"},{"taxonomy":"post_tag","embeddable":true,"href":"https:\/\/www.europesays.com\/fr\/wp-json\/wp\/v2\/tags?post=257266"}],"curies":[{"name":"wp","href":"https:\/\/api.w.org\/{rel}","templated":true}]}}