{"id":25727,"date":"2025-04-15T02:42:14","date_gmt":"2025-04-15T02:42:14","guid":{"rendered":"https:\/\/www.europesays.com\/fr\/25727\/"},"modified":"2025-04-15T02:42:14","modified_gmt":"2025-04-15T02:42:14","slug":"gerald-darmanin-accelere-la-construction-de-3000-places-de-prison-en-prefabrique","status":"publish","type":"post","link":"https:\/\/www.europesays.com\/fr\/25727\/","title":{"rendered":"G\u00e9rald Darmanin acc\u00e9l\u00e8re la construction de 3000\u00a0places de prison en pr\u00e9fabriqu\u00e9"},"content":{"rendered":"<p><strong>INFO LE FIGARO &#8211; <\/strong>Ces infrastructures \u00abmodulaires\u00bb, que le ministre de la Justice est all\u00e9 visiter en Allemagne vendredi, accueilleront des d\u00e9tenus en fin de peine ou condamn\u00e9s \u00e0 de courtes dur\u00e9es. Une premi\u00e8re sortira de terre \u00e0 l\u2019automne 2026 dans l\u2019Aube.<\/p>\n<p class=\"fig-paragraph\">Fa\u00e7on \u00ab\u00a0team building\u00a0\u00bb.\u00a0<a href=\"http:\/\/www.lefigaro.fr\/politique\/lfi-boycotte-la-tournee-generale-de-darmanin-a-la-buvette-de-l-assemblee-les-indiscrets-du-figaro-20250328\" target=\"_blank\" data-fig-type=\"NewsFlash\" rel=\"noopener\" data-gtm-custom-categorie=\"navigation\" data-gtm-custom-action=\"crossclick\" data-gtm-custom-label=\"Contextuel\" data-gtm-event=\"customEventSPE\" data-fig-domain=\"LEFIGARO\">G\u00e9rald Darmanin<\/a>\u00a0n\u2019a pas men\u00e9 le minist\u00e8re de l\u2019Int\u00e9rieur par la force, il ne le fera pas davantage\u00a0<a href=\"http:\/\/www.lefigaro.fr\/actualite-france\/gerald-darmanin-souhaite-que-les-etrangers-puissent-purger-leur-peine-dans-leur-pays-20250313\" target=\"_blank\" data-fig-type=\"NewsFlash\" rel=\"noopener\" data-gtm-custom-categorie=\"navigation\" data-gtm-custom-action=\"crossclick\" data-gtm-custom-label=\"Contextuel\" data-gtm-event=\"customEventSPE\" data-fig-domain=\"LEFIGARO\">Place Vend\u00f4me<\/a>. Question de temps et de temp\u00e9rament\u00a0: le ministre de la Justice en poste pr\u00e9f\u00e8re gouverner \u00e0 la conviction et, comme il le dit, \u00ab\u00a0emmener les professionnels vers les projets, pour qu\u2019ils nous accompagnent\u00a0\u00bb. \u00ab\u00a0Il y a des r\u00e9sistances, mais il faut \u00e9couter et convaincre\u00a0\u00bb, ajoute-t-il.<\/p>\n<p class=\"fig-paragraph\">C\u2019est le cas dans le dossier des prisons pr\u00e9fabriqu\u00e9es, ces infrastructures que le\u00a0<a href=\"http:\/\/www.lefigaro.fr\/actualite-france\/gerald-darmanin-au-figaro-mon-plan-pour-couper-du-monde-les-100-narcotrafiquants-les-plus-dangereux-20250220\" target=\"_blank\" data-fig-type=\"Article\" rel=\"noopener\" data-gtm-custom-categorie=\"navigation\" data-gtm-custom-action=\"crossclick\" data-gtm-custom-label=\"Contextuel\" data-gtm-event=\"customEventSPE\" data-fig-domain=\"LEFIGARO\">garde des Sceaux\u00a0<\/a>souhaite voir sortir de terre pour incarc\u00e9rer les d\u00e9tenus en fin de peine, ou condamn\u00e9s pour de courtes dur\u00e9es. Un projet loin de faire l\u2019unanimit\u00e9 chez les surveillants p\u00e9nitentiaires, inquiets d\u2019une d\u00e9gradation rapide de ces prisons \u00ab\u00a0modulaires\u00a0\u00bb et de leurs conditions de travail.<\/p>\n<p>\u00a0\u00bb<br \/>\n        data-script=\u00a0\u00bbhttps:\/\/static.lefigaro.fr\/widget-video\/short-ttl\/video\/index.js\u00a0\u00bb<br \/>\n    &gt;<\/p>\n<p>\u00abIl faut construire beaucoup et plus vite\u00bb<\/p>\n<p class=\"fig-paragraph\">Aussi vendredi dernier, comme il l\u2019a fait il y a quinze jours en Angleterre, G\u00e9rald Darmanin a embarqu\u00e9 les\u00a0<a href=\"http:\/\/www.lefigaro.fr\/actualite-france\/gerald-darmanin-donne-le-coup-d-envoi-de-la-premiere-prison-haute-securite-20250407\" target=\"_blank\" data-fig-type=\"Article\" rel=\"noopener\" data-gtm-custom-categorie=\"navigation\" data-gtm-custom-action=\"crossclick\" data-gtm-custom-label=\"Contextuel\" data-gtm-event=\"customEventSPE\" data-fig-domain=\"LEFIGARO\">quatre grandes organisations syndicales de la p\u00e9nitentiaire<\/a>\u00a0&#8211; la CGT\u2026<\/p>\n<p class=\"fig-premium-paywall__infos\">\n        Cet article est r\u00e9serv\u00e9 aux abonn\u00e9s.        Il vous reste 89% \u00e0 d\u00e9couvrir.\n    <\/p>\n<p>                <img  data- alt=\"Le Figaro\" class=\"fig-img--complete fig-img\"\/><\/p>\n<p class=\"fig-premium-paywall__title\">Vous avez envie de lire la suite ?<\/p>\n<p class=\"fig-premium-paywall__subtitle\">D\u00e9bloquez tous les articles imm\u00e9diatement.<\/p>\n<p class=\"fig-premium-paywall__connect\">\n                D\u00e9j\u00e0 abonn\u00e9\u00a0?                <a class=\"fig-premium-paywall__connect-link\" href=\"https:\/\/connect.lefigaro.fr\/login?client=horizon_web&amp;type=main&amp;redirect_uri=https%3A%2F%2Fwww.lefigaro.fr%2Factualite-france%2Fsurpopulation-carcerale-gerald-darmanin-accelere-la-construction-de-3000-places-de-prison-en-prefabrique-20250413\" data-js-gtm=\"{&quot;customCategorie&quot;: &quot;conversion&quot;, &quot;customAction&quot;: &quot;before_Landing_Connexion_paywall_auto&quot;, &quot;customLabel&quot;: &quot;bGVmaWdhcm8uZnJfXzFmMDE4NDY4LTE0ZTQtNjExMi05YjQxLWRmNDA2MmUzOGNhZl9fQXJ0aWNsZQ==_Surpopulation carc\u00e9rale: G\u00e9rald Darmanin acc\u00e9l\u00e8re la construction de 3000\u00a0places de prison en pr\u00e9fabriqu\u00e9_173&quot;, &quot;customIDSPE&quot;: &quot;bGVmaWdhcm8uZnJfXzFmMDE4NDY4LTE0ZTQtNjExMi05YjQxLWRmNDA2MmUzOGNhZl9fQXJ0aWNsZQ==&quot;, &quot;event&quot;: &quot;customEventSPE&quot;}\" target=\"_blank\" rel=\"noopener\"><br \/>\n                    Connectez-vous<br \/>\n                <\/a>\n            <\/p>\n","protected":false},"excerpt":{"rendered":"INFO LE FIGARO &#8211; Ces infrastructures \u00abmodulaires\u00bb, que le ministre de la Justice est all\u00e9 visiter en Allemagne&hellip;\n","protected":false},"author":2,"featured_media":25728,"comment_status":"","ping_status":"","sticky":false,"template":"","format":"standard","meta":{"footnotes":""},"categories":[2],"tags":[47,1058,1054,1059,1060,1055,11,2950,1057,118,1011,27,432,1061,303,12,1062,806,25,656,104,1056,809],"class_list":{"0":"post-25727","1":"post","2":"type-post","3":"status-publish","4":"format-standard","5":"has-post-thumbnail","7":"category-actualites","8":"tag-actualite","9":"tag-actualite-education","10":"tag-actualite-france","11":"tag-actualite-justice","12":"tag-actualite-securite","13":"tag-actualite-societe","14":"tag-actualites","15":"tag-delinquance","16":"tag-education","17":"tag-faits-divers","18":"tag-fr","19":"tag-france","20":"tag-gerald-darmanin","21":"tag-immigration","22":"tag-justice","23":"tag-news","24":"tag-polemique","25":"tag-prison","26":"tag-republique-francaise","27":"tag-securite","28":"tag-societe","29":"tag-societe-francaise","30":"tag-violence"},"share_on_mastodon":{"url":"https:\/\/pubeurope.com\/@fr\/114339679011225216","error":""},"_links":{"self":[{"href":"https:\/\/www.europesays.com\/fr\/wp-json\/wp\/v2\/posts\/25727","targetHints":{"allow":["GET"]}}],"collection":[{"href":"https:\/\/www.europesays.com\/fr\/wp-json\/wp\/v2\/posts"}],"about":[{"href":"https:\/\/www.europesays.com\/fr\/wp-json\/wp\/v2\/types\/post"}],"author":[{"embeddable":true,"href":"https:\/\/www.europesays.com\/fr\/wp-json\/wp\/v2\/users\/2"}],"replies":[{"embeddable":true,"href":"https:\/\/www.europesays.com\/fr\/wp-json\/wp\/v2\/comments?post=25727"}],"version-history":[{"count":0,"href":"https:\/\/www.europesays.com\/fr\/wp-json\/wp\/v2\/posts\/25727\/revisions"}],"wp:featuredmedia":[{"embeddable":true,"href":"https:\/\/www.europesays.com\/fr\/wp-json\/wp\/v2\/media\/25728"}],"wp:attachment":[{"href":"https:\/\/www.europesays.com\/fr\/wp-json\/wp\/v2\/media?parent=25727"}],"wp:term":[{"taxonomy":"category","embeddable":true,"href":"https:\/\/www.europesays.com\/fr\/wp-json\/wp\/v2\/categories?post=25727"},{"taxonomy":"post_tag","embeddable":true,"href":"https:\/\/www.europesays.com\/fr\/wp-json\/wp\/v2\/tags?post=25727"}],"curies":[{"name":"wp","href":"https:\/\/api.w.org\/{rel}","templated":true}]}}