{"id":257274,"date":"2025-07-18T21:04:11","date_gmt":"2025-07-18T21:04:11","guid":{"rendered":"https:\/\/www.europesays.com\/fr\/257274\/"},"modified":"2025-07-18T21:04:11","modified_gmt":"2025-07-18T21:04:11","slug":"en-proie-a-des-difficultes-financieres-et-a-une-faible-capacite-daccueil-cette-creche-de-six-fours-va-bientot-demenager-grace-au-concours-de-la-ville","status":"publish","type":"post","link":"https:\/\/www.europesays.com\/fr\/257274\/","title":{"rendered":"En proie \u00e0 des difficult\u00e9s financi\u00e8res et \u00e0 une faible capacit\u00e9 d&rsquo;accueil, cette cr\u00e8che de Six-Fours va bient\u00f4t d\u00e9m\u00e9nager gr\u00e2ce au concours de la Ville"},"content":{"rendered":"<p>Install\u00e9e depuis le printemps 2022 dans une maison \u00e0 deux \u00e9tages situ\u00e9e rue Cros de Boyer, <strong>la cr\u00e8che Gros C\u00e2lin<\/strong>, g\u00e9r\u00e9e par l\u2019association Grandir ensemble, est agr\u00e9\u00e9e pour l\u2019accueil de 16 enfants. Comme l\u2019indique la municipalit\u00e9, cette structure conna\u00eet \u00ab\u00a0des difficult\u00e9s financi\u00e8res en raison de sa faible capacit\u00e9 d\u2019accueil et de ses locaux qui ne pr\u00e9sente pas de possibilit\u00e9 d\u2019agrandissement\u00a0\u00bb, et donc ne lui permettent pas d\u2019atteindre l\u2019\u00e9quilibre financier n\u00e9cessaire \u00e0 la poursuite de son activit\u00e9.<\/p>\n<p>Pour cette raison, l\u2019association a pr\u00e9vu de d\u00e9m\u00e9nager dans des locaux plus grands et plus adapt\u00e9s, qui lui permettront de porter sa capacit\u00e9 d\u2019accueil \u00e0 22 enfants, et ainsi de tendre vers une situation financi\u00e8re am\u00e9lior\u00e9e. Apr\u00e8s \u00e9tude des besoins sur le territoire communal, le conseil municipal a donn\u00e9 un avis favorable \u00e0 ce transfert. La loi pr\u00e9voit en effet que toute transformation d\u2019un \u00e9tablissement d\u2019accueil des jeunes enfants n\u00e9cessite un avis de l\u2019autorit\u00e9 locale.<\/p>\n<p>R\u00e9ouverture en septembre <\/p>\n<p>Mais au-del\u00e0 de cette formalit\u00e9, la Ville apporte un r\u00e9el soutien \u00e0 la cr\u00e8che associative puisqu\u2019elle va mettre des locaux \u00e0 sa disposition. Et ce, dans le cadre de la construction d\u2019un \u00ab\u00a0p\u00f4le enfance\u00a0\u00bb au n\u00b0 2625 avenue du Brusc. Ce site va en effet accueillir un \u00e9tablissement municipal baptis\u00e9 La P\u2019tite r\u00e9cr\u00e9 (qui accueillera 22 enfants de 3 mois \u00e0 4 ans) tandis que des salles seront r\u00e9serv\u00e9es pour la cr\u00e8che Gros calins (22 places) moyennant un loyer de 1.800 euros par mois pour une dur\u00e9e de 3 ans.<\/p>\n<p>Le d\u00e9m\u00e9nagement de la cr\u00e8che associative est pr\u00e9vu pour fin ao\u00fbt. Les nouveaux locaux ouvriront en septembre. Avec cette op\u00e9ration, la municipalit\u00e9 indique qu\u2019elle \u00ab\u00a0concr\u00e9tise son souhait d\u2019apporter un r\u00e9el soutien aux cr\u00e8ches en difficult\u00e9 et aux familles en recherche d\u2019un mode de garde\u00a0\u00bb.\u00a0<\/p>\n","protected":false},"excerpt":{"rendered":"Install\u00e9e depuis le printemps 2022 dans une maison \u00e0 deux \u00e9tages situ\u00e9e rue Cros de Boyer, la cr\u00e8che&hellip;\n","protected":false},"author":2,"featured_media":257275,"comment_status":"","ping_status":"","sticky":false,"template":"","format":"standard","meta":{"footnotes":""},"categories":[9619],"tags":[1111,11,1777,674,332,652,1011,27,12,882,25,2310],"class_list":{"0":"post-257274","1":"post","2":"type-post","3":"status-publish","4":"format-standard","5":"has-post-thumbnail","7":"category-toulon","8":"tag-actu","9":"tag-actualites","10":"tag-eu","11":"tag-europe","12":"tag-faits-de-societe","13":"tag-famille","14":"tag-fr","15":"tag-france","16":"tag-news","17":"tag-provence-alpes-cote-dazur","18":"tag-republique-francaise","19":"tag-toulon"},"share_on_mastodon":{"url":"https:\/\/pubeurope.com\/@fr\/114876269394563544","error":""},"_links":{"self":[{"href":"https:\/\/www.europesays.com\/fr\/wp-json\/wp\/v2\/posts\/257274","targetHints":{"allow":["GET"]}}],"collection":[{"href":"https:\/\/www.europesays.com\/fr\/wp-json\/wp\/v2\/posts"}],"about":[{"href":"https:\/\/www.europesays.com\/fr\/wp-json\/wp\/v2\/types\/post"}],"author":[{"embeddable":true,"href":"https:\/\/www.europesays.com\/fr\/wp-json\/wp\/v2\/users\/2"}],"replies":[{"embeddable":true,"href":"https:\/\/www.europesays.com\/fr\/wp-json\/wp\/v2\/comments?post=257274"}],"version-history":[{"count":0,"href":"https:\/\/www.europesays.com\/fr\/wp-json\/wp\/v2\/posts\/257274\/revisions"}],"wp:featuredmedia":[{"embeddable":true,"href":"https:\/\/www.europesays.com\/fr\/wp-json\/wp\/v2\/media\/257275"}],"wp:attachment":[{"href":"https:\/\/www.europesays.com\/fr\/wp-json\/wp\/v2\/media?parent=257274"}],"wp:term":[{"taxonomy":"category","embeddable":true,"href":"https:\/\/www.europesays.com\/fr\/wp-json\/wp\/v2\/categories?post=257274"},{"taxonomy":"post_tag","embeddable":true,"href":"https:\/\/www.europesays.com\/fr\/wp-json\/wp\/v2\/tags?post=257274"}],"curies":[{"name":"wp","href":"https:\/\/api.w.org\/{rel}","templated":true}]}}