{"id":257282,"date":"2025-07-18T21:08:08","date_gmt":"2025-07-18T21:08:08","guid":{"rendered":"https:\/\/www.europesays.com\/fr\/257282\/"},"modified":"2025-07-18T21:08:08","modified_gmt":"2025-07-18T21:08:08","slug":"foires-a-tout-braderies-on-vous-dit-ou-chiner-en-seine-maritime-ce-weekend","status":"publish","type":"post","link":"https:\/\/www.europesays.com\/fr\/257282\/","title":{"rendered":"Foires \u00e0 tout, braderies&#8230; On vous dit o\u00f9 chiner en Seine-Maritime ce weekend"},"content":{"rendered":"<p>            Par<br \/>\n        <strong><br \/>\n            <a href=\"https:\/\/actu.fr\/auteur\/julien-bouteiller\" title=\"Consulter tous les articles de Julien Bouteiller\" target=\"_blank\" rel=\"noopener\">Julien Bouteiller<\/a><br \/>\n        <\/strong><\/p>\n<p>        Publi\u00e9 le<\/p>\n<p>            18 juil. 2025 \u00e0 20h40        <\/p>\n<p>Que vous soyez en weekend ou en vacances, vous aurez peut-\u00eatre envie de faire des affaires ce weekend. Pour vous aider, on vous liste donc <strong>les foires \u00e0 tout et braderies<\/strong> annonc\u00e9es en<strong> Seine-Maritime<\/strong> ces samedi 19 et dimanche 20 juillet 2025.<\/p>\n<p>Les foires \u00e0 tout du samedi 19 juillet en Seine-Maritime<\/p>\n<ul class=\" wall-content\">\n<li><strong>Cauville-sur-Mer :\u00a0<\/strong>braderie vintage \u00e0 Emma\u00fcs, de 14h \u00e0 17h30.<\/li>\n<li><strong>Le Havre :<\/strong> vide-greniers, salle des f\u00eates de Graville, de 9h \u00e0 17h. Entre 50 et 100 exposants. Entr\u00e9e \u00e0 1 euro.<\/li>\n<li><strong>Le Havre :<\/strong>\u00a0vide-greniers, salle des f\u00eates de Bl\u00e9ville, de 8h \u00e0 18h. Entre 50 et 100 exposants. Entr\u00e9e \u00e0 1 euro.<\/li>\n<\/ul>\n<ul class=\" wall-content\">\n<li><strong>Notre-Dame-de-Bondeville :\u00a0<\/strong>braderie d\u2019Emma\u00fcs, de 10h \u00e0 17h. Moins de 50 exposants.<\/li>\n<li><strong>Offranville :\u00a0<\/strong>foire \u00e0 tout semi-nocturne, de 15h \u00e0 22h. Entre 50 et 100 exposants.<\/li>\n<li><strong>Oissel :\u00a0<\/strong>foire \u00e0 tout des Landaus, de 5h \u00e0 17h. Entre 50 et 100 exposants.<\/li>\n<li><strong>Yvetot : <\/strong>foire \u00e0 tout sur le champ de foire, de 8h \u00e0 18h. Entre 50 et 100 exposants.<\/li>\n<\/ul>\n<p>Les foires \u00e0 tout du dimanche 20 juillet en Seine-Maritime<\/p>\n<ul class=\" wall-content\">\n<li><strong>Bacqueville-en-Caux :\u00a0<\/strong>foire \u00e0 tout au stade des Peupliers, de 6h \u00e0 18h. Environ 150 exposants.<\/li>\n<li><strong>Bolbec :\u00a0<\/strong>vide-greniers au stade Teltow, de 7h \u00e0 17h. Entre 50 et 100 exposants. Entr\u00e9e \u00e0 1 euro.<\/li>\n<li><strong>Canteleu :\u00a0<\/strong>foire \u00e0 tout sur le parking des garages et centre commercial, rue Alexandre-Dumas, de 7h \u00e0 18h. Moins de 50 exposants.<\/li>\n<li><strong>Catenay :\u00a0<\/strong>foire \u00e0 tout \u00e0 la salle des f\u00eates, de 7h \u00e0 18h. Entre 50 et 100 exposants.<\/li>\n<li><strong>Gr\u00e8ges :\u00a0<\/strong>vide-greniers au stade de foot, de 7h \u00e0 18h. Environ 70 exposants.<\/li>\n<li><strong>Le Havre :\u00a0<\/strong>vide-greniers, salle des f\u00eates de Bl\u00e9ville, de 8h \u00e0 18h. Entre 50 et 100 exposants. Entr\u00e9e \u00e0 1 euro.<\/li>\n<\/ul>\n<p>Vid\u00e9os : en ce moment sur Actu<\/p>\n<ul class=\" wall-content\">\n<li><strong>Le Tilleul :\u00a0<\/strong>vide-greniers au stade, de 8h \u00e0 17h30. Entre 50 et 100 exposants. Entr\u00e9e \u00e0 1 euro.<\/li>\n<li><strong>Lim\u00e9sy : <\/strong>foire \u00e0 tout dans la grande rue, de 6h \u00e0 18h. Entre 50 et 100 exposants.<\/li>\n<li><strong>Meulers :\u00a0<\/strong>foire \u00e0 tout au stade de foot, de 7h \u00e0 18h. Entre 100 et 200 exposants.<\/li>\n<li><strong>Ourville-en-Caux :\u00a0<\/strong>vide-greniers au stade, de 7h \u00e0 17h30. Entre 100 et 200 exposants. Entr\u00e9e \u00e0 1 euro.<\/li>\n<li><strong>Pommer\u00e9val :\u00a0<\/strong>foire \u00e0 tout sur le parking route de Dieppe, de 7h \u00e0 18h. Entre 50 et 100 exposants.<\/li>\n<li><strong>Rouen :\u00a0<\/strong>foire \u00e0 tout quartier Vicomt\u00e9-Pucelle. Entre 100 et 200 exposants.<\/li>\n<li><strong>Saint-Pierre-en-Port :\u00a0<\/strong>vide-greniers dans le centre du village, d\u00e8s 8h.<\/li>\n<li><strong>Villers-sous-Foucarmont :\u00a0<\/strong>foire \u00e0 tout dans la commune. Environ 100 exposants.<\/li>\n<li><strong>Yainville :\u00a0<\/strong>foire \u00e0 tout sur le champ de foire, de 7h \u00e0 18h. Environ 50 exposants.<\/li>\n<li><strong>Yvetot :<\/strong> foire \u00e0 tout sur le champ de foire, de 8h \u00e0 18h. Entre 50 et 100 exposants.<\/li>\n<\/ul>\n<p>Vous souhaitez annoncer un \u00e9v\u00e9nement festif ou associatif, une initiative locale ? Rendez-vous sur notre plateforme <a href=\"https:\/\/www.infolocale.fr\/decouvrir\/actu\/\" target=\"_blank\" rel=\"noopener\">Infolocale<\/a>.<\/p>\n<p class=\" wall-content\">Suivez toute l\u2019actualit\u00e9 de vos villes et m\u00e9dias favoris en vous inscrivant \u00e0 <a href=\"https:\/\/moncompte.actu.fr\" title=\"D\u00e9couvez Mon Actu\" rel=\"nofollow noopener\" data-trk=\"{&quot;cta&quot;:{&quot;action&quot;:&quot;https:\\\/\\\/moncompte.actu.fr&quot;,&quot;category&quot;:&quot;mon compte&quot;,&quot;from&quot;:&quot;article footer&quot;,&quot;name&quot;:&quot;Mon actu&quot;,&quot;type&quot;:&quot;cta&quot;}}\" target=\"_blank\">Mon Actu<\/a>.<\/p>\n","protected":false},"excerpt":{"rendered":"Par Julien Bouteiller Publi\u00e9 le 18 juil. 2025 \u00e0 20h40 Que vous soyez en weekend ou en vacances,&hellip;\n","protected":false},"author":2,"featured_media":257283,"comment_status":"","ping_status":"","sticky":false,"template":"","format":"standard","meta":{"footnotes":""},"categories":[9587],"tags":[1111,11,6961,1777,674,10087,1011,27,1652,12,5161,25,9590,3365],"class_list":{"0":"post-257282","1":"post","2":"type-post","3":"status-publish","4":"format-standard","5":"has-post-thumbnail","7":"category-rouen","8":"tag-actu","9":"tag-actualites","10":"tag-brocante","11":"tag-eu","12":"tag-europe","13":"tag-foires-a-tout","14":"tag-fr","15":"tag-france","16":"tag-loisirs-culture","17":"tag-news","18":"tag-normandie","19":"tag-republique-francaise","20":"tag-rouen","21":"tag-vide-greniers"},"share_on_mastodon":{"url":"https:\/\/pubeurope.com\/@fr\/114876285085709277","error":""},"_links":{"self":[{"href":"https:\/\/www.europesays.com\/fr\/wp-json\/wp\/v2\/posts\/257282","targetHints":{"allow":["GET"]}}],"collection":[{"href":"https:\/\/www.europesays.com\/fr\/wp-json\/wp\/v2\/posts"}],"about":[{"href":"https:\/\/www.europesays.com\/fr\/wp-json\/wp\/v2\/types\/post"}],"author":[{"embeddable":true,"href":"https:\/\/www.europesays.com\/fr\/wp-json\/wp\/v2\/users\/2"}],"replies":[{"embeddable":true,"href":"https:\/\/www.europesays.com\/fr\/wp-json\/wp\/v2\/comments?post=257282"}],"version-history":[{"count":0,"href":"https:\/\/www.europesays.com\/fr\/wp-json\/wp\/v2\/posts\/257282\/revisions"}],"wp:featuredmedia":[{"embeddable":true,"href":"https:\/\/www.europesays.com\/fr\/wp-json\/wp\/v2\/media\/257283"}],"wp:attachment":[{"href":"https:\/\/www.europesays.com\/fr\/wp-json\/wp\/v2\/media?parent=257282"}],"wp:term":[{"taxonomy":"category","embeddable":true,"href":"https:\/\/www.europesays.com\/fr\/wp-json\/wp\/v2\/categories?post=257282"},{"taxonomy":"post_tag","embeddable":true,"href":"https:\/\/www.europesays.com\/fr\/wp-json\/wp\/v2\/tags?post=257282"}],"curies":[{"name":"wp","href":"https:\/\/api.w.org\/{rel}","templated":true}]}}