{"id":257288,"date":"2025-07-18T21:13:13","date_gmt":"2025-07-18T21:13:13","guid":{"rendered":"https:\/\/www.europesays.com\/fr\/257288\/"},"modified":"2025-07-18T21:13:13","modified_gmt":"2025-07-18T21:13:13","slug":"cesson-memoire-et-patrimoine-une-nouvelle-presidente-passionnee-dhistoire","status":"publish","type":"post","link":"https:\/\/www.europesays.com\/fr\/257288\/","title":{"rendered":"Cesson, M\u00e9moire et Patrimoine\u00a0: une nouvelle pr\u00e9sidente passionn\u00e9e d\u2019histoire"},"content":{"rendered":"<p>Le 3\u00a0juin 2025, l\u2019inauguration de la derni\u00e8re exposition de l\u2019association Cesson, M\u00e9moire et Patrimoine a aussi \u00e9t\u00e9 l\u2019occasion de marquer dignement une passation de pouvoir, Yvonne Lacombe de la Tour succ\u00e9dant \u00e0 Jean-Pierre Br\u00e9au.<\/p>\n<p>\u00a0Nous avons d\u00e9cid\u00e9 d\u2019honorer aujourd\u2019hui notre pr\u00e9sident fondateur et d\u00e9sormais pr\u00e9sident d\u2019honneur, Jean-Pierre Br\u00e9au, qui a pendant 22\u00a0ans, conduit notre association. C\u2019est sous son \u00e9gide qu\u2019elle a eu \u00e0 c\u0153ur de s\u2019impliquer pour transmettre aux jeunes les valeurs du devoir de m\u00e9moire, explique avec chaleur et \u00e9motion la nouvelle pr\u00e9sidente.Un grand merci \u00e0 vous, Jean-Pierre, pour avoir si bien men\u00e9 notre association, conciliant toujours travail et amiti\u00e9, avec la sagesse qui vous caract\u00e9rise. Vous avez toujours obtenu accueil et soutien des municipalit\u00e9s successives. Restez encore longtemps des n\u00f4tres pour continuer \u00e0 faire vivre ce que vous avez cr\u00e9\u00e9\u00a0.<\/p>\n<p>Jean-Pierre Br\u00e9au re\u00e7oit ensuite un souvenir repr\u00e9sentant les armes de la famille de S\u00e9vign\u00e9, dont l\u2019histoire est attach\u00e9e \u00e0 la commune de Cesson-S\u00e9vign\u00e9 (Ille-et-Vilaine). Il remercie tous ceux qui l\u2019ont accompagn\u00e9 dans cette aventure, ainsi que la municipalit\u00e9, pour les bonnes relations et le soutien apport\u00e9.<\/p>\n<p>Depuis sa cr\u00e9ation, Cesson, M\u00e9moire et Patrimoine a publi\u00e9 au moins un bulletin par an, ainsi que plusieurs livres sur l\u2019histoire de la commune et quelquefois bien au-del\u00e0. Tous les \u00e9t\u00e9s, une exposition est mont\u00e9e avec des th\u00e8mes sur l\u2019histoire locale des commerces, des \u00e9coles, des ch\u00e2teaux et manoirs ou encore le centenaire de la Premi\u00e8re Guerre mondiale, le centenaire de la nouvelle d\u00e9nomination de la ville, la lib\u00e9ration de la commune\u2026 Cet \u00e9t\u00e9, c\u2019est le retour, il y a 80\u00a0ans, <a href=\"https:\/\/rennes.maville.com\/actu\/actudet_-a-cesson-sevigne-une-exposition-sur-les-prisonniers-de-guerre-oublies-de-39-45-_7-6889764_actu.Htm\" target=\"_blank\" rel=\"noopener\">des 154 Cessonnais prisonniers en Allemagne qui est pr\u00e9sent\u00e9<\/a> (1).<\/p>\n<p>Les membres, v\u00e9ritables passionn\u00e9s, constituent pour certains la m\u00e9moire vive de la commune. Ils se r\u00e9unissent r\u00e9guli\u00e8rement pour \u00e9changer sur tous les sujets, notamment leur v\u00e9cu, qui n\u2019est pas encore dans les livres ou sur internet.<\/p>\n<p>Quant \u00e0 la nouvelle pr\u00e9sidente, Yvonne Lacombe de la Tour, passionn\u00e9e d\u2019histoire, retrait\u00e9e, originaire du centre de la Bretagne et Cessonnaise depuis 1996, elle a int\u00e9gr\u00e9 l\u2019association en 2020. Auparavant, elle \u00e9tait conseill\u00e8re municipale avec trois d\u00e9l\u00e9gations\u00a0: vie citoyenne, communication et affaires sociales. Elle compte s\u2019inscrire dans la continuit\u00e9 et s\u2019efforcera de recruter de nouveaux membres.<\/p>\n<p><strong> (1)  Les Absents, jusqu\u2019au jeudi 7\u00a0ao\u00fbt, Galerie Pictura <\/strong>du Ponts des Arts, les mardis, mercredis et vendredis, de 15 \u00e0 18\u00a0h. Entr\u00e9e libre.<\/p>\n<p>\u00a0<\/p>\n","protected":false},"excerpt":{"rendered":"Le 3\u00a0juin 2025, l\u2019inauguration de la derni\u00e8re exposition de l\u2019association Cesson, M\u00e9moire et Patrimoine a aussi \u00e9t\u00e9 l\u2019occasion&hellip;\n","protected":false},"author":2,"featured_media":257289,"comment_status":"","ping_status":"","sticky":false,"template":"","format":"standard","meta":{"footnotes":""},"categories":[2821],"tags":[1111,11,829,15329,1777,674,1011,27,937,280,12,2043,39720,2551,19924,3086,584,25],"class_list":{"0":"post-257288","1":"post","2":"type-post","3":"status-publish","4":"format-standard","5":"has-post-thumbnail","7":"category-rennes","8":"tag-actu","9":"tag-actualites","10":"tag-bretagne","11":"tag-cesson","12":"tag-eu","13":"tag-europe","14":"tag-fr","15":"tag-france","16":"tag-histoire","17":"tag-memoire","18":"tag-news","19":"tag-nouvelle","20":"tag-passionnee","21":"tag-patrimoine","22":"tag-presidente","23":"tag-redon","24":"tag-rennes","25":"tag-republique-francaise"},"share_on_mastodon":{"url":"https:\/\/pubeurope.com\/@fr\/114876304783729280","error":""},"_links":{"self":[{"href":"https:\/\/www.europesays.com\/fr\/wp-json\/wp\/v2\/posts\/257288","targetHints":{"allow":["GET"]}}],"collection":[{"href":"https:\/\/www.europesays.com\/fr\/wp-json\/wp\/v2\/posts"}],"about":[{"href":"https:\/\/www.europesays.com\/fr\/wp-json\/wp\/v2\/types\/post"}],"author":[{"embeddable":true,"href":"https:\/\/www.europesays.com\/fr\/wp-json\/wp\/v2\/users\/2"}],"replies":[{"embeddable":true,"href":"https:\/\/www.europesays.com\/fr\/wp-json\/wp\/v2\/comments?post=257288"}],"version-history":[{"count":0,"href":"https:\/\/www.europesays.com\/fr\/wp-json\/wp\/v2\/posts\/257288\/revisions"}],"wp:featuredmedia":[{"embeddable":true,"href":"https:\/\/www.europesays.com\/fr\/wp-json\/wp\/v2\/media\/257289"}],"wp:attachment":[{"href":"https:\/\/www.europesays.com\/fr\/wp-json\/wp\/v2\/media?parent=257288"}],"wp:term":[{"taxonomy":"category","embeddable":true,"href":"https:\/\/www.europesays.com\/fr\/wp-json\/wp\/v2\/categories?post=257288"},{"taxonomy":"post_tag","embeddable":true,"href":"https:\/\/www.europesays.com\/fr\/wp-json\/wp\/v2\/tags?post=257288"}],"curies":[{"name":"wp","href":"https:\/\/api.w.org\/{rel}","templated":true}]}}