{"id":257296,"date":"2025-07-18T21:17:10","date_gmt":"2025-07-18T21:17:10","guid":{"rendered":"https:\/\/www.europesays.com\/fr\/257296\/"},"modified":"2025-07-18T21:17:10","modified_gmt":"2025-07-18T21:17:10","slug":"trop-haut-le-nouveau-centre-des-congres-de-nice-un-permis-modificatif-depose","status":"publish","type":"post","link":"https:\/\/www.europesays.com\/fr\/257296\/","title":{"rendered":"Trop haut, le nouveau centre des congr\u00e8s de Nice? Un permis modificatif d\u00e9pos\u00e9"},"content":{"rendered":"<p>Trop haut de 50 \u00e0 70 cm, Oc\u00e9aNice? La pr\u00e9fecture r\u00e9v\u00e8le avoir \u00e9t\u00e9 destinataire d\u2019une sollicitation d\u2019autorisation d\u2019urbanisme concernant le nouveau centre des congr\u00e8s du port.<\/p>\n<p>\u00c0 peine construit, il fait d\u2019une \u00ab\u00a0demande de permis de construire modificatif\u00a0\u00bb. Elle est \u00ab\u00a0en cours d\u2019instruction\u00a0\u00bb, indiquent les services de l\u2019\u00c9tat, sans pr\u00e9ciser si ces ajustements concernent la hauteur du b\u00e2timent.<\/p>\n<p>La pr\u00e9fecture pr\u00e9cise simplement que cette demande a \u00e9t\u00e9 soumise \u00ab\u00a0pour consultation, \u00e0 l\u2019architecte des b\u00e2timents de France\u00a0\u00bb, qui avait d\u00e9j\u00e0 formul\u00e9 des pr\u00e9conisations strictes dans le cadre de l\u2019instruction du permis initial accord\u00e9 \u00e0 la M\u00e9tropole Nice C\u00f4te d\u2019Azur, notamment au sujet de la hauteur maximale du b\u00e2timent.<\/p>\n<p>Le mois dernier, <a href=\"https:\/\/www.nicematin.com\/urbanisme\/a-nice-le-centre-de-congres-du-port-est-il-trop-haut--987243\" target=\"_blank\" rel=\"noopener\">le comit\u00e9 de d\u00e9fense des quartiers du port de Nice et de l\u2019environnement avait demand\u00e9 au pr\u00e9fet de diligenter un contr\u00f4le<\/a>, estimant que l\u2019\u00e9difice du quai Infernet d\u00e9passait la hauteur maximale inscrite au permis de construire.<\/p>\n<p>Un courrier rest\u00e9 lettre morte. Ce qui, pour le pr\u00e9sident de ce comit\u00e9 de quartier Jean-Michel Bidart, valait \u00ab\u00a0refus implicite\u00a0\u00bb des services de l\u2019\u00c9tat. <a href=\"https:\/\/www.nicematin.com\/justice\/trop-haut-de-50-a-70-cm-la-hauteur-du-nouveau-centre-des-congres-de-nice-portee-devant-la-justice-994526\" target=\"_blank\" rel=\"noopener\">Une d\u00e9cision tacite qu\u2019il a d\u00e9cid\u00e9 d\u2019attaquer devant le tribunal administratif de Nice<\/a>.<\/p>\n","protected":false},"excerpt":{"rendered":"Trop haut de 50 \u00e0 70 cm, Oc\u00e9aNice? La pr\u00e9fecture r\u00e9v\u00e8le avoir \u00e9t\u00e9 destinataire d\u2019une sollicitation d\u2019autorisation d\u2019urbanisme&hellip;\n","protected":false},"author":2,"featured_media":257297,"comment_status":"","ping_status":"","sticky":false,"template":"","format":"standard","meta":{"footnotes":""},"categories":[2819],"tags":[1111,11,1777,674,1011,27,12,2401,882,25,3366],"class_list":{"0":"post-257296","1":"post","2":"type-post","3":"status-publish","4":"format-standard","5":"has-post-thumbnail","7":"category-nice","8":"tag-actu","9":"tag-actualites","10":"tag-eu","11":"tag-europe","12":"tag-fr","13":"tag-france","14":"tag-news","15":"tag-nice","16":"tag-provence-alpes-cote-dazur","17":"tag-republique-francaise","18":"tag-vie-locale"},"share_on_mastodon":{"url":"https:\/\/pubeurope.com\/@fr\/114876320775203175","error":""},"_links":{"self":[{"href":"https:\/\/www.europesays.com\/fr\/wp-json\/wp\/v2\/posts\/257296","targetHints":{"allow":["GET"]}}],"collection":[{"href":"https:\/\/www.europesays.com\/fr\/wp-json\/wp\/v2\/posts"}],"about":[{"href":"https:\/\/www.europesays.com\/fr\/wp-json\/wp\/v2\/types\/post"}],"author":[{"embeddable":true,"href":"https:\/\/www.europesays.com\/fr\/wp-json\/wp\/v2\/users\/2"}],"replies":[{"embeddable":true,"href":"https:\/\/www.europesays.com\/fr\/wp-json\/wp\/v2\/comments?post=257296"}],"version-history":[{"count":0,"href":"https:\/\/www.europesays.com\/fr\/wp-json\/wp\/v2\/posts\/257296\/revisions"}],"wp:featuredmedia":[{"embeddable":true,"href":"https:\/\/www.europesays.com\/fr\/wp-json\/wp\/v2\/media\/257297"}],"wp:attachment":[{"href":"https:\/\/www.europesays.com\/fr\/wp-json\/wp\/v2\/media?parent=257296"}],"wp:term":[{"taxonomy":"category","embeddable":true,"href":"https:\/\/www.europesays.com\/fr\/wp-json\/wp\/v2\/categories?post=257296"},{"taxonomy":"post_tag","embeddable":true,"href":"https:\/\/www.europesays.com\/fr\/wp-json\/wp\/v2\/tags?post=257296"}],"curies":[{"name":"wp","href":"https:\/\/api.w.org\/{rel}","templated":true}]}}