{"id":257299,"date":"2025-07-18T21:19:19","date_gmt":"2025-07-18T21:19:19","guid":{"rendered":"https:\/\/www.europesays.com\/fr\/257299\/"},"modified":"2025-07-18T21:19:19","modified_gmt":"2025-07-18T21:19:19","slug":"un-film-avec-roschdy-zem-actuellement-tourne-dans-les-rues-de-nantes","status":"publish","type":"post","link":"https:\/\/www.europesays.com\/fr\/257299\/","title":{"rendered":"Un film avec Roschdy Zem actuellement tourn\u00e9 dans les rues de Nantes"},"content":{"rendered":"<p>Les all\u00e9es ombrag\u00e9es du square Faustin-Helie, derri\u00e8re l\u2019h\u00f4tel Radisson Blu, dans le centre-ville de Nantes, \u00e9taient anim\u00e9es d\u2019un spectacle peu habituel, jeudi 17\u00a0juillet. L\u2019\u00e9quipe du tournage de Billie Melody avait pris ses quartiers pour des sc\u00e8nes d\u2019ext\u00e9rieur tournant autour des amours du personnage principal, une lyc\u00e9enne, incarn\u00e9e par la jeune com\u00e9dienne Bonnie Bouriche-Troutaud, apparue dans la s\u00e9rie Lupin.<\/p>\n<p>Roschdy Zem et Julia Faure<\/p>\n<p>Le long-m\u00e9trage, un drame r\u00e9alis\u00e9 par Christine Paillard, devrait sortir sur les \u00e9crans courant 2026. Il aura<a href=\"https:\/\/vannes.maville.com\/actu\/actudet_-entretien.-pour-le-comedien-roschdy-zem-il-est-urgent-de-renouer-le-dialogue-_52710-6859299_actu.Htm\" target=\"_blank\" rel=\"noopener\"> Roschdy Zem<\/a> et Julia Faure (vue dans Camille redouble) \u00e0 son casting. Saint-P\u00e8re-en-Retz, Sautron, les bords de Loire et la campagne nantaise constitueront les d\u00e9cors naturels de cette nouvelle cr\u00e9ation. Des \u00e9tudiants de <a href=\"https:\/\/nantes.maville.com\/info\/info-locale\/video-une-ecole-de-cinema-a-nantes-0941c2e8-bd87-48b2-b01c-cf0dd2a819e6\" target=\"_blank\" rel=\"noopener\">l\u2019\u00e9cole de cin\u00e9ma locale 3iS<\/a> ont ainsi fait leurs premiers pas de pro sur un plateau.<\/p>\n<p>Nantes a \u00e9t\u00e9 le th\u00e9\u00e2tre de nombreux t\u00e9l\u00e9films ces derniers temps, comme Ben, Mademoiselle Holmes, Joseph et \u00c0 l\u2019instinct.<\/p>\n<p>\u00a0<\/p>\n","protected":false},"excerpt":{"rendered":"Les all\u00e9es ombrag\u00e9es du square Faustin-Helie, derri\u00e8re l\u2019h\u00f4tel Radisson Blu, dans le centre-ville de Nantes, \u00e9taient anim\u00e9es d\u2019un&hellip;\n","protected":false},"author":2,"featured_media":257300,"comment_status":"","ping_status":"","sticky":false,"template":"","format":"standard","meta":{"footnotes":""},"categories":[2818],"tags":[1111,11,39723,1777,674,2081,1011,27,766,12,2636,25,6689,39721,16915,12710,9693,39722],"class_list":{"0":"post-257299","1":"post","2":"type-post","3":"status-publish","4":"format-standard","5":"has-post-thumbnail","7":"category-nantes","8":"tag-actu","9":"tag-actualites","10":"tag-actuellement","11":"tag-eu","12":"tag-europe","13":"tag-film","14":"tag-fr","15":"tag-france","16":"tag-nantes","17":"tag-news","18":"tag-pays-de-la-loire","19":"tag-republique-francaise","20":"tag-roche","21":"tag-roschdy","22":"tag-rues","23":"tag-tourne","24":"tag-yon","25":"tag-zem"},"share_on_mastodon":{"url":"https:\/\/pubeurope.com\/@fr\/114876328370769771","error":""},"_links":{"self":[{"href":"https:\/\/www.europesays.com\/fr\/wp-json\/wp\/v2\/posts\/257299","targetHints":{"allow":["GET"]}}],"collection":[{"href":"https:\/\/www.europesays.com\/fr\/wp-json\/wp\/v2\/posts"}],"about":[{"href":"https:\/\/www.europesays.com\/fr\/wp-json\/wp\/v2\/types\/post"}],"author":[{"embeddable":true,"href":"https:\/\/www.europesays.com\/fr\/wp-json\/wp\/v2\/users\/2"}],"replies":[{"embeddable":true,"href":"https:\/\/www.europesays.com\/fr\/wp-json\/wp\/v2\/comments?post=257299"}],"version-history":[{"count":0,"href":"https:\/\/www.europesays.com\/fr\/wp-json\/wp\/v2\/posts\/257299\/revisions"}],"wp:featuredmedia":[{"embeddable":true,"href":"https:\/\/www.europesays.com\/fr\/wp-json\/wp\/v2\/media\/257300"}],"wp:attachment":[{"href":"https:\/\/www.europesays.com\/fr\/wp-json\/wp\/v2\/media?parent=257299"}],"wp:term":[{"taxonomy":"category","embeddable":true,"href":"https:\/\/www.europesays.com\/fr\/wp-json\/wp\/v2\/categories?post=257299"},{"taxonomy":"post_tag","embeddable":true,"href":"https:\/\/www.europesays.com\/fr\/wp-json\/wp\/v2\/tags?post=257299"}],"curies":[{"name":"wp","href":"https:\/\/api.w.org\/{rel}","templated":true}]}}