{"id":257323,"date":"2025-07-18T21:34:19","date_gmt":"2025-07-18T21:34:19","guid":{"rendered":"https:\/\/www.europesays.com\/fr\/257323\/"},"modified":"2025-07-18T21:34:19","modified_gmt":"2025-07-18T21:34:19","slug":"le-cardinal-francais-andre-vingt-trois-est-decede","status":"publish","type":"post","link":"https:\/\/www.europesays.com\/fr\/257323\/","title":{"rendered":"Le cardinal fran\u00e7ais Andr\u00e9 Vingt-Trois est d\u00e9c\u00e9d\u00e9"},"content":{"rendered":"<p>Figure marquante de l\u2019\u00c9glise de France, le cardinal Andr\u00e9 Vingt-Trois est d\u00e9c\u00e9d\u00e9 ce 18 juillet \u00e0 l\u2019\u00e2ge de 82 ans. Il fut pr\u00e9sident de la Conf\u00e9rence des \u00e9v\u00eaques de France de 2007 \u00e0 2013.<\/p>\n<p><b>Vatican News<\/b><\/p>\n<p>Celui qui fut cr\u00e9\u00e9 cardinal par Beno\u00eet XVI et archev\u00eaque de la capitale fran\u00e7aise de 2005 \u00e0 2017 est d\u00e9c\u00e9d\u00e9 le vendredi 18 juillet. Une messe \u00e0 son intention sera c\u00e9l\u00e9br\u00e9e ce vendredi 18 juillet \u00e0 18h en la cath\u00e9drale Notre-Dame de Paris.<\/p>\n<p><b>L\u2019homme de confiance du cardinal Lustiger<\/b> <\/p>\n<p>Ordonn\u00e9 pr\u00eatre en 1969, le cardinal Vingt-Trois \u00e9tait devenu \u00e9v\u00eaque auxiliaire du dioc\u00e8se de Paris en 1988. Il fut jusqu&rsquo;en 1999 l&rsquo;homme de confiance du cardinal Jean-Marie Lustiger, assurant notamment la continuit\u00e9 du gouvernement du dioc\u00e8se durant les fr\u00e9quents d\u00e9placements \u00e0 l&rsquo;\u00e9tranger de ce cardinal au rayonnement international. Mgr Vingt-Trois devint en 1999 archev\u00eaque de Tours. Son \u00e9piscopat de six ans dans ce dioc\u00e8se fut notamment marqu\u00e9 par la reconnaissance officielle, en 2001, des p\u00e8lerinages \u00e0 l&rsquo;Ile-Bouchard, lieu d&rsquo;apparitions de la Vierge Marie en 1947.<\/p>\n<p>Le 11 f\u00e9vrier 2005, Jean-Paul II le nommait archev\u00eaque de Paris. Ses 12 ans comme archev\u00eaque de la capitale fran\u00e7aise en ont fait un interlocuteur incontournable des m\u00e9dias et des principaux responsables politiques en France. De 2007 \u00e0 2013, il avait par ailleurs exerc\u00e9 la fonction de pr\u00e9sident de la Conf\u00e9rence des \u00e9v\u00eaques de France. La d\u00e9fense de la famille, notamment dans le contexte des d\u00e9bats sur le mariage entre personnes de m\u00eame sexe, fut l&rsquo;un des principaux axes de son mandat.<\/p>\n<p><b>Retrait m\u00e9diatique \u00e0 cause de la maladie<\/b> <\/p>\n<p>Depuis mars 2017, le cardinal Andr\u00e9 Vingt-Trois a d\u00fb limiter ses activit\u00e9s, \u00e9tant affaibli apr\u00e8s avoir contract\u00e9 le syndrome de Guillain-Barr\u00e9, une maladie qui provoque une paralysie partielle. Il avait inform\u00e9 le Pape Fran\u00e7ois de sa volont\u00e9 de se retirer de sa charge d&rsquo;archev\u00eaque de Paris imm\u00e9diatement apr\u00e8s son 75e anniversaire.<\/p>\n<p>Cr\u00e9\u00e9\u00a0cardinal par le Pape Beno\u00eet XVI lors du consistoire du 24 novembre 2007, avec le titre de\u00a0cardinal-pr\u00eatre\u00a0de\u00a0Saint-Louis-des-Fran\u00e7ais, il fut membre de la\u00a0Congr\u00e9gation pour les \u00e9v\u00eaques et de la\u00a0Congr\u00e9gation pour les \u00c9glises orientales, et a exerc\u00e9 la fonction de pr\u00e9sident d\u00e9l\u00e9gu\u00e9 lors des Synodes sur la Famille en 2014 et 2015.<\/p>\n<p>     <a href=\"https:\/\/www.vaticannews.va\/fr\/eglise\/news\/2017-12\/le-cardinal-andre-vingt-trois-adresse-un-message-d-au-revoir-aux.html\" title=\"Le cardinal Andr\u00e9 Vingt-Trois adresse un message d&#039;au-revoir aux catholiques de Paris\" target=\"_blank\" rel=\"noopener\"><\/p>\n<p>        <img decoding=\"async\" src=\"data:image\/gif;base64,R0lGODlhAQABAIAAAAAAAP\/\/\/yH5BAEAAAAALAAAAAABAAEAAAIBRAA7\" data-original=\"https:\/\/media.vaticannews.va\/media\/content\/dam-archive\/vaticannews\/agenzie\/images\/afp\/2017\/12\/02\/19\/france-christmas-tree-1512244569555.jpg\/_jcr_content\/renditions\/cq5dam.thumbnail.cropped.500.281.jpeg\" alt=\"Le cardinal Andr\u00e9 Vingt-Trois adresse un message d'au-revoir aux catholiques de Paris\"\/><\/p>\n<p>      <\/a><\/p>\n<p>\n      Le cardinal Andr\u00e9 Vingt-Trois quitte sa charge d&rsquo;archev\u00eaque de Paris, qu&rsquo;il occupait depuis 2005. Un mois apr\u00e8s son 75e anniversaire, le Vatican a officialis\u00e9 ce jeudi 7 d\u00e9cembre &#8230;\n     <\/p>\n<p><b>L&rsquo;hommage rendu par Paris<\/b> <\/p>\n<p>Dans <a href=\"https:\/\/eglise.catholique.fr\/espace-presse\/communiques-de-presse\/565294-deces-de-mgr-andre-vingt-trois-archeveque-emerite-de-paris-le-18-juillet-2025\/\" target=\"_blank\" rel=\"external nofollow noopener\">un message publi\u00e9 sur le site de la CEF,<\/a> l\u2019actuel archev\u00eaque de Paris, Mgr Laurent Ulrich, rend hommage \u00e0 celui qui \u00abfut bien plus que notre archev\u00eaque, mais un pasteur, un p\u00e8re, un exemple; pour moi, un fr\u00e8re dans le minist\u00e8re \u00e9piscopal et le service, et un ami\u00bb. \u00abJe demande qu\u2019\u00e0 17h aujourd\u2019hui [18 juillet], le bourdon de notre cath\u00e9drale Notre-Dame de Paris et les cloches de toutes les \u00e9glises paroissiales de notre\u00a0<a href=\"https:\/\/eglise.catholique.fr\/glossaire\/diocese\/\" title=\"Peuple chr\u00e9tien confi\u00e9 \u00e0 un \u00e9v\u00eaque.\" rel=\"external nofollow noopener\" target=\"_blank\">dioc\u00e8se<\/a>\u00a0sonnent en glas un coup pour chacune de ses 82 ann\u00e9es, afin d\u2019annoncer aux fid\u00e8les de Paris le retour vers Dieu de leur\u00a0archev\u00eaque\u00a0\u00e9m\u00e9rite\u00bb.<\/p>\n<p><b>Une attention port\u00e9e aux chr\u00e9tiens d&rsquo;Orient<\/b> <\/p>\n<p>Cr\u00e9\u00e9 Cardinal en 2007 par le Pape Benoit XVI, il fut son envoy\u00e9 sp\u00e9cial en 2009 au Liban lors de l\u2019ann\u00e9e paulienne, o\u00f9 il rencontrera tous les repr\u00e9sentants des \u00e9glises orientales du Liban ainsi que les chefs religieux chiites, druzes et sunnites. Lors de sa pr\u00e9sidence \u00e0 la conf\u00e9rence des \u00e9v\u00eaques de France, il travailla \u00e9troitement avec le Pape Benoit XVI sur les crises du Moyen Orient, comme membre de la Congr\u00e9gation pour les \u00c9glises orientales. \u00c0 la rentr\u00e9e 2010, lors du synode des \u00c9glises sur le Moyen Orient, Mgr Vingt-Trois souligne le soutien de l\u2019\u00c9glise catholique en France aux \u00c9glises du Moyen-Orient \u00abpar l\u2019implantation et les activit\u00e9s de nombreuse congr\u00e9gation dans l\u2019enseignement et le soin, par des associations soutenues par nos paroisses latines, notamment l\u2019\u0152uvre d\u2019Orient.\u00bb\u00a0\u00a0L&rsquo;\u0152uvre d&rsquo;Orient\u00a0salue dans un communiqu\u00e9 \u00abson intelligence de strat\u00e8ge, son humour en toute situation, et sa discr\u00e9tion, ont accompagn\u00e9 la vie des Parisiens et des catholiques orientaux pendants de nombreuses ann\u00e9es\u00bb.<\/p>\n","protected":false},"excerpt":{"rendered":"Figure marquante de l\u2019\u00c9glise de France, le cardinal Andr\u00e9 Vingt-Trois est d\u00e9c\u00e9d\u00e9 ce 18 juillet \u00e0 l\u2019\u00e2ge de&hellip;\n","protected":false},"author":2,"featured_media":257324,"comment_status":"","ping_status":"","sticky":false,"template":"","format":"standard","meta":{"footnotes":""},"categories":[1888],"tags":[1111,1928,11,1927,18362,1777,674,1011,27,12,1926,626,1925,25],"class_list":{"0":"post-257323","1":"post","2":"type-post","3":"status-publish","4":"format-standard","5":"has-post-thumbnail","7":"category-paris","8":"tag-actu","9":"tag-actu-paris","10":"tag-actualites","11":"tag-actualites-paris","12":"tag-cardinaux","13":"tag-eu","14":"tag-europe","15":"tag-fr","16":"tag-france","17":"tag-news","18":"tag-news-paris","19":"tag-paris","20":"tag-paris-news","21":"tag-republique-francaise"},"share_on_mastodon":{"url":"https:\/\/pubeurope.com\/@fr\/114876387820971272","error":""},"_links":{"self":[{"href":"https:\/\/www.europesays.com\/fr\/wp-json\/wp\/v2\/posts\/257323","targetHints":{"allow":["GET"]}}],"collection":[{"href":"https:\/\/www.europesays.com\/fr\/wp-json\/wp\/v2\/posts"}],"about":[{"href":"https:\/\/www.europesays.com\/fr\/wp-json\/wp\/v2\/types\/post"}],"author":[{"embeddable":true,"href":"https:\/\/www.europesays.com\/fr\/wp-json\/wp\/v2\/users\/2"}],"replies":[{"embeddable":true,"href":"https:\/\/www.europesays.com\/fr\/wp-json\/wp\/v2\/comments?post=257323"}],"version-history":[{"count":0,"href":"https:\/\/www.europesays.com\/fr\/wp-json\/wp\/v2\/posts\/257323\/revisions"}],"wp:featuredmedia":[{"embeddable":true,"href":"https:\/\/www.europesays.com\/fr\/wp-json\/wp\/v2\/media\/257324"}],"wp:attachment":[{"href":"https:\/\/www.europesays.com\/fr\/wp-json\/wp\/v2\/media?parent=257323"}],"wp:term":[{"taxonomy":"category","embeddable":true,"href":"https:\/\/www.europesays.com\/fr\/wp-json\/wp\/v2\/categories?post=257323"},{"taxonomy":"post_tag","embeddable":true,"href":"https:\/\/www.europesays.com\/fr\/wp-json\/wp\/v2\/tags?post=257323"}],"curies":[{"name":"wp","href":"https:\/\/api.w.org\/{rel}","templated":true}]}}