{"id":257327,"date":"2025-07-18T21:36:10","date_gmt":"2025-07-18T21:36:10","guid":{"rendered":"https:\/\/www.europesays.com\/fr\/257327\/"},"modified":"2025-07-18T21:36:10","modified_gmt":"2025-07-18T21:36:10","slug":"michel-barnier-assure-navoir-aucune-ambition-municipale","status":"publish","type":"post","link":"https:\/\/www.europesays.com\/fr\/257327\/","title":{"rendered":"Michel Barnier assure n\u2019avoir \u00abaucune ambition municipale\u00bb"},"content":{"rendered":"<p>Apr\u00e8s des tensions au sein du bloc LR, Michel Barnier souhaite \u00abrepr\u00e9senter la droite et le centre avec dignit\u00e9, constance et responsabilit\u00e9\u00bb lors de la l\u00e9gislative partielle de Paris, avance-t-il dans une lettre publi\u00e9e sur X.<\/p>\n<p class=\"fig-paragraph\">Apr\u00e8s\u00a0<a href=\"http:\/\/www.lefigaro.fr\/flash-actu\/legislative-partielle-michel-barnier-envisage-d-etre-candidat-a-paris-20250715\" target=\"_blank\" data-fig-type=\"NewsFlash\" rel=\"noopener\" data-gtm-custom-categorie=\"navigation\" data-gtm-custom-action=\"crossclick\" data-gtm-custom-label=\"Contextuel\" data-gtm-event=\"customEventSPE\" data-fig-domain=\"LEFIGARO\">l\u2019annonce surprise dans nos colonnes<\/a>, de sa candidature \u00e0 la l\u00e9gislative partielle dans la deuxi\u00e8me circonscription de Paris, suite \u00e0 l\u2019in\u00e9ligibilit\u00e9 du d\u00e9put\u00e9 macroniste sortant Jean Laussucq par le Conseil constitutionnel, Michel Barnier (LR) cherche \u00e0 calmer le jeu.\u00a0<br \/>Pour \u00e9viter\u00a0<a href=\"http:\/\/www.lefigaro.fr\/politique\/legislative-partielle-a-paris-lr-veut-calmer-le-jeu-entre-barnier-et-dati-avant-de-trancher-le-28-juillet-20250717\" target=\"_blank\" data-fig-type=\"Article\" rel=\"noopener\" data-gtm-custom-categorie=\"navigation\" data-gtm-custom-action=\"crossclick\" data-gtm-custom-label=\"Contextuel\" data-gtm-event=\"customEventSPE\" data-fig-domain=\"LEFIGARO\">une guerre ouverte entre barons\u00a0<\/a>des R\u00e9publicains, l\u2019ex-premier ministre tient \u00e0 \u00eatre \u00abparfaitement clair\u00bb. Dans une lettre envoy\u00e9e ce vendredi aux adh\u00e9rents LR de Paris, il assure n\u2019avoir \u00abaucune ambition municipale\u00bb&#8230; \u00abMon engagement est exclusif et loyal\u00a0: repr\u00e9senter notre circonscription \u00e0 l\u2019Assembl\u00e9e nationale, avec s\u00e9rieux, dignit\u00e9 et constance\u00bb, \u00e9crit-il dans ce texte publi\u00e9 sur X.<\/p>\n<p class=\"fig-paragraph\">Mardi, cette candidature, celle de celui qui se pr\u00e9sente comme le garant du socle commun entre la macronie et LR, a profond\u00e9ment contrari\u00e9 certains membres de la coalition gouvernementale. En t\u00eate, la ministre de la Culture, Rachida Dati, qui, d\u00e8s l\u2019annonce, a contact\u00e9 plusieurs personnes\u00a0<a href=\"http:\/\/www.lefigaro.fr\/politique\/ce-n-est-pas-le-genre-a-avoir-peur-a-paris-les-ambitions-de-barnier-et-dati-se-percutent-en-vue-de-la-legislative-partielle-20250716\" target=\"_blank\" data-fig-type=\"NewsFlash\" rel=\"noopener\" data-gtm-custom-categorie=\"navigation\" data-gtm-custom-action=\"crossclick\" data-gtm-custom-label=\"Contextuel\" data-gtm-event=\"customEventSPE\" data-fig-domain=\"LEFIGARO\">pour annoncer son intention de briguer \u00e9galement cette circonscription hupp\u00e9e<\/a>. Celle-ci s\u2019\u00e9tend le long de la Seine, du VIIe arrondissement, dont elle est la maire, jusqu\u2019au Ve. Ces tensions \u00e9mergent \u00e0 moins de neuf mois des municipales, o\u00f9 la ministre entend conqu\u00e9rir Paris, et \u00e0 moins de deux ans de la pr\u00e9sidentielle.<\/p>\n<p>                                    <a class=\"fig-a11y-skip a11y-hidden\" href=\"#fig-a11y-skip-main-inarticle\"><br \/>\n        Passer la publicit\u00e9<br \/>\n    <\/a><\/p>\n<p>\u00abExprimer une voix respectueuse et pos\u00e9e\u00bb<\/p>\n<p class=\"fig-paragraph\">Dans son courrier, l\u2019ex-n\u00e9gociateur en chef du Brexit pour l\u2019Union europ\u00e9enne pr\u00e9cise qu\u2019il \u00absouhaite exprimer une voix respectueuse et pos\u00e9e dans un h\u00e9micycle trop souvent divis\u00e9, o\u00f9 le dialogue doit redevenir une force, et o\u00f9 le respect des convictions de chacun est une condition essentielle \u00e0 la vitalit\u00e9 d\u00e9mocratique\u00bb. Il s\u2019inscrit dans cette d\u00e9marche pour \u00absollicite(r)\u00bb la confiance des adh\u00e9rents parisiens \u00abpour repr\u00e9senter la droite et le centre avec dignit\u00e9, constance et responsabilit\u00e9.\u00bb<\/p>\n<p class=\"fig-paragraph\">Ce texte, fait suite \u00e0 sa volont\u00e9 affich\u00e9e sur le r\u00e9seau X o\u00f9 il annon\u00e7ait \u00abdans le moment tr\u00e8s grave o\u00f9 nous sommes pour notre pays (&#8230;) j\u2019ai d\u00e9cid\u00e9 de proposer ma candidature \u00e0 l\u2019\u00e9lection partielle dans la deuxi\u00e8me circonscription de Paris\u00bb. L\u2019ex-\u00e9lu savoyard soulignait que sa candidature \u00abs\u2019inscrit dans une d\u00e9marche de rassemblement de la droite et du centre\u00bb. \u00abAfin de porter une voix forte et s\u00fbre pour nos trois arrondissements dans le prolongement de mon engagement pour notre pays\u00bb. Le\u00a0<a href=\"http:\/\/www.lefigaro.fr\/politique\/en-2027-je-ferai-tout-pour-faire-gagner-la-droite-budget-immigration-sansal-algerie-le-grand-entretien-de-bruno-retailleau-au-figaro-20250718\" target=\"_blank\" data-fig-type=\"Article\" rel=\"noopener\" data-gtm-custom-categorie=\"navigation\" data-gtm-custom-action=\"crossclick\" data-gtm-custom-label=\"Contextuel\" data-gtm-event=\"customEventSPE\" data-fig-domain=\"LEFIGARO\">pr\u00e9sident des R\u00e9publicains, Bruno Retailleau<\/a>, avait salu\u00e9 cette candidature, qu\u2019il a pr\u00e9sent\u00e9e comme \u00abune triple chance\u00a0: pour Paris, pour LR et pour la France. Il a tout mon soutien\u00bb, a-t-il ajout\u00e9.<\/p>\n","protected":false},"excerpt":{"rendered":"Apr\u00e8s des tensions au sein du bloc LR, Michel Barnier souhaite \u00abrepr\u00e9senter la droite et le centre avec&hellip;\n","protected":false},"author":2,"featured_media":257328,"comment_status":"","ping_status":"","sticky":false,"template":"","format":"standard","meta":{"footnotes":""},"categories":[1888],"tags":[11,1777,674,1011,27,27636,12,626,25],"class_list":{"0":"post-257327","1":"post","2":"type-post","3":"status-publish","4":"format-standard","5":"has-post-thumbnail","7":"category-paris","8":"tag-actualites","9":"tag-eu","10":"tag-europe","11":"tag-fr","12":"tag-france","13":"tag-michel-barnier","14":"tag-news","15":"tag-paris","16":"tag-republique-francaise"},"share_on_mastodon":{"url":"https:\/\/pubeurope.com\/@fr\/114876395227185256","error":""},"_links":{"self":[{"href":"https:\/\/www.europesays.com\/fr\/wp-json\/wp\/v2\/posts\/257327","targetHints":{"allow":["GET"]}}],"collection":[{"href":"https:\/\/www.europesays.com\/fr\/wp-json\/wp\/v2\/posts"}],"about":[{"href":"https:\/\/www.europesays.com\/fr\/wp-json\/wp\/v2\/types\/post"}],"author":[{"embeddable":true,"href":"https:\/\/www.europesays.com\/fr\/wp-json\/wp\/v2\/users\/2"}],"replies":[{"embeddable":true,"href":"https:\/\/www.europesays.com\/fr\/wp-json\/wp\/v2\/comments?post=257327"}],"version-history":[{"count":0,"href":"https:\/\/www.europesays.com\/fr\/wp-json\/wp\/v2\/posts\/257327\/revisions"}],"wp:featuredmedia":[{"embeddable":true,"href":"https:\/\/www.europesays.com\/fr\/wp-json\/wp\/v2\/media\/257328"}],"wp:attachment":[{"href":"https:\/\/www.europesays.com\/fr\/wp-json\/wp\/v2\/media?parent=257327"}],"wp:term":[{"taxonomy":"category","embeddable":true,"href":"https:\/\/www.europesays.com\/fr\/wp-json\/wp\/v2\/categories?post=257327"},{"taxonomy":"post_tag","embeddable":true,"href":"https:\/\/www.europesays.com\/fr\/wp-json\/wp\/v2\/tags?post=257327"}],"curies":[{"name":"wp","href":"https:\/\/api.w.org\/{rel}","templated":true}]}}