{"id":257329,"date":"2025-07-18T21:37:10","date_gmt":"2025-07-18T21:37:10","guid":{"rendered":"https:\/\/www.europesays.com\/fr\/257329\/"},"modified":"2025-07-18T21:37:10","modified_gmt":"2025-07-18T21:37:10","slug":"je-me-sens-tres-chez-moi-en-russie","status":"publish","type":"post","link":"https:\/\/www.europesays.com\/fr\/257329\/","title":{"rendered":"\u00abJe me sens tr\u00e8s chez moi\u00bb en Russie"},"content":{"rendered":"<p>Dans une nouvelle interview avec <b>Pavel bazdyrev<\/b> de l\u2019artisanat musical du podcast, ancien <b>ARC-EN-CIEL<\/b> et <b>Violet fonc\u00e9<\/b> chanteur <b>Joe Lynn Turner<\/b> On a demand\u00e9 ce que cela fait d\u2019\u00eatre en Russie ces jours-ci. Il a r\u00e9pondu (comme transcrit par <b>Blabbermouth.net<\/b>): \u00ab\u00a0Eh bien, je suis ici\u2026 en retour [when I played] avec <b>Yngwie<\/b> [<b>Malmsteen<\/b>]si vous vous souvenez, quand nous avons fait le record <b>\u2018[Trial By Fire:] Vivre \u00e0 Leningrad \u2018<\/b>; [present-day Saint Petersburg] s\u2019appelait toujours Leningrad \u00e0 l\u2019\u00e9poque. C\u2019\u00e9tait il y a un bon moment. Et c\u2019\u00e9tait ma premi\u00e8re introduction \u00e0 la Russie en f\u00e9vrier froid [of 1989]. Et nous avons fait 11 spectacles \u00e0 Moscou et 11 spectacles \u00e0 Leningrad, dans les grandes salles. J\u2019oublie le nom, mais c\u2019est tr\u00e8s c\u00e9l\u00e8bre. Et nous avions plus de 20 000 personnes par nuit pendant 11 nuits chacune. Tout le monde V fait \u2013 Babushkas, tout le monde est sorti parce que c\u2019\u00e9tait tr\u00e8s nouveau. Et j\u2019ai eu toute une exp\u00e9rience que je pense \u00e0 bien des \u00e9gards a chang\u00e9 ma vie, en raison de la situation qui existait ici et des situations dans lesquelles nous \u00e9tions en quelque sorte impliqu\u00e9s. <b>KGB<\/b> \u00e9tait partout, style militaire, le tout \u2013 dans les h\u00f4tels, papiers, vous l\u2019appelez. C\u2019\u00e9tait donc une Russie tr\u00e8s diff\u00e9rente de celle que je l\u2019ai vue progresser au fil des ans. Je suis donc tr\u00e8s content d\u2019avoir obtenu cette observation \u00e0 l\u2019\u00e9poque pour la comparer aujourd\u2019hui car elle est diff\u00e9rente \u2013 tr\u00e8s diff\u00e9rente. Mais cela m\u2019a apport\u00e9 un sens, du monde \u2013 plus de connaissances de ce qui se passait vraiment ici dans ce pays, la profondeur du peuple, la profondeur de la culture, ce qu\u2019ils ont v\u00e9cu. Et par exemple, la plupart des Am\u00e9ricains n\u2019ont jamais compris cela parce qu\u2019ils n\u2019ont jamais eu de guerre dans leur pays. Je veux dire, la guerre civile ne se souvient m\u00eame pas; Ce n\u2019\u00e9tait pas vraiment une guerre mondiale ou quoi que ce soit. Mais ici, vous avez un \u2013 quel est le mot que je recherche? Il y a un mot sp\u00e9cial. Encore une fois, la profondeur est une chose\u2026 de sacrifice et de sentiment et de camaraderie, et cela met l\u2019esprit des gens ici dans une position diff\u00e9rente de beaucoup du monde occidental. Ouais, c\u2019est vraiment le cas. Et je suis content d\u2019avoir eu cette exp\u00e9rience. Nous l\u2019appelons la vue de 30 000 \u2013 comme si vous \u00e9tiez au-dessus de tout. Vous regardez de haut et vous commencez \u00e0 voir dans les comparaisons. Donc, oui, de l\u2019\u00e9poque \u00e0 maintenant, les progr\u00e8s ici ont \u00e9t\u00e9 incroyables. Et j\u2019ai jou\u00e9 \u00e0 peu pr\u00e8s dans toute la Russie\u2026 et il a parcouru un long chemin jusqu\u2019\u00e0 pr\u00e9sent. \u00ab\u00a0<\/p>\n<p>Apr\u00e8s <b>Bazdyrev<\/b> dit que c\u2019est \u00ab\u00a0un honneur\u00a0\u00bb pour lui et ses compatriotes que <b>Tourneur<\/b> a choisi une r\u00e9gion comme la Russie et le Bi\u00e9lorussie pour \u00eatre, <b>Joe<\/b> \u00ab\u00a0Eh bien, merci. Un de mes amis est un podcasteur de premier plan, et il a \u00e9t\u00e9 l\u00e0 pendant un certain temps et il est retourn\u00e9. Maintenant, il revient pour la citoyennet\u00e9. Et la raison est \u00e0 cause de ce que je dis, c\u2019est que la mentalit\u00e9 et la profondeur du caract\u00e8re, et cetera, je ne dis pas les gens qui n\u2019aiment pas le mat\u00e9rialisme partout, mais l\u00e0-bas.\u00a0\u00bb Je ne dis pas les gens.<\/p>\n<p>Demand\u00e9 s\u2019il se sent toujours comme un \u00e9tranger ou qu\u2019il se sent \u00ab\u00a0\u00e0 la maison\u00a0\u00bb en Russie, <b>Tourneur<\/b> \u00abJe me sens tr\u00e8s chez moi. J\u2019aimerais pouvoir parler plus de russe\u2026 Je peux vraiment comprendre plus que je ne peux parler, mais je trouve la grammaire tr\u00e8s difficile. Et en tant que chanteuse, je suis tr\u00e8s bon en linguistique. Espagnol\u2026 chaque fois que je vais dans un pays, je essaie de prendre un peu de la langue, que ce soit le Japon, l\u2019Allemagne\u2026 hors de respect\u2026 mais je trouve beaucoup de gens maintenant, je pense que dans les \u00e9coles, c\u2019est une exception. Alors maintenant, les jeunes, ils disent, le lyc\u00e9e, ils savent qu\u2019ils doivent apprendre la langue commerciale, qui est essentiellement l\u2019anglais, pour aller n\u2019importe o\u00f9\u2026 donc je ne ressens pas que ce soit des diff\u00e9rences, si c\u2019est la nourriture et les choses qui ne peuvent pas faire face \u00e0 la m\u00eame chose. Je me sens donc tr\u00e8s \u00e0 l\u2019aise, vraiment. \u00ab\u00a0<\/p>\n<p>Le premier <b>ARC-EN-CIEL<\/b> et <b>Violet fonc\u00e9<\/b> Le chanteur, qui a jou\u00e9 en Russie \u00e0 plusieurs reprises au cours des deux derni\u00e8res ann\u00e9es, a \u00e9clat\u00e9 avec la plupart des artistes internationaux qui ont annul\u00e9 leurs apparitions en direct dans le pays en r\u00e9ponse \u00e0 la condamnation mondiale contre le Kremlin et son pr\u00e9sident, <b>Vladimir Poutine<\/b>pendant la guerre en Ukraine. De plus, les principaux \u00e9tiquettes de disques ont suspendu leurs op\u00e9rations en Russie, tandis que les services de streaming comme <b>Spotify<\/b> retir\u00e9 du march\u00e9.<\/p>\n<p>En 2022, <b>Tourneur<\/b> Apparemment, a jet\u00e9 son soutien derri\u00e8re <b>Waters Roger<\/b> sur des commentaires le <b>Pink Floyd<\/b> Le co-fondateur a fait sur la Russie. <b>Eaux<\/b> pr\u00e9sident de l\u2019\u00e9poque-am\u00e9ricain <b>Joe Biden<\/b> pour \u00ab\u00a0alimenter l\u2019incendie en Ukraine\u00a0\u00bb au milieu de l\u2019invasion de la Russie du pays, et a demand\u00e9 dans une interview avec <b>CNN<\/b>\u2018s <b>Michael Smerconish<\/b>\u00ab\u00a0Pourquoi les \u00c9tats-Unis d\u2019Am\u00e9rique n\u2019encourageront-ils pas [<b>Volodymyr<\/b>] <b>Zelensky<\/b>, [Ukraine\u2019s] pr\u00e9sident, pour n\u00e9gocier, \u00e9viter la n\u00e9cessit\u00e9 de cette horrible guerre horrible? \u00a0\u00bb <b>Smerconish<\/b> a r\u00e9pondu que <b>Eaux<\/b> Je l\u2019ai \u00ab\u00a0invers\u00e9\u00a0\u00bb et \u00ab\u00a0bl\u00e2mait la f\u00eate qui a \u00e9t\u00e9 envahie\u00a0\u00bb. <b>Eaux<\/b> tir\u00e9 en arri\u00e8re, disant qu\u2019il s\u2019agissait de \u00ab\u00a0l\u2019action et la r\u00e9action de <b>OTAN<\/b> Poussant jusqu\u2019\u00e0 la fronti\u00e8re russe. \u00ab\u00a0<\/p>\n<p>Peu de temps apr\u00e8s, <b>Tourneur<\/b> pris \u00e0 son officiel <b>Facebook<\/b> page pour partager une vid\u00e9o de <b>Smerconish<\/b>entretien avec <b>Eaux<\/b>et il a inclus le message suivant: \u00ab\u00a0<b>Waters Roger<\/b> Donne la v\u00e9rit\u00e9 au pouvoir! Merci <b>Roger<\/b>. Quelqu\u2019un a \u00e0 le dire \u2026 \u00ab\u00a0<\/p>\n<p>Ce n\u2019\u00e9tait pas la premi\u00e8re fois <b>Joe<\/b> avait adopt\u00e9 publiquement une position politique. En 2015, le chanteur a fait la une des journaux lorsqu\u2019il a \u00e9t\u00e9 r\u00e9v\u00e9l\u00e9 qu\u2019il avait rejoint une liste de c\u00e9l\u00e9brit\u00e9s occidentales qui exprimaient publiquement le soutien et la d\u00e9fense <b>Vladimir Poutine<\/b>dont l\u2019image avait grandement souffert \u00e0 cause de la politique \u00e9trang\u00e8re agressive de Moscou.<\/p>\n<p>Deux ans plus tard, <b>Tourneur<\/b> a d\u00e9clar\u00e9 que son opinion sur le pr\u00e9sident russe \u00e9tait rest\u00e9e inchang\u00e9e. \u00ab\u00a0Il est toujours [telling the truth]\u00bb, a dit le chanteur <b>Kraig Casebier<\/b>\u2018s <b>\u00ab\u00a0Barber am\u00e9ricain \u00e0 Prague\u00a0\u00bb<\/b> Dans une interview de 2017. \u00ab\u00a0Honn\u00eate envers Dieu, j\u2019ai beaucoup de merde pour [saying] que [before]. Mais c\u2019est vrai, et il l\u2019est toujours, que vous l\u2019aimiez ou non. Il est peut-\u00eatre un gangster, mais c\u2019est un bon gangster. Et je dis qu\u2019il y a de bons gangsters.<\/p>\n<p>\u00ab\u00a0Il y avait des gangsters dans ma famille, dans la mafia, et c\u2019\u00e9taient de bonnes personnes\u00a0\u00bb, a-t-il expliqu\u00e9. \u00ab\u00a0Ils \u00e9taient les quartiers les plus s\u00fbrs, et ils ont prot\u00e9g\u00e9 tout le monde dans le bloc, et ils ont pris soin de beaucoup de gens. Et ils ont en fait donn\u00e9 leur temps, de l\u2019argent \u00e0 de bonnes causes. Si quelqu\u2019un n\u2019avait pas assez de pain ou de nourriture, ils l\u2019ach\u00e8teraient pour eux. Je veux dire, cela ne peut m\u00eame pas couvrir leurs crimes.\u00a0\u00bb<\/p>\n<p><b>Joe<\/b> a continu\u00e9 \u00e0 d\u00e9plorer l\u2019\u00e9tat de la politique am\u00e9ricaine et a d\u00e9nonc\u00e9 la culture de l\u2019extr\u00eame politiquement correct, qui, selon lui, \u00e9tait all\u00e9 trop loin.<\/p>\n<p>\u00ab\u00a0Je pense que l\u2019Am\u00e9rique a perdu son chemin\u00a0\u00bb, a-t-il d\u00e9clar\u00e9. \u00ab\u00a0Nous avons perdu Dieu, nous avons perdu beaucoup de choses qui ont rendu ce pays grand. Et je suis d\u00e9sol\u00e9 de dire, \u00e9tant un Am\u00e9ricain \u2013 italo-am\u00e9ricain, et tenant un passeport am\u00e9ricain \u2026 J\u2019ai eu des oncles \u2026 et mon p\u00e8re a fait un service militaire pour douze rayures \u00e0 l\u2019\u00e9tranger \u2013 le tout. Dans nos valeurs de l\u2019Am\u00e9rique. [in America]. \u00ab\u00a0<\/p>\n<p>Selon <b>Tourneur<\/b>La diabolisation de son pays de la Russie est enracin\u00e9e dans le fait que \u00ab\u00a0l\u2019Am\u00e9rique a toujours besoin d\u2019un grand et mauvais loup. Nous devons d\u00e9tester quelqu\u2019un, \u00e0 cause du complexe industriel militaire\u00a0\u00bb, a-t-il d\u00e9clar\u00e9. \u00ab\u00a0Nous devons donc d\u00e9tester quelqu\u2019un tout le temps [and] cr\u00e9er une guerre. Il n\u2019y en a pas besoin, vraiment. Si nous pouvons simplement redresser l\u2019\u00e9conomie et sortir la Fed de l\u00e0, je pense que les gens auraient une chance. Mais en ce moment, je prie pour eux \u2013 je le fais vraiment. Parce que je pense juste qu\u2019ils ont tout faux. \u00ab\u00a0<\/p>\n<p>Comme si la d\u00e9tection des critiques qui suivraient probablement ses commentaires, <b>Tourneur<\/b> s\u2019est d\u00e9fendu de mani\u00e8re pr\u00e9ventive en disant: \u00ab\u00a0J\u2019ai dit <b>Poutine<\/b> disait la v\u00e9rit\u00e9, parce qu\u2019il est dire la v\u00e9rit\u00e9. J\u2019ai \u00e9t\u00e9 assign\u00e9 \u00e0 compara\u00eetre par mon propre gouvernement, d\u2019accord? Donc, tous ces opposants et ces ennemis qui vont voir \u00e7a sur moi et tout, vous n\u2019avez aucune id\u00e9e. 30% des Am\u00e9ricains ont des passeports, donc 70% d\u2019entre vous sont isol\u00e9s et savent queue \u00c0 ce sujet \u2013 vous n\u2019avez nulle part et rien fait. Excusez-moi, mais c\u2019est ce que vous auriez d\u00fb \u00eatre dit il y a longtemps. \u00ab\u00a0<\/p>\n<p>Le chanteur de 73 ans a ensuite expliqu\u00e9 qu\u2019il avait \u00e9t\u00e9 \u00ab\u00a0assign\u00e9 \u00e0 compara\u00eetre\u00a0\u00bb par le gouvernement am\u00e9ricain apr\u00e8s avoir jou\u00e9 \u00ab\u00a0trois spectacles de charit\u00e9\u00a0\u00bb en Crim\u00e9e annuelle russe, qu\u2019il a appel\u00e9 un \u00ab\u00a0pays de wartorn\u00a0\u00bb. \u00ab\u00a0Les gens ont pass\u00e9 un bon moment [and] Nous avions des maisons \u00e0 vente \u00ab\u00a0, a-t-il d\u00e9clar\u00e9.<\/p>\n<p><b>Joe<\/b> \u00e9tait le chanteur de <b>ARC-EN-CIEL<\/b> Entre 1980 et 1984 et il a chant\u00e9 sur l\u2019album <b>\u00ab\u00a0Difficile \u00e0 gu\u00e9rir\u00a0\u00bb<\/b>qui pr\u00e9sentait le single britannique le plus r\u00e9ussi du groupe, <b>\u00ab\u00a0Je me rends\u00a0\u00bb<\/b>.<\/p>\n<p>Pendant <b>Tourneur<\/b>Il est temps avec <b>ARC-EN-CIEL<\/b>le groupe a connu son premier succ\u00e8s USA Chart et a enregistr\u00e9 des chansons qui ont aid\u00e9 \u00e0 d\u00e9finir le genre rock m\u00e9lodique.<\/p>\n<p>1990 Saw <b>Tourneur<\/b> retrouver <b>ARC-EN-CIEL<\/b> chef <b>Ritchie Blackmore<\/b> dans un <b>Violet fonc\u00e9<\/b> pour <b>\u00ab\u00a0Esclaves et ma\u00eetres\u00a0\u00bb<\/b> album.<\/p>\n<p>Cr\u00e9dit photo: <b>Agata nigrovskaya<\/b> (gracieuset\u00e9 de <b>Groupe de labels de mascotte<\/b>)<\/p>\n<p><a href=\"https:\/\/www.youtube.com\/watch?v=icao3pbtcf4\" target=\"_blank\" rel=\"noopener\">https:\/\/www.youtube.com\/watch?v=icao3pbtcf4<\/a><\/p>\n","protected":false},"excerpt":{"rendered":"Dans une nouvelle interview avec Pavel bazdyrev de l\u2019artisanat musical du podcast, ancien ARC-EN-CIEL et Violet fonc\u00e9 chanteur&hellip;\n","protected":false},"author":2,"featured_media":257330,"comment_status":"","ping_status":"","sticky":false,"template":"","format":"standard","meta":{"footnotes":""},"categories":[1591],"tags":[11,3530,1887,39725,39726,33564,12,1885,1886,132,4071,933,38527],"class_list":{"0":"post-257329","1":"post","2":"type-post","3":"status-publish","4":"format-standard","5":"has-post-thumbnail","7":"category-russie","8":"tag-actualites","9":"tag-chez","10":"tag-federation-de-russie","11":"tag-joe","12":"tag-lynn","13":"tag-moi","14":"tag-news","15":"tag-russia","16":"tag-russian-federation","17":"tag-russie","18":"tag-sens","19":"tag-tres","20":"tag-turner"},"share_on_mastodon":{"url":"https:\/\/pubeurope.com\/@fr\/114876399148583913","error":""},"_links":{"self":[{"href":"https:\/\/www.europesays.com\/fr\/wp-json\/wp\/v2\/posts\/257329","targetHints":{"allow":["GET"]}}],"collection":[{"href":"https:\/\/www.europesays.com\/fr\/wp-json\/wp\/v2\/posts"}],"about":[{"href":"https:\/\/www.europesays.com\/fr\/wp-json\/wp\/v2\/types\/post"}],"author":[{"embeddable":true,"href":"https:\/\/www.europesays.com\/fr\/wp-json\/wp\/v2\/users\/2"}],"replies":[{"embeddable":true,"href":"https:\/\/www.europesays.com\/fr\/wp-json\/wp\/v2\/comments?post=257329"}],"version-history":[{"count":0,"href":"https:\/\/www.europesays.com\/fr\/wp-json\/wp\/v2\/posts\/257329\/revisions"}],"wp:featuredmedia":[{"embeddable":true,"href":"https:\/\/www.europesays.com\/fr\/wp-json\/wp\/v2\/media\/257330"}],"wp:attachment":[{"href":"https:\/\/www.europesays.com\/fr\/wp-json\/wp\/v2\/media?parent=257329"}],"wp:term":[{"taxonomy":"category","embeddable":true,"href":"https:\/\/www.europesays.com\/fr\/wp-json\/wp\/v2\/categories?post=257329"},{"taxonomy":"post_tag","embeddable":true,"href":"https:\/\/www.europesays.com\/fr\/wp-json\/wp\/v2\/tags?post=257329"}],"curies":[{"name":"wp","href":"https:\/\/api.w.org\/{rel}","templated":true}]}}