{"id":257333,"date":"2025-07-18T21:39:13","date_gmt":"2025-07-18T21:39:13","guid":{"rendered":"https:\/\/www.europesays.com\/fr\/257333\/"},"modified":"2025-07-18T21:39:13","modified_gmt":"2025-07-18T21:39:13","slug":"ninja-warrior-le-parcours-des-heros-sebastien-spaeth-vs-lorin-ball-usa-ninja-warrior-le-parcours-des-heros","status":"publish","type":"post","link":"https:\/\/www.europesays.com\/fr\/257333\/","title":{"rendered":"Ninja warrior : Le Parcours des H\u00e9ros &#8211; S\u00e9bastien Spaeth VS Lorin Ball (USA) &#8211; Ninja Warrior : Le Parcours des h\u00e9ros"},"content":{"rendered":"<p id=\"descriptionPanel\" class=\"text-secondary mr-2 line-clamp-2 pr-2.5 overflow-visible\">Il est l&rsquo;heure pour S\u00e9bastien Spaeth de se mesurer \u00e0 Lorin Ball, athl\u00e8te international venu tout droit des Etats-Unis. Il compte bien le d\u00e9tr\u00f4ner et montrer qu&rsquo;il est capable de le battre. Alors S\u00e9bastien arrivera-t-il \u00e0 buzzer avant Lorin Ball la l\u00e9gende am\u00e9ricaine ? Extrait de l&rsquo;\u00e9mission 2 du 18 juillet 2025 \u2013 Partie 2<br \/>En savoir plus sur <a class=\"text-white hover:text-blue-500\" href=\"https:\/\/www.tf1.fr\/dossier\/sebastien-spaeth-20273520\" target=\"_blank\" rel=\"noopener\">S\u00e9bastien Spaeth<\/a>, <a class=\"text-white hover:text-blue-500\" href=\"https:\/\/www.tf1.fr\/dossier\/christophe-beaugrand\" target=\"_blank\" rel=\"noopener\">Christophe Beaugrand<\/a>, <a class=\"text-white hover:text-blue-500\" href=\"https:\/\/www.tf1.fr\/dossier\/anais-grangerac-56416348\" target=\"_blank\" rel=\"noopener\">Ana\u00efs Grangerac<\/a> ou <a class=\"text-white hover:text-blue-500\" href=\"https:\/\/www.tf1.fr\/dossier\/denis-brogniart\" target=\"_blank\" rel=\"noopener\">Denis Brogniart<\/a><\/p>\n<p>Afficher la version longue du r\u00e9sum\u00e9<a class=\"shrink-0\" href=\"https:\/\/www.tf1.fr\/tf1\/ninja-warrior\" target=\"_blank\" rel=\"noopener\"><img decoding=\"async\" src=\"https:\/\/www.europesays.com\/fr\/wp-content\/uploads\/2025\/07\/program-card-portrait-2-ninja-warrior-2025-af4cf5-92d347-0@1x.jpg\" width=\"138\" height=\"184\" alt=\"\" loading=\"eager\" fetchpriority=\"auto\" class=\"rounded-3px aspect-[3\/4] h-24 w-auto\" aria-hidden=\"true\"\/><\/a><\/p>\n","protected":false},"excerpt":{"rendered":"Il est l&rsquo;heure pour S\u00e9bastien Spaeth de se mesurer \u00e0 Lorin Ball, athl\u00e8te international venu tout droit des&hellip;\n","protected":false},"author":2,"featured_media":257334,"comment_status":"","ping_status":"","sticky":false,"template":"","format":"standard","meta":{"footnotes":""},"categories":[1589],"tags":[11,73,1866,3483,36522,12,36524,36523,36526,1864,1865,1863,308,36527,36525],"class_list":{"0":"post-257333","1":"post","2":"type-post","3":"status-publish","4":"format-standard","5":"has-post-thumbnail","7":"category-etats-unis","8":"tag-actualites","9":"tag-etats-unis","10":"tag-etats-unis-damerique","11":"tag-extrait","12":"tag-extrait-ninja-warrior-le-parcours-des-heros","13":"tag-news","14":"tag-ninja-warrior-le-parcours-des-heros","15":"tag-ninja-warrior-le-parcours-des-heros-extrait","16":"tag-streaming-ninja-warrior-le-parcours-des-heros","17":"tag-united-states","18":"tag-united-states-of-america","19":"tag-us","20":"tag-usa","21":"tag-video-en-streaming-ninja-warrior-le-parcours-des-heros","22":"tag-video-ninja-warrior-le-parcours-des-heros"},"share_on_mastodon":{"url":"https:\/\/pubeurope.com\/@fr\/114876407080480742","error":""},"_links":{"self":[{"href":"https:\/\/www.europesays.com\/fr\/wp-json\/wp\/v2\/posts\/257333","targetHints":{"allow":["GET"]}}],"collection":[{"href":"https:\/\/www.europesays.com\/fr\/wp-json\/wp\/v2\/posts"}],"about":[{"href":"https:\/\/www.europesays.com\/fr\/wp-json\/wp\/v2\/types\/post"}],"author":[{"embeddable":true,"href":"https:\/\/www.europesays.com\/fr\/wp-json\/wp\/v2\/users\/2"}],"replies":[{"embeddable":true,"href":"https:\/\/www.europesays.com\/fr\/wp-json\/wp\/v2\/comments?post=257333"}],"version-history":[{"count":0,"href":"https:\/\/www.europesays.com\/fr\/wp-json\/wp\/v2\/posts\/257333\/revisions"}],"wp:featuredmedia":[{"embeddable":true,"href":"https:\/\/www.europesays.com\/fr\/wp-json\/wp\/v2\/media\/257334"}],"wp:attachment":[{"href":"https:\/\/www.europesays.com\/fr\/wp-json\/wp\/v2\/media?parent=257333"}],"wp:term":[{"taxonomy":"category","embeddable":true,"href":"https:\/\/www.europesays.com\/fr\/wp-json\/wp\/v2\/categories?post=257333"},{"taxonomy":"post_tag","embeddable":true,"href":"https:\/\/www.europesays.com\/fr\/wp-json\/wp\/v2\/tags?post=257333"}],"curies":[{"name":"wp","href":"https:\/\/api.w.org\/{rel}","templated":true}]}}