{"id":257337,"date":"2025-07-18T21:41:21","date_gmt":"2025-07-18T21:41:21","guid":{"rendered":"https:\/\/www.europesays.com\/fr\/257337\/"},"modified":"2025-07-18T21:41:21","modified_gmt":"2025-07-18T21:41:21","slug":"les-voyages-express-entre-lespagne-et-lallemagne-stoppes-par-les-douaniers-lodeur-du-cannabis-na-pas-trompe-le-flair-du-chien","status":"publish","type":"post","link":"https:\/\/www.europesays.com\/fr\/257337\/","title":{"rendered":"Les voyages express entre l\u2019Espagne et l\u2019Allemagne stopp\u00e9s par les douaniers, l\u2019odeur du cannabis n\u2019a pas tromp\u00e9 le flair du chien"},"content":{"rendered":"<p>\n                                                                \u00c0 Tavel, dans le Gard, sur l\u2019A9, un homme de 46 ans, qui rentrait en Allemagne apr\u00e8s avoir s\u00e9journ\u00e9 moins de 48\u00a0heures en Espagne, a \u00e9t\u00e9 arr\u00eat\u00e9 avec 32 kilos de cannabis cach\u00e9s dans sa voiture.\n                            <\/p>\n<p>Le voyage de 36\u00a0heures \u00e0 Barcelone, en Espagne, lui a co\u00fbt\u00e9 cher. Parti d\u2019Allemagne en voiture avec sa compagne pour passer 48\u00a0heures en Catalogne, le p\u00e9riple festif du couple a \u00e9t\u00e9 interrompu par les douaniers.<\/p>\n<p>32 kilos de cannabis cach\u00e9s dans les porti\u00e8res<\/p>\n<p>Un d\u00e9lai qui n\u2019a pas \u00e9chapp\u00e9 \u00e0 la pr\u00e9sidente du tribunal, comme le rapporte <a href=\"https:\/\/www.objectifgard.com\/faits-divers\/justice-36-heures-de-vacances-a-barcelone-et-263-000-euros-damende-150520.php\" target=\"_self\" rel=\"nofollow noopener\">Objectif Gard<\/a>, qui a interrog\u00e9 le conducteur, qui s\u2019est retrouv\u00e9 \u00e0 la barre du tribunal correctionnel de N\u00eemes, dans le Gard, pour des infractions li\u00e9es aux stup\u00e9fiants.\u00a0\u00ab\u00a0Vous partez d\u2019Allemagne en voiture pour passer moins de 48\u00a0heures \u00e0 Barcelone\u00a0\u00bb\u00a0?<\/p>\n<p>\u00ab\u00a0C\u2019\u00e9tait pour passer du bon temps\u00a0\u00bb<\/p>\n<p>\u00ab\u00a0C\u2019\u00e9tait pour passer du bon temps\u00a0!\u00a0\u00bb, l\u00e2che le pr\u00e9venu. Comme le rapportent nos confr\u00e8res, c\u2019est sur le retour que lui et sa compagne ont \u00e9t\u00e9 arr\u00eat\u00e9s par les douaniers, dans le Gard, \u00e0 hauteur de Tavel. Et pour cause, leur chien a renifl\u00e9 une odeur suspecte provenant de l\u2019habitacle. Et il ne s\u2019y est pas tromp\u00e9.<\/p>\n<p>En effet, en fouillant le v\u00e9hicule, les agents mettent la main sur pas moins de 32 kilos de cannabis. Ils \u00e9taient soigneusement dissimul\u00e9s dans les porti\u00e8res. Devant la justice, les explications fournies par le pr\u00e9venu sont incoh\u00e9rentes.<\/p>\n<p>260\u00a0000\u00a0\u20ac d\u2019amende douani\u00e8re<\/p>\n<p>Il a, par exemple, expliqu\u00e9 qu\u2019il pensait remontait de l\u2019argent issu d\u2019un h\u00e9ritage, pour l\u2019un de ses compatriotes. Sauf que ce conducteur a r\u00e9alis\u00e9, selon les douanes, pas moins de cinq d\u00e9placements de courte dur\u00e9e en Espagne.<\/p>\n<p>Le quadrag\u00e9naire a \u00e9t\u00e9 condamn\u00e9 \u00e0 une amende douani\u00e8re de 260\u00a0000\u00a0\u20ac, \u00e0 une peine de prison de 24 mois dont la moiti\u00e9 avec sursis et \u00e0 une interdiction de s\u00e9jour sur le sol fran\u00e7ais de cinq ans. Sa compagne a \u00e9t\u00e9 relax\u00e9e.<\/p>\n","protected":false},"excerpt":{"rendered":"\u00c0 Tavel, dans le Gard, sur l\u2019A9, un homme de 46 ans, qui rentrait en Allemagne apr\u00e8s avoir&hellip;\n","protected":false},"author":2,"featured_media":257338,"comment_status":"","ping_status":"","sticky":false,"template":"","format":"standard","meta":{"footnotes":""},"categories":[1587],"tags":[11,672,1804,1805,1803,1777,674,1801,12,1802],"class_list":{"0":"post-257337","1":"post","2":"type-post","3":"status-publish","4":"format-standard","5":"has-post-thumbnail","7":"category-allemagne","8":"tag-actualites","9":"tag-allemagne","10":"tag-bundesrepublik-deutschland","11":"tag-de","12":"tag-deutschland","13":"tag-eu","14":"tag-europe","15":"tag-germany","16":"tag-news","17":"tag-republique-federale-dallemagne"},"share_on_mastodon":{"url":"https:\/\/pubeurope.com\/@fr\/114876414889925599","error":""},"_links":{"self":[{"href":"https:\/\/www.europesays.com\/fr\/wp-json\/wp\/v2\/posts\/257337","targetHints":{"allow":["GET"]}}],"collection":[{"href":"https:\/\/www.europesays.com\/fr\/wp-json\/wp\/v2\/posts"}],"about":[{"href":"https:\/\/www.europesays.com\/fr\/wp-json\/wp\/v2\/types\/post"}],"author":[{"embeddable":true,"href":"https:\/\/www.europesays.com\/fr\/wp-json\/wp\/v2\/users\/2"}],"replies":[{"embeddable":true,"href":"https:\/\/www.europesays.com\/fr\/wp-json\/wp\/v2\/comments?post=257337"}],"version-history":[{"count":0,"href":"https:\/\/www.europesays.com\/fr\/wp-json\/wp\/v2\/posts\/257337\/revisions"}],"wp:featuredmedia":[{"embeddable":true,"href":"https:\/\/www.europesays.com\/fr\/wp-json\/wp\/v2\/media\/257338"}],"wp:attachment":[{"href":"https:\/\/www.europesays.com\/fr\/wp-json\/wp\/v2\/media?parent=257337"}],"wp:term":[{"taxonomy":"category","embeddable":true,"href":"https:\/\/www.europesays.com\/fr\/wp-json\/wp\/v2\/categories?post=257337"},{"taxonomy":"post_tag","embeddable":true,"href":"https:\/\/www.europesays.com\/fr\/wp-json\/wp\/v2\/tags?post=257337"}],"curies":[{"name":"wp","href":"https:\/\/api.w.org\/{rel}","templated":true}]}}