{"id":257339,"date":"2025-07-18T21:42:11","date_gmt":"2025-07-18T21:42:11","guid":{"rendered":"https:\/\/www.europesays.com\/fr\/257339\/"},"modified":"2025-07-18T21:42:11","modified_gmt":"2025-07-18T21:42:11","slug":"elisabeth-morin-chartier-prend-la-presidence-du-comite-dethique-de-la-commission","status":"publish","type":"post","link":"https:\/\/www.europesays.com\/fr\/257339\/","title":{"rendered":"Elisabeth Morin-Chartier prend la pr\u00e9sidence du comit\u00e9 d\u2019\u00e9thique de la Commission"},"content":{"rendered":"<p>Membre du comit\u00e9 d\u2019\u00e9thique ind\u00e9pendant de la Commission europ\u00e9enne, la Poitevine Elisabeth Morin-Chartier entame un nouveau mandat, dimanche 20\u00a0juillet 2025. <a target=\"_self\" href=\"https:\/\/www.lanouvellerepublique.fr\/vienne\/la-poitevine-elisabeth-morin-chartier-presidente-du-comite-d-ethique-de-la-commission-europeenne-1750084762\" rel=\"nofollow noopener\">Et prend la pr\u00e9sidence de cette entit\u00e9<\/a>. Le prolongement d\u2019un engagement fort pour l\u2019Union europ\u00e9enne.<\/p>\n<p>Les scandales qui apparaissent dans les journaux ou les proc\u00e8s qui connaissent un grand retentissement fragilisent \u00e9norm\u00e9ment la d\u00e9mocratie&#8230;. <\/p>\n<p>    Cet article a \u00e9t\u00e9 tronqu\u00e9. Abonnez-vous pour lire l&rsquo;article complet sur notre site.<\/p>\n<p><strong>Elisabeth Morin-Chartier<\/strong><\/p>\n<p class=\"interview\">Pourquoi avoir accept\u00e9 le renouvellement de votre mandat au comit\u00e9 d\u2019\u00e9thique ind\u00e9pendant de la Commission europ\u00e9enne\u00a0?<\/p>\n<p style=\"margin: 0 !important; padding: 0 !important; font-size: 12px !important;\">Cet article a \u00e9t\u00e9 tronqu\u00e9. Abonnez-vous pour lire l&rsquo;article complet.<\/p>\n<p>    <a href=\"https:\/\/www.lanouvellerepublique.fr\/abonnements\" style=\"display: inline-block; margin-top: 5px !important; padding: 6px 12px !important; background: #cb1c27; color: white; text-decoration: none; border-radius: 4px; font-size: 12px !important;\" rel=\"nofollow noopener\" target=\"_blank\"><br \/>\n      S&rsquo;abonner<br \/>\n    <\/a><\/p>\n","protected":false},"excerpt":{"rendered":"Membre du comit\u00e9 d\u2019\u00e9thique ind\u00e9pendant de la Commission europ\u00e9enne, la Poitevine Elisabeth Morin-Chartier entame un nouveau mandat, dimanche&hellip;\n","protected":false},"author":2,"featured_media":257340,"comment_status":"","ping_status":"","sticky":false,"template":"","format":"standard","meta":{"footnotes":""},"categories":[1586],"tags":[1392,11,1777,674,1011,27,12,316,25,364,1584],"class_list":{"0":"post-257339","1":"post","2":"type-post","3":"status-publish","4":"format-standard","5":"has-post-thumbnail","7":"category-europe","8":"tag-a-la-une-local","9":"tag-actualites","10":"tag-eu","11":"tag-europe","12":"tag-fr","13":"tag-france","14":"tag-news","15":"tag-politique","16":"tag-republique-francaise","17":"tag-union-europeenne","18":"tag-vienne"},"share_on_mastodon":{"url":"https:\/\/pubeurope.com\/@fr\/114876418914509934","error":""},"_links":{"self":[{"href":"https:\/\/www.europesays.com\/fr\/wp-json\/wp\/v2\/posts\/257339","targetHints":{"allow":["GET"]}}],"collection":[{"href":"https:\/\/www.europesays.com\/fr\/wp-json\/wp\/v2\/posts"}],"about":[{"href":"https:\/\/www.europesays.com\/fr\/wp-json\/wp\/v2\/types\/post"}],"author":[{"embeddable":true,"href":"https:\/\/www.europesays.com\/fr\/wp-json\/wp\/v2\/users\/2"}],"replies":[{"embeddable":true,"href":"https:\/\/www.europesays.com\/fr\/wp-json\/wp\/v2\/comments?post=257339"}],"version-history":[{"count":0,"href":"https:\/\/www.europesays.com\/fr\/wp-json\/wp\/v2\/posts\/257339\/revisions"}],"wp:featuredmedia":[{"embeddable":true,"href":"https:\/\/www.europesays.com\/fr\/wp-json\/wp\/v2\/media\/257340"}],"wp:attachment":[{"href":"https:\/\/www.europesays.com\/fr\/wp-json\/wp\/v2\/media?parent=257339"}],"wp:term":[{"taxonomy":"category","embeddable":true,"href":"https:\/\/www.europesays.com\/fr\/wp-json\/wp\/v2\/categories?post=257339"},{"taxonomy":"post_tag","embeddable":true,"href":"https:\/\/www.europesays.com\/fr\/wp-json\/wp\/v2\/tags?post=257339"}],"curies":[{"name":"wp","href":"https:\/\/api.w.org\/{rel}","templated":true}]}}