{"id":257344,"date":"2025-07-18T21:45:15","date_gmt":"2025-07-18T21:45:15","guid":{"rendered":"https:\/\/www.europesays.com\/fr\/257344\/"},"modified":"2025-07-18T21:45:15","modified_gmt":"2025-07-18T21:45:15","slug":"rachel-legrain-trapani-porte-plainte-apres-avoir-subi-une-agression-sexuelle-au-festival-davignon","status":"publish","type":"post","link":"https:\/\/www.europesays.com\/fr\/257344\/","title":{"rendered":"Rachel Legrain-Trapani porte plainte apr\u00e8s avoir subi une agression sexuelle au Festival d\u2019Avignon"},"content":{"rendered":"<p>        <img decoding=\"async\" loading=\"lazy\" src=\"https:\/\/www.europesays.com\/fr\/wp-content\/uploads\/2025\/07\/346f0fc_upload-1-6ijcdomst4c9-capture-da-a-cran-2025-07-18-194401.png\"  width=\"728\" height=\"409\" alt=\"Dans plusieurs vid\u00e9os partag\u00e9es sur son compte Instagram, l\u2019ancienne miss France a racont\u00e9 l\u2019exp\u00e9rience traumatisante v\u00e9cue en pleine rue \u00e0 Avignon.\"\/>  <\/p>\n<p>Capture d\u2019\u00e9cran Instagram<\/p>\n<p>Dans plusieurs vid\u00e9os partag\u00e9es sur son compte Instagram, l\u2019ancienne miss France a racont\u00e9 l\u2019exp\u00e9rience traumatisante v\u00e9cue en pleine rue \u00e0 Avignon.<\/p>\n<p class=\"asset asset-text\">FAITS DIVERS &#8211; \u00ab\u00a0Je suis un peu sonn\u00e9e.\u00a0\u00bb L\u2019ancienne Miss France <a href=\"https:\/\/www.huffingtonpost.fr\/life\/article\/rachel-legrain-trapani-evoque-son-corps-apres-l-accouchement_169972.html\" target=\"_blank\" rel=\"noopener\">Rachel Legrain-Trapani<\/a> a fait part de son \u00e9motion, ce vendredi 18\u00a0juillet, lorsqu\u2019elle a t\u00e9moign\u00e9 d\u2019une agression sexuelle subie la veille, alors qu\u2019elle distribuait des flyers pour la <a href=\"https:\/\/www.huffingtonpost.fr\/divertissement\/article\/de-miss-france-a-pole-emploi-rachel-legrain-trapani-va-jouer-un-one-woman-show-au-off-d-avignon_250648.html\" target=\"_blank\" rel=\"noopener\">pi\u00e8ce de th\u00e9\u00e2tre dans laquelle elle joue actuellement dans le cadre du \u00ab\u00a0off\u00a0\u00bb du Festival d\u2019Avignon<\/a>.<\/p>\n<p class=\"asset asset-text\">L\u2019ancienne reine de beaut\u00e9 et com\u00e9dienne a r\u00e9v\u00e9l\u00e9 les circonstances de cette <a href=\"https:\/\/www.huffingtonpost.fr\/international\/article\/harvey-weinstein-a-nouveau-condamne-pour-agression-sexuelle_251227.html\" target=\"_blank\" rel=\"noopener\" title=\"Nouvelle fen\u00eatre\">agression sexuelle<\/a> sur Instagram peu de temps apr\u00e8s les faits commis par un homme rapidement interpell\u00e9 par les forces de l\u2019ordre. Miss France 2007\u00a0r\u00e9v\u00e8le \u00e9galement avoir port\u00e9 plainte, comme en attestent une photo partag\u00e9e en story et les informations de la radio <a href=\"https:\/\/www.francebleu.fr\/infos\/faits-divers-justice\/festival-d-avignon-l-ancienne-miss-france-rachel-legrain-trapan-depose-plainte-pour-agression-sexuelle-4161467\" target=\"_blank\" rel=\"noopener\" title=\"Nouvelle fen\u00eatre\">Ici<\/a> (ex-France Bleu).<\/p>\n<p class=\"asset asset-text\">Dans son t\u00e9moignage aupr\u00e8s de ses abonn\u00e9es, Rachel Legrain-Trapani d\u00e9taille point par point les circonstances de l\u2019agression commise par un homme venu lui demander une photo\u00a0: \u00ab\u00a0Pendant le festival, on distribue nos flyers pour inciter les gens \u00e0 venir voir notre spectacle. Donc c\u2019est ce que je fais apr\u00e8s le spectacle (jeudi). J\u2019\u00e9tais avec des amis \u00e0 moi qui jouent \u00e9galement.\u00a0\u00bb<\/p>\n<p>         <img decoding=\"async\" loading=\"lazy\" src=\"https:\/\/www.europesays.com\/fr\/wp-content\/uploads\/2025\/07\/d5921fb_upload-1-lmjcxzq2sxgq-capture-da-a-cran-2025-07-18-194029.png\"  width=\"728\" height=\"671\" alt=\"\u00ab\u00a0Bon la journ\u00e9e ne s\u2019est pas termin\u00e9e de la meilleure des fa\u00e7ons\u2019\u00a0\u00bb, avait \u00e9crit Rachel Legrain-Trapani sur Instagram apr\u00e8s avoir subi une agression sexuelle dans les rues d\u2019Avignon.\"\/>  <\/p>\n<p>Capture d\u2019\u00e9cran Instagram<\/p>\n<p>\u00ab\u00a0Bon la journ\u00e9e ne s\u2019est pas termin\u00e9e de la meilleure des fa\u00e7ons\u2019\u00a0\u00bb, avait \u00e9crit Rachel Legrain-Trapani sur Instagram apr\u00e8s avoir subi une agression sexuelle dans les rues d\u2019Avignon.<\/p>\n<p class=\"asset asset-text\">\u00ab\u00a0De l\u00e0, des jeunes filles me reconnaissent et demandent des photos avec moi et j\u2019accepte comme toujours. Il y avait un mec qui r\u00f4dait d\u00e9j\u00e0 depuis un moment autour. Na\u00efvement, je n\u2019ai pas pr\u00eat\u00e9 attention et lui me demande aussi une photo. Donc j\u2019accepte aussi, je fais des photos avec tout le monde\u00a0\u00bb, d\u00e9veloppe-t-elle, visiblement tr\u00e8s marqu\u00e9e.<\/p>\n<p class=\"asset asset-text\">Juste apr\u00e8s, \u00ab\u00a0il a commenc\u00e9 \u00e0 me toucher. Moi j\u2019\u00e9tais sur le cul, je ne m\u2019attendais pas \u00e0 \u00e7a et le temps que je r\u00e9agisse, il part. Une de mes copines essaye de l\u2019attraper et appelle la police\u00a0\u00bb, qui a finalement arr\u00eat\u00e9 le jeune homme peu de temps apr\u00e8s. Aupr\u00e8s d\u2019Ici, la police d\u2019Avignon a d\u2019ailleurs confirm\u00e9 l\u2019interpellation de l\u2019individu, n\u00e9 en 1996\u00a0et inconnu des services de police.<\/p>\n<p>    \u00ab\u00a0Show must go on\u00a0\u00bb    <\/p>\n<p class=\"asset asset-text\">Tr\u00e8s reconnaissante envers les policiers qui l\u2019ont prise en charge, Rachel Legrain-Trapani partage ensuite son mal-\u00eatre apr\u00e8s cette agression en pleine rue\u00a0: \u00ab\u00a0Je me sens un peu bizarre depuis tout \u00e0 l\u2019heure et je suis un peu triste parce que je suis loin de mes enfants, de tout le monde. Plus le stress, parce que c\u2019est quand m\u00eame tr\u00e8s stressant ici.\u00a0\u00bb<\/p>\n<p class=\"asset asset-text\">La com\u00e9dienne de 36\u00a0ans explique qu\u2019elle remontera d\u00e8s ce vendredi sur sc\u00e8ne dans le cadre du Festival Off d\u2019Avignon, o\u00f9 elle joue depuis le d\u00e9but du mois dans Pas si Miss que \u00e7a. \u00ab\u00a0Ce n\u2019\u00e9tait pas la grande forme aujourd\u2019hui mais show must go on [\u201cle spectacle doit continuer\u201d]. Merci d\u2019avoir \u00e9t\u00e9 l\u00e0 aujourd\u2019hui et pour vos messages\u00a0\u00bb, a-t-elle fini par conclure dans un dernier message sur le sujet.<\/p>\n","protected":false},"excerpt":{"rendered":"Capture d\u2019\u00e9cran Instagram Dans plusieurs vid\u00e9os partag\u00e9es sur son compte Instagram, l\u2019ancienne miss France a racont\u00e9 l\u2019exp\u00e9rience traumatisante&hellip;\n","protected":false},"author":2,"featured_media":257345,"comment_status":"","ping_status":"","sticky":false,"template":"","format":"standard","meta":{"footnotes":""},"categories":[2],"tags":[11,1267,118,36980,1011,27,3034,12,1072,25],"class_list":{"0":"post-257344","1":"post","2":"type-post","3":"status-publish","4":"format-standard","5":"has-post-thumbnail","7":"category-actualites","8":"tag-actualites","9":"tag-agression-sexuelle","10":"tag-faits-divers","11":"tag-festival-d-avignon","12":"tag-fr","13":"tag-france","14":"tag-miss-france","15":"tag-news","16":"tag-police","17":"tag-republique-francaise"},"share_on_mastodon":{"url":"https:\/\/pubeurope.com\/@fr\/114876430673731286","error":""},"_links":{"self":[{"href":"https:\/\/www.europesays.com\/fr\/wp-json\/wp\/v2\/posts\/257344","targetHints":{"allow":["GET"]}}],"collection":[{"href":"https:\/\/www.europesays.com\/fr\/wp-json\/wp\/v2\/posts"}],"about":[{"href":"https:\/\/www.europesays.com\/fr\/wp-json\/wp\/v2\/types\/post"}],"author":[{"embeddable":true,"href":"https:\/\/www.europesays.com\/fr\/wp-json\/wp\/v2\/users\/2"}],"replies":[{"embeddable":true,"href":"https:\/\/www.europesays.com\/fr\/wp-json\/wp\/v2\/comments?post=257344"}],"version-history":[{"count":0,"href":"https:\/\/www.europesays.com\/fr\/wp-json\/wp\/v2\/posts\/257344\/revisions"}],"wp:featuredmedia":[{"embeddable":true,"href":"https:\/\/www.europesays.com\/fr\/wp-json\/wp\/v2\/media\/257345"}],"wp:attachment":[{"href":"https:\/\/www.europesays.com\/fr\/wp-json\/wp\/v2\/media?parent=257344"}],"wp:term":[{"taxonomy":"category","embeddable":true,"href":"https:\/\/www.europesays.com\/fr\/wp-json\/wp\/v2\/categories?post=257344"},{"taxonomy":"post_tag","embeddable":true,"href":"https:\/\/www.europesays.com\/fr\/wp-json\/wp\/v2\/tags?post=257344"}],"curies":[{"name":"wp","href":"https:\/\/api.w.org\/{rel}","templated":true}]}}