{"id":257350,"date":"2025-07-18T21:49:11","date_gmt":"2025-07-18T21:49:11","guid":{"rendered":"https:\/\/www.europesays.com\/fr\/257350\/"},"modified":"2025-07-18T21:49:11","modified_gmt":"2025-07-18T21:49:11","slug":"nouvelle-zelande-france-pourquoi-galthie-qui-ne-sembarrasse-pas-de-preoccupations-morales-couve-auradou","status":"publish","type":"post","link":"https:\/\/www.europesays.com\/fr\/257350\/","title":{"rendered":"Nouvelle-Z\u00e9lande &#8211; France\u00a0: pourquoi Galthi\u00e9, qui \u00ab\u00a0ne s\u2019embarrasse pas de pr\u00e9occupations morales\u00a0\u00bb, couve Auradou"},"content":{"rendered":"<p class=\"paragraph text_align_left lp-f-body-02\">Sa tignasse brune, \u00e9paisse et courte, sa fine moustache et sa grande carcasse ont trouv\u00e9 leur place chez les Bleus. Ce samedi \u00e0 Hamilton, lors du troisi\u00e8me et dernier test-match du <a href=\"https:\/\/www.leparisien.fr\/sports\/rugby\/xv-de-france\/\" target=\"_blank\" rel=\"noreferrer nofollow noopener\">XV de France<\/a> en Nouvelle-Z\u00e9lande, Hugo Auradou, titularis\u00e9 comme il y a deux semaines, <a href=\"https:\/\/www.leparisien.fr\/sports\/rugby\/xv-de-france\/nouvelle-zelande-france-la-composition-des-all-blacks-largement-remanies-contre-les-bleus-samedi-a-hamilton-17-07-2025-7ROVGWOCJREONNY3J7QHJTRLHY.php\" target=\"_blank\" rel=\"noreferrer nofollow noopener\">\u00e9trennera sa septi\u00e8me s\u00e9lection<\/a>. La veille de ses vingt-deux ans. \u00c0 croire qu\u2019un nouvel homme fort s\u2019est install\u00e9 pour de bon chez les Tricolores. Un homme, \u00e0 peine sorti de l\u2019adolescence, et d\u00e9j\u00e0 lest\u00e9 d\u2019un pass\u00e9 lourd \u00e0 porter.<\/p>\n<p class=\"paragraph text_align_left lp-f-body-02\">Un pass\u00e9 vieux d\u2019un an. Le 12 juillet 2024, le deuxi\u00e8me ligne de la Section paloise \u00e9tait <a href=\"https:\/\/www.leparisien.fr\/sports\/rugby\/affaire-jegou-auradou\/\" target=\"_self\" rel=\"nofollow noopener\">mis en examen et d\u00e9tenu \u00e0 Mendoza en Argentine pour viol aggrav\u00e9<\/a>, en compagnie du 3e ligne de La Rochelle Oscar Jegou, apr\u00e8s avoir disput\u00e9 le premier test-match de la tourn\u00e9e des Bleus chez les Pumas. Le non-lieu pour les deux joueurs a \u00e9t\u00e9 prononc\u00e9 par la justice argentine le 10 d\u00e9cembre suivant puis il a \u00e9t\u00e9 confirm\u00e9 le 18 f\u00e9vrier dernier en appel.<\/p>\n","protected":false},"excerpt":{"rendered":"Sa tignasse brune, \u00e9paisse et courte, sa fine moustache et sa grande carcasse ont trouv\u00e9 leur place chez&hellip;\n","protected":false},"author":2,"featured_media":257351,"comment_status":"","ping_status":"","sticky":false,"template":"","format":"standard","meta":{"footnotes":""},"categories":[1416],"tags":[1011,27,479,1468,60,30845],"class_list":{"0":"post-257350","1":"post","2":"type-post","3":"status-publish","4":"format-standard","5":"has-post-thumbnail","7":"category-rugby","8":"tag-fr","9":"tag-france","10":"tag-rugby","11":"tag-rugby-football","12":"tag-sports","13":"tag-xv-france"},"share_on_mastodon":{"url":"https:\/\/pubeurope.com\/@fr\/114876446346521072","error":""},"_links":{"self":[{"href":"https:\/\/www.europesays.com\/fr\/wp-json\/wp\/v2\/posts\/257350","targetHints":{"allow":["GET"]}}],"collection":[{"href":"https:\/\/www.europesays.com\/fr\/wp-json\/wp\/v2\/posts"}],"about":[{"href":"https:\/\/www.europesays.com\/fr\/wp-json\/wp\/v2\/types\/post"}],"author":[{"embeddable":true,"href":"https:\/\/www.europesays.com\/fr\/wp-json\/wp\/v2\/users\/2"}],"replies":[{"embeddable":true,"href":"https:\/\/www.europesays.com\/fr\/wp-json\/wp\/v2\/comments?post=257350"}],"version-history":[{"count":0,"href":"https:\/\/www.europesays.com\/fr\/wp-json\/wp\/v2\/posts\/257350\/revisions"}],"wp:featuredmedia":[{"embeddable":true,"href":"https:\/\/www.europesays.com\/fr\/wp-json\/wp\/v2\/media\/257351"}],"wp:attachment":[{"href":"https:\/\/www.europesays.com\/fr\/wp-json\/wp\/v2\/media?parent=257350"}],"wp:term":[{"taxonomy":"category","embeddable":true,"href":"https:\/\/www.europesays.com\/fr\/wp-json\/wp\/v2\/categories?post=257350"},{"taxonomy":"post_tag","embeddable":true,"href":"https:\/\/www.europesays.com\/fr\/wp-json\/wp\/v2\/tags?post=257350"}],"curies":[{"name":"wp","href":"https:\/\/api.w.org\/{rel}","templated":true}]}}