{"id":257352,"date":"2025-07-18T21:50:11","date_gmt":"2025-07-18T21:50:11","guid":{"rendered":"https:\/\/www.europesays.com\/fr\/257352\/"},"modified":"2025-07-18T21:50:11","modified_gmt":"2025-07-18T21:50:11","slug":"fils-annonce-a-tokyo-pour-defendre-son-titre-alcaraz-draper-et-fritz-egalement-presents","status":"publish","type":"post","link":"https:\/\/www.europesays.com\/fr\/257352\/","title":{"rendered":"Fils annonc\u00e9 \u00e0 Tokyo pour d\u00e9fendre son titre, Alcaraz, Draper et Fritz \u00e9galement pr\u00e9sents"},"content":{"rendered":"<p>                <img decoding=\"async\" src=\"https:\/\/www.europesays.com\/fr\/wp-content\/uploads\/2025\/07\/0h4n.jpg\" alt=\"Fils annonc\u00e9 \u00e0 Tokyo pour d\u00e9fendre son titre, Alcaraz, Draper et Fritz \u00e9galement pr\u00e9sents\"\/><\/p>\n<p>Apr\u00e8s l\u2019US Open, la saison se poursuivra en Asie avec notamment les tournois de Tokyo, de P\u00e9kin et le Masters 1000 de Shanghai.<\/p>\n<p>Arthur Fils, bless\u00e9 au dos depuis Roland-Garros, devrait faire son retour \u00e0 la comp\u00e9tition \u00e0 Toronto dans deux semaines. En attendant, le n\u00b01 fran\u00e7ais a coch\u00e9 Tokyo (24-30 septembre) dans son calendrier. Tenant du titre dans la capitale japonaise, Fils avait battu son compatriote Ugo Humbert en finale.<\/p>\n<p>Cette ann\u00e9e, il devra faire face \u00e0 une concurrence accrue. En effet, Carlos Alcaraz, vainqueur \u00e0 P\u00e9kin l\u2019ann\u00e9e derni\u00e8re, a fait le choix de se rendre au Japon cette saison. Parmi le top 5, Taylor Fritz et Jack Draper seront aussi de la partie. Holger Rune, 8e mondial, a \u00e9galement annonc\u00e9 sa participation ce vendredi.<\/p>\n","protected":false},"excerpt":{"rendered":"Apr\u00e8s l\u2019US Open, la saison se poursuivra en Asie avec notamment les tournois de Tokyo, de P\u00e9kin et&hellip;\n","protected":false},"author":2,"featured_media":257353,"comment_status":"","ping_status":"","sticky":false,"template":"","format":"standard","meta":{"footnotes":""},"categories":[1415],"tags":[1011,27,60,1467],"class_list":{"0":"post-257352","1":"post","2":"type-post","3":"status-publish","4":"format-standard","5":"has-post-thumbnail","7":"category-tennis","8":"tag-fr","9":"tag-france","10":"tag-sports","11":"tag-tennis"},"share_on_mastodon":{"url":"https:\/\/pubeurope.com\/@fr\/114876450425854298","error":""},"_links":{"self":[{"href":"https:\/\/www.europesays.com\/fr\/wp-json\/wp\/v2\/posts\/257352","targetHints":{"allow":["GET"]}}],"collection":[{"href":"https:\/\/www.europesays.com\/fr\/wp-json\/wp\/v2\/posts"}],"about":[{"href":"https:\/\/www.europesays.com\/fr\/wp-json\/wp\/v2\/types\/post"}],"author":[{"embeddable":true,"href":"https:\/\/www.europesays.com\/fr\/wp-json\/wp\/v2\/users\/2"}],"replies":[{"embeddable":true,"href":"https:\/\/www.europesays.com\/fr\/wp-json\/wp\/v2\/comments?post=257352"}],"version-history":[{"count":0,"href":"https:\/\/www.europesays.com\/fr\/wp-json\/wp\/v2\/posts\/257352\/revisions"}],"wp:featuredmedia":[{"embeddable":true,"href":"https:\/\/www.europesays.com\/fr\/wp-json\/wp\/v2\/media\/257353"}],"wp:attachment":[{"href":"https:\/\/www.europesays.com\/fr\/wp-json\/wp\/v2\/media?parent=257352"}],"wp:term":[{"taxonomy":"category","embeddable":true,"href":"https:\/\/www.europesays.com\/fr\/wp-json\/wp\/v2\/categories?post=257352"},{"taxonomy":"post_tag","embeddable":true,"href":"https:\/\/www.europesays.com\/fr\/wp-json\/wp\/v2\/tags?post=257352"}],"curies":[{"name":"wp","href":"https:\/\/api.w.org\/{rel}","templated":true}]}}