{"id":257354,"date":"2025-07-18T21:51:15","date_gmt":"2025-07-18T21:51:15","guid":{"rendered":"https:\/\/www.europesays.com\/fr\/257354\/"},"modified":"2025-07-18T21:51:15","modified_gmt":"2025-07-18T21:51:15","slug":"la-commission-de-controle-de-la-ffbb-retrograde-provisoirement-le-tgb","status":"publish","type":"post","link":"https:\/\/www.europesays.com\/fr\/257354\/","title":{"rendered":"La Commission de Contr\u00f4le de la FFBB r\u00e9trograde provisoirement le TGB"},"content":{"rendered":"<p>\t\t<img loading=\"lazy\" decoding=\"async\" src=\"https:\/\/www.europesays.com\/fr\/wp-content\/uploads\/2025\/07\/01-700-182-340d1.png\" width=\"500\" height=\"261\" alt=\"\" \/><\/p>\n<p>Pour  la troisi\u00e8me ann\u00e9e cons\u00e9cutive le TGB est menac\u00e9 de rel\u00e9gation en Ligue R\u00e9gionale.  La Commission de Contr\u00f4le de Gestion de la FFBB a ent\u00e9rin\u00e9 les engagements en  LBWL 2025-2026 de six clubs sur douze.\u00a0Angers, Basket-Landes, Bourges, Charnay, Montpellier ont re\u00e7u le feu  vert. Quatre clubs Charleville-M\u00e9zi\u00e8res, Lyon, Villeneuve d\u2019Ascq et le promu  Toulouse attendent une nouvelle d\u00e9lib\u00e9ration. Deux clubs, Tarbes et  Roche-Vend\u00e9e sont r\u00e9trograd\u00e9s en Ligue R\u00e9gionale. Les recours du TGB et  Roche-Vend\u00e9e seront \u00e9tudi\u00e9s en Chambre d\u2019Appel le 5 juin prochain. <\/p>\n<p class=\"MsoNormal\" style=\"text-align:justify;\"><strong>La  Pr\u00e9sidente Jeannie Cointre confiante<\/strong><\/p>\n<p class=\"MsoNormal\" style=\"text-align:justify;\">Ces  deux derni\u00e8res ann\u00e9es le TGB avait \u00e9t\u00e9 maintenu apr\u00e8s Appel. Lors de son  interview du 19 mai \u00e0 iCi B\u00e9arn la Pr\u00e9sidente Jeannie Cointre avait l\u2019air  optimiste en cas de nouvelle d\u00e9cision d\u00e9favorable. \u00ab\u00a0Il se pourrait  qu\u2019on soit en Appel de nouveau. En fait il y a toujours des questions de  timing o\u00f9 des promesses de partenariat ou des promesses de dons qui vont  arriver mais qu\u2019on n\u2019a pas forc\u00e9ment au moment o\u00f9 on passe devant la DNACG.  C\u2019est toujours une question de timing mais comme l\u2019ann\u00e9e derni\u00e8re, si on doit  passer en Appel, on passera en Appel. Il faut prendre ces d\u00e9cisions avec mesure  et quand on pr\u00e9sente ensuite des dossiers qui tiennent la route, il n\u2019y a pas  de raison de ne pas repartir\u00a0\u00bb. Il est vrai que par deux fois sous sa  Pr\u00e9sidence le TGB avait apport\u00e9 les garanties pour conserver sa place au plus  haut niveau. Il est vrai que tout va tr\u00e8s vite entre des Phases Finales qui se  sont termin\u00e9es le 16 mai pour le TGB et des dossiers pr\u00e9sent\u00e9s en amont en  Commission qui sont jug\u00e9s onze jours apr\u00e8s.<\/p>\n<p class=\"MsoNormal\" style=\"text-align:justify;\">En  NM1 l\u2019Union Tarbes Lourdes a re\u00e7u le Feu Vert pour la saison prochaine.<\/p>\n<p>\n<strong>JJ Lasserre<\/strong><\/p>\n","protected":false},"excerpt":{"rendered":"Pour la troisi\u00e8me ann\u00e9e cons\u00e9cutive le TGB est menac\u00e9 de rel\u00e9gation en Ligue R\u00e9gionale. La Commission de Contr\u00f4le&hellip;\n","protected":false},"author":2,"featured_media":257355,"comment_status":"","ping_status":"","sticky":false,"template":"","format":"standard","meta":{"footnotes":""},"categories":[1414],"tags":[39730,38965,1465,1464,39729,251,33,436,25916,118,1011,27,38968,1393,27957,316,71,60,39731,717],"class_list":{"0":"post-257354","1":"post","2":"type-post","3":"status-publish","4":"format-standard","5":"has-post-thumbnail","7":"category-basket","8":"tag-actualite-tarbes-et-grand-tarbes","9":"tag-agenda-des-sorties","10":"tag-basket","11":"tag-basketball","12":"tag-communiqus-de-presse","13":"tag-culture","14":"tag-economie","15":"tag-environnement","16":"tag-etat-civil","17":"tag-faits-divers","18":"tag-fr","19":"tag-france","20":"tag-infos-pratiques","21":"tag-loisirs","22":"tag-partenaires","23":"tag-politique","24":"tag-sante","25":"tag-sports","26":"tag-tarbes-infos","27":"tag-technologie"},"share_on_mastodon":{"url":"https:\/\/pubeurope.com\/@fr\/114876454274549967","error":""},"_links":{"self":[{"href":"https:\/\/www.europesays.com\/fr\/wp-json\/wp\/v2\/posts\/257354","targetHints":{"allow":["GET"]}}],"collection":[{"href":"https:\/\/www.europesays.com\/fr\/wp-json\/wp\/v2\/posts"}],"about":[{"href":"https:\/\/www.europesays.com\/fr\/wp-json\/wp\/v2\/types\/post"}],"author":[{"embeddable":true,"href":"https:\/\/www.europesays.com\/fr\/wp-json\/wp\/v2\/users\/2"}],"replies":[{"embeddable":true,"href":"https:\/\/www.europesays.com\/fr\/wp-json\/wp\/v2\/comments?post=257354"}],"version-history":[{"count":0,"href":"https:\/\/www.europesays.com\/fr\/wp-json\/wp\/v2\/posts\/257354\/revisions"}],"wp:featuredmedia":[{"embeddable":true,"href":"https:\/\/www.europesays.com\/fr\/wp-json\/wp\/v2\/media\/257355"}],"wp:attachment":[{"href":"https:\/\/www.europesays.com\/fr\/wp-json\/wp\/v2\/media?parent=257354"}],"wp:term":[{"taxonomy":"category","embeddable":true,"href":"https:\/\/www.europesays.com\/fr\/wp-json\/wp\/v2\/categories?post=257354"},{"taxonomy":"post_tag","embeddable":true,"href":"https:\/\/www.europesays.com\/fr\/wp-json\/wp\/v2\/tags?post=257354"}],"curies":[{"name":"wp","href":"https:\/\/api.w.org\/{rel}","templated":true}]}}