{"id":257356,"date":"2025-07-18T21:52:12","date_gmt":"2025-07-18T21:52:12","guid":{"rendered":"https:\/\/www.europesays.com\/fr\/257356\/"},"modified":"2025-07-18T21:52:12","modified_gmt":"2025-07-18T21:52:12","slug":"zarco-ravi-davoir-profite-de-la-grosse-opportunite-de-la-pluie","status":"publish","type":"post","link":"https:\/\/www.europesays.com\/fr\/257356\/","title":{"rendered":"Zarco ravi d&rsquo;avoir profit\u00e9 de la \u00ab\u00a0grosse opportunit\u00e9\u00a0\u00bb de la pluie"},"content":{"rendered":"<p>Comme souvent dans ces conditions, l&rsquo;arriv\u00e9e de la pluie a aid\u00e9 Johann Zarco ce vendredi \u00e0 Brno. Le Fran\u00e7ais a longtemps \u00e9t\u00e9 bien plac\u00e9 dans la matin\u00e9e, avant de perdre des places en fin de s\u00e9ance, quand la piste s&rsquo;ass\u00e9chait, pour \u00eatre class\u00e9 en 14e position. Dans l&rsquo;apr\u00e8s-midi, il n&rsquo;a \u00e9t\u00e9 battu que par Marc M\u00e1rquez, ce qui lui a garanti une qualification directe en Q2 pour la septi\u00e8me fois en 12 week-ends cette ann\u00e9e.<\/p>\n<p>\u00ab\u00a0C&rsquo;est toujours bien d&rsquo;assurer la Q2\u00a0\u00bb, a soulign\u00e9 Zarco. \u00ab\u00a0Je savais que j&rsquo;avais cette grosse opportunit\u00e9 de le faire en pneus pluie. Je suis content de l&rsquo;avoir confirm\u00e9e. J&rsquo;avais un peu peur que \u00e7a s&rsquo;ass\u00e8che trop vite et qu&rsquo;on doive passer sur les slicks puis prendre de gros risques pour am\u00e9liorer les chronos, mais \u00e7a n&rsquo;a pas \u00e9t\u00e9 le cas.\u00a0\u00bb<\/p>\n<p>\u00ab\u00a0Clairement, \u00e0 la fin des Essais, c&rsquo;\u00e9tait trop sec pour am\u00e9liorer le chrono. C&rsquo;est pour \u00e7a que c&rsquo;\u00e9tait bien de faire un bon chrono \u00e0 20 minutes de la fin et d&rsquo;\u00eatre l\u00e0. Sur le sec, ce matin, c&rsquo;\u00e9tait cool d&rsquo;avoir les deux types de conditions mais de finir sur le sec, pour avoir un peu de sensations.\u00a0\u00bb<\/p>\n<p>Zarco est cependant soulag\u00e9 du d\u00e9roulement de la journ\u00e9e puisqu&rsquo;il craignait que la piste s&rsquo;ass\u00e8che suffisamment pour reprendre des pneus slicks \u00e0 la fin des Essais. Il pr\u00e9f\u00e8re \u00eatre priv\u00e9 de donn\u00e9es dans ces conditions qu&rsquo;avoir eu \u00e0 prendre de gros risques pour rester dans le top 10.<\/p>\n<p>\u00ab\u00a0[Un circuit sec] aurait \u00e9t\u00e9 beaucoup plus stressant pour se qualifier en Q2. Je pr\u00e9f\u00e8re que ce soit sec en EL2 demain et \u00eatre d\u00e9tendu pour garder un pilotage tr\u00e8s doux et am\u00e9liorer ma moto, parce que si \u00e7a avait \u00e9t\u00e9 sec cet apr\u00e8s-midi, je n&rsquo;aurais pas pu vraiment travailler dans le calme, et je pense que \u00e7a aurait \u00e9t\u00e9 assez difficile de se qualifier.\u00a0\u00bb<\/p>\n<p>   <img decoding=\"async\" draggable=\"false\" src=\"https:\/\/www.europesays.com\/fr\/wp-content\/uploads\/2025\/07\/1752875532_275_johann-zarco-team-lcr-honda.jpg\" alt=\"Johann Zarco, Team LCR Honda\" width=\"1200\" height=\"800\" loading=\"lazy\"\/> <\/p>\n<p class=\"title\">Johann Zarco<\/p>\n<p class=\"photographer\">Photo de: Gold and Goose Photography \/ LAT Images \/ via Getty Images<\/p>\n<p>\u00ab\u00a0On n&rsquo;a pas eu le temps de travailler sur les r\u00e9glages, mais au moins, on a fait suffisamment de tours pour avoir des informations et pr\u00e9parer quelque chose pour demain\u00a0\u00bb, a soulign\u00e9 le pilote LCR. \u00ab\u00a0On aura deux motos pr\u00eates pour le sec demain, peut-\u00eatre avec des r\u00e9glages diff\u00e9rents.\u00a0\u00bb<\/p>\n<p>\u00ab\u00a0C&rsquo;est l&rsquo;essentiel. Ce qui est int\u00e9ressant, c&rsquo;est que m\u00eame sous la pluie, on a parfois des probl\u00e8mes similaires. Au moins, je pourrai donner des informations claires \u00e0 Honda, pour comprendre comment me donner de meilleures sensations.\u00a0\u00bb<\/p>\n<p>Le risque de pluie est tr\u00e8s faible pour la suite du week-end mais Zarco pense pouvoir rester bien plac\u00e9, en exploitant bien la demi-heure d&rsquo;essais qui devrait se disputer sur piste s\u00e8che samedi matin : \u00ab\u00a0C&rsquo;est un trac\u00e9 tr\u00e8s particulier \u00e0 comprendre mais je pense que si on peut bien r\u00e9gler la moto et avoir un bon contr\u00f4le de la moto en entr\u00e9e de courbe, je pourrai esp\u00e9rer de bonnes courses ce week-end. J&rsquo;esp\u00e8re que nous ferons des progr\u00e8s en EL2 sur le sec demain, mais au moins, \u00eatre en Q2 directement, c&rsquo;est une chance de faire de bonnes qualifications demain.\u00a0\u00bb<\/p>\n<p>Lire aussi :<\/p>\n<p>Dans cet article<\/p>\n<p>Soyez le premier inform\u00e9 et souscrivez aux alertes mails pour recevoir les infos en temps r\u00e9el<\/p>\n<p>    S&rsquo;abonner aux alertes de news<\/p>\n","protected":false},"excerpt":{"rendered":"Comme souvent dans ces conditions, l&rsquo;arriv\u00e9e de la pluie a aid\u00e9 Johann Zarco ce vendredi \u00e0 Brno. Le&hellip;\n","protected":false},"author":2,"featured_media":257357,"comment_status":"","ping_status":"","sticky":false,"template":"","format":"standard","meta":{"footnotes":""},"categories":[1413],"tags":[37813,1011,27,37812,1741,1457,1456,1458,60,3771],"class_list":{"0":"post-257356","1":"post","2":"type-post","3":"status-publish","4":"format-standard","5":"has-post-thumbnail","7":"category-moto","8":"tag-brno-circuit","9":"tag-fr","10":"tag-france","11":"tag-gp-de-ru00e9publique-tchu00e8que","12":"tag-johann-zarco","13":"tag-moto","14":"tag-motocycle","15":"tag-motogp","16":"tag-sports","17":"tag-team-lcr"},"share_on_mastodon":{"url":"https:\/\/pubeurope.com\/@fr\/114876458339774783","error":""},"_links":{"self":[{"href":"https:\/\/www.europesays.com\/fr\/wp-json\/wp\/v2\/posts\/257356","targetHints":{"allow":["GET"]}}],"collection":[{"href":"https:\/\/www.europesays.com\/fr\/wp-json\/wp\/v2\/posts"}],"about":[{"href":"https:\/\/www.europesays.com\/fr\/wp-json\/wp\/v2\/types\/post"}],"author":[{"embeddable":true,"href":"https:\/\/www.europesays.com\/fr\/wp-json\/wp\/v2\/users\/2"}],"replies":[{"embeddable":true,"href":"https:\/\/www.europesays.com\/fr\/wp-json\/wp\/v2\/comments?post=257356"}],"version-history":[{"count":0,"href":"https:\/\/www.europesays.com\/fr\/wp-json\/wp\/v2\/posts\/257356\/revisions"}],"wp:featuredmedia":[{"embeddable":true,"href":"https:\/\/www.europesays.com\/fr\/wp-json\/wp\/v2\/media\/257357"}],"wp:attachment":[{"href":"https:\/\/www.europesays.com\/fr\/wp-json\/wp\/v2\/media?parent=257356"}],"wp:term":[{"taxonomy":"category","embeddable":true,"href":"https:\/\/www.europesays.com\/fr\/wp-json\/wp\/v2\/categories?post=257356"},{"taxonomy":"post_tag","embeddable":true,"href":"https:\/\/www.europesays.com\/fr\/wp-json\/wp\/v2\/tags?post=257356"}],"curies":[{"name":"wp","href":"https:\/\/api.w.org\/{rel}","templated":true}]}}