{"id":257360,"date":"2025-07-18T21:54:13","date_gmt":"2025-07-18T21:54:13","guid":{"rendered":"https:\/\/www.europesays.com\/fr\/257360\/"},"modified":"2025-07-18T21:54:13","modified_gmt":"2025-07-18T21:54:13","slug":"tdf-tour-de-france-jordan-jegat-je-suis-content-davoir-ce-genre-de-chrono","status":"publish","type":"post","link":"https:\/\/www.europesays.com\/fr\/257360\/","title":{"rendered":"TDF. Tour de France &#8211; Jordan Jegat : \u00abJe suis content d&rsquo;avoir ce genre de chrono&#8230;\u00bb"},"content":{"rendered":"<p><strong><a href=\"https:\/\/www.cyclismactu.net\/..\/news-tour-de-france-route-jordan-jegat-j-aimerais-bien-viser-une-victoire-d-etape-88837.html\" target=\"_blank\" rel=\"nofollow noopener\">Jordan Jegat<\/a> <\/strong>(TotalEnergies) n&rsquo;en finit plus d&rsquo;impressionner sur ce <strong><a href=\"https:\/\/www.cyclismactu.net\/..\/news-tdf-route-tour-de-france-tadej-pogacar-prend-chrono-de-13e-etape-evenepoel-perd-gros-89052.html\" target=\"_blank\" rel=\"nofollow noopener\">Tour de France<\/a> <\/strong>! Au contact des meilleurs d\u00e8s que les routes s&rsquo;\u00e9l\u00e8vent, la constance du Breton et sa nouvelle bonne performance sur la 13e \u00e9tape ce vendredi (23e place) lui permettent de pointer \u00e0 la 13e place du classement g\u00e9n\u00e9ral au bout de quasiment deux semaines de course. Sa bonne forme lui donne \u00e9galement la possibilit\u00e9 d&rsquo;envisager une victoire d&rsquo;\u00e9tape en \u00e9chapp\u00e9e, ce qu&rsquo;il vise pour les prochains jours&#8230;<\/p>\n<p>\u00a0<\/p>\n<p>\u00ab\u00a0Si c&rsquo;est nous, qui d\u00e9crochons la premi\u00e8re victoire fran\u00e7aise, ce serait beau\u00a0\u00bb<\/p>\n<p>\u00a0\u00ab\u00a0C&rsquo;est une bonne premi\u00e8re exp\u00e9rience et je suis content d&rsquo;avoir ce genre de chrono pour me tester par rapport aux meilleurs\u00a0\u00bb a expliqu\u00e9 <strong>Jordan Jegat <\/strong>\u00e0 l&rsquo;arriv\u00e9e du contre-la-montre atypique sur les pentes de Peyragudes.\u00a0\u00ab\u00a0Je me sens forc\u00e9ment fatigu\u00e9, heureusement, ce serait inqui\u00e9tant. Ca fait mal aux jambes, c&rsquo;est clair, surtout apr\u00e8s l&rsquo;\u00e9tape d&rsquo;hier qui a \u00e9t\u00e9 tr\u00e8s tr\u00e8s dure, peut-\u00eatre la plus dure de ma carri\u00e8re. Les jambes \u00e9taient encore dures aujourd&rsquo;hui, j&rsquo;ai tout donn\u00e9, comme les autres donc c&rsquo;est cool. J&rsquo;aborde cette nouvelle journ\u00e9e avec plein d&rsquo;envie, on va essayer d&rsquo;\u00eatre \u00e9chapp\u00e9. Hier (12e \u00e9tape) j&rsquo;ai loup\u00e9 le coup de cinquante, j&rsquo;ai mal dormi \u00e0 cause de \u00e7a, j&rsquo;\u00e9tais un peu d\u00e9go\u00fbt\u00e9 donc j&rsquo;esp\u00e8re ne pas me faire avoir demain.<\/p>\n<p>D\u00e9sormais, le pensionnaire de la <strong>TotalEnergies<\/strong>\u00a0ne peut plus se cacher et ambitionne de garder sa bonne place au classement g\u00e9n\u00e9ral : \u00ab\u00a0Le top 15 n&rsquo;\u00e9tait pas du tout une ambition avant le d\u00e9part du Tour, c&rsquo;est venu petit \u00e0 petit en faisant des r\u00e9sultats comme \u00e0 M\u00fbr-de-Bretagne (11e place, ndlr) et je suis encore l\u00e0 aujourd&rsquo;hui donc maintenant, garder cette position fait partie des objectifs de l&rsquo;\u00e9quipe. Si c&rsquo;est nous, dans l&rsquo;\u00e9quipe, qui d\u00e9crochons la premi\u00e8re victoire fran\u00e7aise, ce serait plus que beau.\u00a0\u00bb<\/p>\n<p>Tour de France &#8211; Classement de la 13\u00e8 \u00e9tape Tour de France &#8211; Classement g\u00e9n\u00e9ral provisoire apr\u00e8s la 13\u00e8 \u00e9tapeDANS LA M\u00caME CAT\u00c9GORIEA LA UNE<\/p>\n","protected":false},"excerpt":{"rendered":"Jordan Jegat (TotalEnergies) n&rsquo;en finit plus d&rsquo;impressionner sur ce Tour de France ! Au contact des meilleurs d\u00e8s&hellip;\n","protected":false},"author":2,"featured_media":257361,"comment_status":"","ping_status":"","sticky":false,"template":"","format":"standard","meta":{"footnotes":""},"categories":[1411],"tags":[1154,207,211,1011,27,209,60,210,212,208,213],"class_list":{"0":"post-257360","1":"post","2":"type-post","3":"status-publish","4":"format-standard","5":"has-post-thumbnail","7":"category-cyclisme","8":"tag-cycling","9":"tag-cyclisme","10":"tag-ffc","11":"tag-fr","12":"tag-france","13":"tag-route","14":"tag-sports","15":"tag-tour-de-france","16":"tag-uci","17":"tag-velo","18":"tag-world-tour"},"share_on_mastodon":{"url":"https:\/\/pubeurope.com\/@fr\/114876466009950897","error":""},"_links":{"self":[{"href":"https:\/\/www.europesays.com\/fr\/wp-json\/wp\/v2\/posts\/257360","targetHints":{"allow":["GET"]}}],"collection":[{"href":"https:\/\/www.europesays.com\/fr\/wp-json\/wp\/v2\/posts"}],"about":[{"href":"https:\/\/www.europesays.com\/fr\/wp-json\/wp\/v2\/types\/post"}],"author":[{"embeddable":true,"href":"https:\/\/www.europesays.com\/fr\/wp-json\/wp\/v2\/users\/2"}],"replies":[{"embeddable":true,"href":"https:\/\/www.europesays.com\/fr\/wp-json\/wp\/v2\/comments?post=257360"}],"version-history":[{"count":0,"href":"https:\/\/www.europesays.com\/fr\/wp-json\/wp\/v2\/posts\/257360\/revisions"}],"wp:featuredmedia":[{"embeddable":true,"href":"https:\/\/www.europesays.com\/fr\/wp-json\/wp\/v2\/media\/257361"}],"wp:attachment":[{"href":"https:\/\/www.europesays.com\/fr\/wp-json\/wp\/v2\/media?parent=257360"}],"wp:term":[{"taxonomy":"category","embeddable":true,"href":"https:\/\/www.europesays.com\/fr\/wp-json\/wp\/v2\/categories?post=257360"},{"taxonomy":"post_tag","embeddable":true,"href":"https:\/\/www.europesays.com\/fr\/wp-json\/wp\/v2\/tags?post=257360"}],"curies":[{"name":"wp","href":"https:\/\/api.w.org\/{rel}","templated":true}]}}