{"id":257362,"date":"2025-07-18T21:55:13","date_gmt":"2025-07-18T21:55:13","guid":{"rendered":"https:\/\/www.europesays.com\/fr\/257362\/"},"modified":"2025-07-18T21:55:13","modified_gmt":"2025-07-18T21:55:13","slug":"supercoupe-deurope-lannonce-forte-du-psg-a-ses-fans","status":"publish","type":"post","link":"https:\/\/www.europesays.com\/fr\/257362\/","title":{"rendered":"Supercoupe d&rsquo;Europe, l&rsquo;annonce forte du PSG \u00e0 ses fans"},"content":{"rendered":"<p data-testid=\"article-teaser\">A un mois de la Supercoupe d\u2019Europe contre Tottenham, le PSG a fait une annonce importante \u00e0 ses supporters, vendredi.<\/p>\n<p>Quelques semaines apr\u00e8s avoir manqu\u00e9 de peu un nouveau sacre mondial, un autre troph\u00e9e europ\u00e9en se profile pour le club parisien. Une nouvelle chance de briller sur la sc\u00e8ne continentale, et surtout, une occasion r\u00eav\u00e9e pour les supporters de vivre un grand moment. Le Paris Saint-Germain a livr\u00e9 ce vendredi une communication claire et attendue par ses fans : comment obtenir des billets pour la Supercoupe d\u2019Europe.<\/p>\n<p>L&rsquo;article continue ci-dessous<\/p>\n","protected":false},"excerpt":{"rendered":"A un mois de la Supercoupe d\u2019Europe contre Tottenham, le PSG a fait une annonce importante \u00e0 ses&hellip;\n","protected":false},"author":2,"featured_media":257363,"comment_status":"","ping_status":"","sticky":false,"template":"","format":"standard","meta":{"footnotes":""},"categories":[1410],"tags":[63,1011,27,91,39733,60,39732,18015,39734],"class_list":{"0":"post-257362","1":"post","2":"type-post","3":"status-publish","4":"format-standard","5":"has-post-thumbnail","7":"category-football","8":"tag-football","9":"tag-fr","10":"tag-france","11":"tag-paris-saint-germain","12":"tag-paris-saint-germain-vs-tottenham","13":"tag-sports","14":"tag-super-coupe-de-luefa","15":"tag-tottenham","16":"tag-uefa-super-cup"},"share_on_mastodon":{"url":"https:\/\/pubeurope.com\/@fr\/114876470029097868","error":""},"_links":{"self":[{"href":"https:\/\/www.europesays.com\/fr\/wp-json\/wp\/v2\/posts\/257362","targetHints":{"allow":["GET"]}}],"collection":[{"href":"https:\/\/www.europesays.com\/fr\/wp-json\/wp\/v2\/posts"}],"about":[{"href":"https:\/\/www.europesays.com\/fr\/wp-json\/wp\/v2\/types\/post"}],"author":[{"embeddable":true,"href":"https:\/\/www.europesays.com\/fr\/wp-json\/wp\/v2\/users\/2"}],"replies":[{"embeddable":true,"href":"https:\/\/www.europesays.com\/fr\/wp-json\/wp\/v2\/comments?post=257362"}],"version-history":[{"count":0,"href":"https:\/\/www.europesays.com\/fr\/wp-json\/wp\/v2\/posts\/257362\/revisions"}],"wp:featuredmedia":[{"embeddable":true,"href":"https:\/\/www.europesays.com\/fr\/wp-json\/wp\/v2\/media\/257363"}],"wp:attachment":[{"href":"https:\/\/www.europesays.com\/fr\/wp-json\/wp\/v2\/media?parent=257362"}],"wp:term":[{"taxonomy":"category","embeddable":true,"href":"https:\/\/www.europesays.com\/fr\/wp-json\/wp\/v2\/categories?post=257362"},{"taxonomy":"post_tag","embeddable":true,"href":"https:\/\/www.europesays.com\/fr\/wp-json\/wp\/v2\/tags?post=257362"}],"curies":[{"name":"wp","href":"https:\/\/api.w.org\/{rel}","templated":true}]}}