{"id":257370,"date":"2025-07-18T22:00:16","date_gmt":"2025-07-18T22:00:16","guid":{"rendered":"https:\/\/www.europesays.com\/fr\/257370\/"},"modified":"2025-07-18T22:00:16","modified_gmt":"2025-07-18T22:00:16","slug":"le-fabuleux-destin-dun-enfant-des-quartiers-nord","status":"publish","type":"post","link":"https:\/\/www.europesays.com\/fr\/257370\/","title":{"rendered":"le fabuleux destin d&rsquo;un enfant des quartiers nord"},"content":{"rendered":"<p>Ce moment, il en a r\u00eav\u00e9 maintes fois depuis ses d\u00e9buts dans la musique dans les ann\u00e9es 90. Samedi 19 juillet, le r\u00eave deviendra r\u00e9alit\u00e9 pour Alonzo, qui a rendez-vous avec sa propre histoire \u00e0 l\u2019Orange V\u00e9lodrome. Qui pouvait imaginer une telle trajectoire pour Kassim Djae, de son vrai nom, enfant de la cit\u00e9 phoc\u00e9enne depuis sa naissance en 1982, issu de la diaspora comorienne et qui a grandi au Plan d\u2019Aou, dans les quartiers nord ?<\/p>\n<p>L\u2019annonce, l\u2019an dernier, de son show dans l\u2019ar\u00e8ne o\u00f9 se sont produits r\u00e9cemment les g\u00e9ants <a href=\"https:\/\/www.laprovence.com\/article\/culture-loisirs\/1326296916879914\/au-stade-velodrome-le-lion-bruce-springsteen-a-rugi-pour-une-amerique-meilleure\" target=\"_blank\" rel=\"noopener\">Bruce Springsteen<\/a> et <a href=\"https:\/\/www.laprovence.com\/article\/culture-loisirs\/6850711941542114\/a-marseille-entre-ed-sheeran-et-le-stade-velodrome-une-histoire-damour-est-nee\" target=\"_blank\" rel=\"noopener\">Ed Sheeran<\/a>, a m\u00eame surpris du c\u00f4t\u00e9 du grand public. Chez les initi\u00e9s en revanche, l\u2019objectif ultime du rappeur \u00e9tait connu, voire scrut\u00e9 par les plus fervents. \u00ab\u00a0Il fallait attendre le bon moment. Je suis tr\u00e8s croyant, je crois en un destin. Et l\u00e0, c\u2019est le bon moment\u00a0\u00bb, <a href=\"https:\/\/www.laprovence.com\/article\/culture-loisirs\/5429554066891214\/alonzo-dans-le-rap-je-suis-un-competiteur\" target=\"_blank\" rel=\"noopener\">confiait le rappeur d\u00e9but f\u00e9vrier<\/a>, juste avant la sortie de Longue vie \u00e0 nous.<\/p>\n","protected":false},"excerpt":{"rendered":"Ce moment, il en a r\u00eav\u00e9 maintes fois depuis ses d\u00e9buts dans la musique dans les ann\u00e9es 90.&hellip;\n","protected":false},"author":2,"featured_media":257371,"comment_status":"","ping_status":"","sticky":false,"template":"","format":"standard","meta":{"footnotes":""},"categories":[1355],"tags":[17,31410,251,2837,36422,58,847,59,39735,1011,27,2564,1361,873,957],"class_list":{"0":"post-257370","1":"post","2":"type-post","3":"status-publish","4":"format-standard","5":"has-post-thumbnail","7":"category-musique","8":"tag-17","9":"tag-alonzo","10":"tag-culture","11":"tag-dun","12":"tag-destin","13":"tag-divertissement","14":"tag-enfant","15":"tag-entertainment","16":"tag-fabuleux","17":"tag-fr","18":"tag-france","19":"tag-lorange","20":"tag-music","21":"tag-musique","22":"tag-velodrome"},"share_on_mastodon":{"url":"https:\/\/pubeurope.com\/@fr\/114876489651456563","error":""},"_links":{"self":[{"href":"https:\/\/www.europesays.com\/fr\/wp-json\/wp\/v2\/posts\/257370","targetHints":{"allow":["GET"]}}],"collection":[{"href":"https:\/\/www.europesays.com\/fr\/wp-json\/wp\/v2\/posts"}],"about":[{"href":"https:\/\/www.europesays.com\/fr\/wp-json\/wp\/v2\/types\/post"}],"author":[{"embeddable":true,"href":"https:\/\/www.europesays.com\/fr\/wp-json\/wp\/v2\/users\/2"}],"replies":[{"embeddable":true,"href":"https:\/\/www.europesays.com\/fr\/wp-json\/wp\/v2\/comments?post=257370"}],"version-history":[{"count":0,"href":"https:\/\/www.europesays.com\/fr\/wp-json\/wp\/v2\/posts\/257370\/revisions"}],"wp:featuredmedia":[{"embeddable":true,"href":"https:\/\/www.europesays.com\/fr\/wp-json\/wp\/v2\/media\/257371"}],"wp:attachment":[{"href":"https:\/\/www.europesays.com\/fr\/wp-json\/wp\/v2\/media?parent=257370"}],"wp:term":[{"taxonomy":"category","embeddable":true,"href":"https:\/\/www.europesays.com\/fr\/wp-json\/wp\/v2\/categories?post=257370"},{"taxonomy":"post_tag","embeddable":true,"href":"https:\/\/www.europesays.com\/fr\/wp-json\/wp\/v2\/tags?post=257370"}],"curies":[{"name":"wp","href":"https:\/\/api.w.org\/{rel}","templated":true}]}}