{"id":257372,"date":"2025-07-18T22:01:10","date_gmt":"2025-07-18T22:01:10","guid":{"rendered":"https:\/\/www.europesays.com\/fr\/257372\/"},"modified":"2025-07-18T22:01:10","modified_gmt":"2025-07-18T22:01:10","slug":"voici-4-films-a-voir-absolument-au-cine-ce-week-end-10","status":"publish","type":"post","link":"https:\/\/www.europesays.com\/fr\/257372\/","title":{"rendered":"Voici 4 films \u00e0 voir absolument au cin\u00e9 ce week-end"},"content":{"rendered":"<p>Apr\u00e8s cette (courte) semaine, merci le 14 juillet, il est d\u00e9j\u00e0 l\u2019heure d\u2019\u00eatre en week-end. Pour ceux qui attendent avec impatience les vacances, accrochez-vous. Pour faire passer le temps, pourquoi ne pas vous rendre dans les salles obscures\u00a0? Un bon film est toujours l\u2019occasion de s\u2019\u00e9vader pendant quelques heures, loin du train-train quotidien.<\/p>\n<p>Si vous avez d\u00e9j\u00e0 vu les perles du moment, comme <a href=\"https:\/\/www.presse-citron.net\/critique-superman-il-fallait-garder-espoir\/\" target=\"_blank\" rel=\"noopener\">Superman<\/a> ou <a href=\"https:\/\/www.presse-citron.net\/critique-elio-letoile-filante-de-pixar-qui-fait-chaud-au-coeur\/\" target=\"_blank\" rel=\"noopener\">Elio<\/a>, pas de panique. Comme chaque fin de semaine, nous avons \u00e9pluch\u00e9 le box-office pour vous pr\u00e9senter 3 tr\u00e8s bons films tout juste sortis, et une p\u00e9pite \u00e0 rattraper. C\u2019est parti\u00a0!<\/p>\n<p>   Eddington <\/p>\n<p>     <a href=\"https:\/\/www.youtube.com\/@PressecitronHD?sub_confirmation=1\" target=\"_blank\" rel=\"nofollow noopener\">         S&rsquo;abonner \u00e0 Presse-citron     <\/a> <\/p>\n<p>Apr\u00e8s Midsommar, H\u00e9r\u00e9dit\u00e9 et <a href=\"https:\/\/www.presse-citron.net\/beau-is-afraid-le-film-qui-avait-tout-pour-plaire-mais\/\" target=\"_blank\" rel=\"noopener\">Beau is afraid<\/a>, Ari Aster est de retour avec Eddington, pr\u00e9sent\u00e9 en comp\u00e9tition au Festival de Cannes en mai dernier. Le r\u00e9alisateur s\u2019\u00e9loigne du cin\u00e9ma d\u2019horreur et signe ici une sorte de western plus contemporain aux notes de thriller. <a href=\"https:\/\/www.presse-citron.net\/5-films-cultes-avec-joaquin-phoenix-a-voir-absolument\/\" target=\"_blank\" rel=\"noopener\">Joaquin Phoenix<\/a> incarne un sh\u00e9rif d\u2019une petite ville du Nouveau Mexique en pleine lutte contre le maire, interpr\u00e9t\u00e9 par <a href=\"https:\/\/www.presse-citron.net\/5-films-et-series-si-vous-adorez-pedro-pascal-dans-the-last-of-us\/\" target=\"_blank\" rel=\"noopener\">Pedro Pascal<\/a>. La raison de leur diff\u00e9rend\u00a0? Le port du masque, ou plut\u00f4t le refus, pendant la pand\u00e9mie de Covid-19. Voil\u00e0 de quoi mettre le feu aux poudres et diviser profond\u00e9ment la ville et les concitoyens.<\/p>\n<p>Perch\u00e9, amer, provocateur, satirique\u2026 Eddington marque les esprits. Outre des messages percutants, le long m\u00e9trage d\u2019Ari Aster brille par une photographie l\u00e9ch\u00e9e, une mise en sc\u00e8ne soign\u00e9e et un casting 5 \u00e9toiles, <a href=\"https:\/\/www.presse-citron.net\/6-films-incontournables-avec-emma-stone-a-voir-durgence\/\" target=\"_blank\" rel=\"noopener\">Emma Stone<\/a> (La La Land) et Austin Butler (Elvis) sont remarquables. La presse comme les spectateurs d\u2019AlloCin\u00e9 sont conquis, avec les notes respectives de 3,4 et 3,6 sur 5.<\/p>\n<p> Les Schtroumpfs <\/p>\n<p>Quoi de mieux qu\u2019une excursion en compagnie des Schtroumpfs pour passer un bon moment en famille\u00a0? Alors que nos amis bleus vivaient une vie relativement paisible, voil\u00e0 que le Grand Schtroumpf est kidnapp\u00e9 par Gargamel et Razamel. Pas le choix\u00a0: la Schtroumpfette et le Schtroumpf Sans-Nom partent en mission pour le retrouver, quitte \u00e0 faire le tour du monde. Une aventure d\u00e9mentielle les attend.<\/p>\n<p>Les Schtroumpfs devrait ravir les petits comme les plus grands avec une identit\u00e9 graphique qui d\u00e9tonne. Il s\u2019agit d\u2019un bon divertissement, parfait pour les vacances estivales.<\/p>\n<p> D\u00ecdi <\/p>\n<p>Nous voil\u00e0 en Californie, en plein \u00e9t\u00e9 2008. Chris, surnomm\u00e9 D\u00ecdi, a 13 ans et grandit entre deux mondes. Chez lui, on parle chinois et les coutumes doivent \u00eatre respect\u00e9s, au risque de se faire houspiller par Chungsing, la m\u00e8re de famille. Mais dehors, c\u2019est le royaume de la libert\u00e9, entre le skate, les potes et les premiers \u00e9mois. D\u00ecdi est un coming of age comme on les aime tant\u00a0: on suit ce jeune gar\u00e7on qui cherche sa place et pour qui cet \u00e9t\u00e9 marquera un v\u00e9ritable tournant.<\/p>\n<p>D\u00ecdi s\u00e9duit par sa justesse, son authenticit\u00e9 et sa nostalgie, alors que YouTube et Facebook font leurs d\u00e9buts. Le protagoniste est particuli\u00e8rement attachant, brillamment incarn\u00e9 par Izaac Wang, et on suit ses \u201caventures\u201d avec beaucoup de plaisir. R\u00e9cit initiatique touchant et semi-autobiographique, D\u00ecdi nous invite \u00e0 replonger dans notre adolescence, une exp\u00e9rience finalement tr\u00e8s universelle qui devrait parler \u00e0 tout le monde, avec une photographie et une r\u00e9alisation aux petits oignons. Coup de coeur..<\/p>\n<p> Le rire et le couteau <\/p>\n<p>Envie de voyager\u00a0? Le rire et le couteau vous emm\u00e8ne dans une m\u00e9tropole d\u2019Afrique de l\u2019Ouest en compagnie de Sergio, ing\u00e9nieur environnemental venu travailler sur la construction d\u2019une route entre le d\u00e9sert et la for\u00eat. Alors qu\u2019il se lie \u00e0 Diara et Gui, dans une relation intime et d\u00e9s\u00e9quilibr\u00e9e, il apprend que son pr\u00e9d\u00e9cesseur a myst\u00e9rieusement disparu. Malgr\u00e9 sa dur\u00e9e (3h30\u00a0!), Le rire et le couteau vaut le d\u00e9tour. V\u00e9ritable surprise, le long m\u00e9trage n\u2019est comparable \u00e0 aucun autre. Sorti la semaine derni\u00e8re, Le rire et le couteau a fait vibrer la presse (4,1\/5) et les spectateurs d\u2019AlloCin\u00e9 (4\/5).<\/p>\n<blockquote>\n<p class=\"text-base text-neutral-700 dark:text-neutral-300\">\ud83d\udccd Pour ne manquer aucune actualit\u00e9 de Presse-citron, suivez-nous sur <a href=\"https:\/\/news.google.com\/publications\/CAAqBggKMIPiNTC70wU?hl=fr&amp;gl=FR&amp;ceid=FR%3Afr\" target=\"_blank\" rel=\"noopener\">Google Actualit\u00e9s<\/a> et <a href=\"https:\/\/whatsapp.com\/channel\/0029VaCkGuz4NViitBXbEr0b\" target=\"_blank\" rel=\"noopener\">WhatsApp<\/a>.<\/p>\n<\/blockquote>\n","protected":false},"excerpt":{"rendered":"Apr\u00e8s cette (courte) semaine, merci le 14 juillet, il est d\u00e9j\u00e0 l\u2019heure d\u2019\u00eatre en week-end. Pour ceux qui&hellip;\n","protected":false},"author":2,"featured_media":257373,"comment_status":"","ping_status":"","sticky":false,"template":"","format":"standard","meta":{"footnotes":""},"categories":[1354],"tags":[58,59,1346,1011,27,3666,1360],"class_list":{"0":"post-257372","1":"post","2":"type-post","3":"status-publish","4":"format-standard","5":"has-post-thumbnail","7":"category-films","8":"tag-divertissement","9":"tag-entertainment","10":"tag-films","11":"tag-fr","12":"tag-france","13":"tag-guide-cine","14":"tag-movies"},"share_on_mastodon":{"url":"https:\/\/pubeurope.com\/@fr\/114876493609439831","error":""},"_links":{"self":[{"href":"https:\/\/www.europesays.com\/fr\/wp-json\/wp\/v2\/posts\/257372","targetHints":{"allow":["GET"]}}],"collection":[{"href":"https:\/\/www.europesays.com\/fr\/wp-json\/wp\/v2\/posts"}],"about":[{"href":"https:\/\/www.europesays.com\/fr\/wp-json\/wp\/v2\/types\/post"}],"author":[{"embeddable":true,"href":"https:\/\/www.europesays.com\/fr\/wp-json\/wp\/v2\/users\/2"}],"replies":[{"embeddable":true,"href":"https:\/\/www.europesays.com\/fr\/wp-json\/wp\/v2\/comments?post=257372"}],"version-history":[{"count":0,"href":"https:\/\/www.europesays.com\/fr\/wp-json\/wp\/v2\/posts\/257372\/revisions"}],"wp:featuredmedia":[{"embeddable":true,"href":"https:\/\/www.europesays.com\/fr\/wp-json\/wp\/v2\/media\/257373"}],"wp:attachment":[{"href":"https:\/\/www.europesays.com\/fr\/wp-json\/wp\/v2\/media?parent=257372"}],"wp:term":[{"taxonomy":"category","embeddable":true,"href":"https:\/\/www.europesays.com\/fr\/wp-json\/wp\/v2\/categories?post=257372"},{"taxonomy":"post_tag","embeddable":true,"href":"https:\/\/www.europesays.com\/fr\/wp-json\/wp\/v2\/tags?post=257372"}],"curies":[{"name":"wp","href":"https:\/\/api.w.org\/{rel}","templated":true}]}}