{"id":257374,"date":"2025-07-18T22:02:11","date_gmt":"2025-07-18T22:02:11","guid":{"rendered":"https:\/\/www.europesays.com\/fr\/257374\/"},"modified":"2025-07-18T22:02:11","modified_gmt":"2025-07-18T22:02:11","slug":"la-region-relativement-epargnee-mais-lanses-alerte-sur-les-nouvelles-especes","status":"publish","type":"post","link":"https:\/\/www.europesays.com\/fr\/257374\/","title":{"rendered":"la r\u00e9gion relativement \u00e9pargn\u00e9e, mais l\u2019Anses alerte sur les nouvelles esp\u00e8ces"},"content":{"rendered":"<p>L\u2019Agence nationale de s\u00e9curit\u00e9 sanitaire de l\u2019alimentation, de l\u2019environnement et du travail (Anses) et Sant\u00e9 publique France se sont livr\u00e9s \u00e0 une analyse des piq\u00fbres (envenimations) par hym\u00e9nopt\u00e8res (gu\u00eapes, abeilles, frelons) en France de 2014 \u00e0 2023.<\/p>\n<p>De cette \u00e9tude il ressort que le nombre de piq\u00fbres n\u2019a pas augment\u00e9, qu\u2019il est rest\u00e9 relativement stable et que les cas les plus graves (urticaire, \u0153d\u00e8me de la gorge, chute de tension art\u00e9rielle) sont rares (1,5\u00a0% du total) et essentiellement dus \u00e0 des r\u00e9actions allergiques. Ils concernent surtout des hommes \u00e2g\u00e9s de plus de 60 ans.<\/p>\n<p>Ce sont les frelons qui sont en cause dans les cas les plus graves\u00a0: ils poss\u00e8dent un dard \u00ab\u00a0r\u00e9utilisable\u00a0\u00bb, capable d\u2019injecter du venin \u00e0 chaque piq\u00fbre et de traverser des mat\u00e9riaux comme le caoutchouc et le cuir. Ils ont re\u00e7u le renfort du frelon \u00e0 pattes jaunes ou frelon asiatique, introduit accidentellement dans le Lot-et-Garonne en 2004, et qui depuis s\u2019est r\u00e9pandu dans toute la France, <a href=\"https:\/\/www.lalsace.fr\/environnement\/2025\/05\/06\/les-apiculteurs-s-unissent-pour-pieger-le-frelon-asiatique-et-limiter-sa-progression\" target=\"_blank\" rel=\"nofollow noopener\">y compris jusque dans le Nord-Est et l\u2019Alsace<\/a>. Seule la Corse \u00e9chappe encore \u00e0 ce pr\u00e9dateur qui, lui, n\u2019en a pas, de pr\u00e9dateur\u2026<\/p>\n<p>Les \u00ab\u00a0envenimations\u00a0\u00bb, en majorit\u00e9 dues aux gu\u00eapes, ont essentiellement lieu en juillet et ao\u00fbt. Mais la p\u00e9riode diff\u00e8re \u00e0 la marge selon les esp\u00e8ces\u00a0: avril-ao\u00fbt pour les abeilles, juin-septembre pour les gu\u00eapes, juillet-octobre pour les frelons. Pour ces derniers, les d\u00e9partements du Nord-Est sont encore les moins touch\u00e9s\u00a0: les piq\u00fbres sont plus fr\u00e9quentes dans l\u2019Ouest, le Sud-Ouest et le Sud-Est de l\u2019Hexagone. En t\u00eate, les d\u00e9partements des Yvelines et de Seine-et-Marne. Le Grand Est n\u2019appara\u00eet qu\u2019au 8 e rang (sur 13) des r\u00e9gions de France. Et c\u2019est dans le Territoire de Belfort qu\u2019on a compt\u00e9, pour 2014-2023, le plus faible taux d\u2019envenimations par rapport \u00e0 la population.<\/p>\n<p>  Attention au frelon grand-duc<\/p>\n<p>De 2014 \u00e0 2023 en France, on a recens\u00e9 18\u00a0213 hospitalisations pour piq\u00fbre d\u2019hym\u00e9nopt\u00e8re. 13\u00a0% de ces hospitalisations ont eu lieu en r\u00e9animation ou en soins intensifs. 256 personnes sont d\u00e9c\u00e9d\u00e9es. Les ann\u00e9es les plus marqu\u00e9es \u00e9taient 2018, 2022 et 2023.<\/p>\n<p>L\u2019Anses \u00e9voque la pr\u00e9sence en France d\u2019autres frelons invasifs. Ainsi, le <a href=\"https:\/\/www.lalsace.fr\/environnement\/2021\/10\/18\/dangerosite-expansion-six-questions-sur-le-frelon-oriental-recemment-identifie-en-france\" target=\"_blank\" rel=\"nofollow noopener\">frelon oriental<\/a> , introduit accidentellement dans le sud de l\u2019Espagne, commence \u00e0 se r\u00e9pandre dans ce pays. Il a \u00e9t\u00e9 observ\u00e9 \u00e0 Marseille en septembre\u00a02021, puis dans le Var et les Alpes-Maritimes en 2023. Il pr\u00e9sente l\u2019avantage d\u2019avoir peu d\u2019interactions avec l\u2019homme, de ne pas \u00eatre agressif envers lui et de ne pas \u00eatre une menace pour les abeilles.<\/p>\n<p>A contrario, l\u2019arriv\u00e9e du <a href=\"https:\/\/frelonasiatique.mnhn.fr\/vespa-soror-detectee-en-espagne\/\" target=\"_blank\" rel=\"nofollow noopener\">frelon g\u00e9ant<\/a> (jusqu\u2019\u00e0 46 millim\u00e8tres de long\u00a0!) grand-duc, originaire d\u2019Asie du Sud-Est, serait une mauvaise nouvelle. Sa pr\u00e9sence a \u00e9t\u00e9 confirm\u00e9e en Espagne en mars\u00a02022. Il se distingue par une t\u00eate jaune, un haut de thorax noir, un bas de thorax orange, les deux premiers segments de l\u2019abdomen pr\u00e9sentant un d\u00e9grad\u00e9 de jaune, d\u2019orange puis de brun, les autres segments \u00e9tant noirs. Surtout, c\u2019est un \u00ab\u00a0pr\u00e9dateur redoutable\u00a0\u00bb, qui attaque en groupe et que se nourrir de divers insectes, dont \u00e9videmment les abeilles domestiques. Ses piq\u00fbres sont tr\u00e8s douloureuses et peuvent provoquer des r\u00e9actions allergiques s\u00e9v\u00e8res chez certaines personnes, allant jusqu\u2019au d\u00e9c\u00e8s. Son arriv\u00e9e en France est \u00e0 surveiller \u00ab\u00a0particuli\u00e8rement\u00a0\u00bb. Il pourrait trouver dans le Sud-Ouest des conditions id\u00e9ales pour s\u2019installer.<\/p>\n","protected":false},"excerpt":{"rendered":"L\u2019Agence nationale de s\u00e9curit\u00e9 sanitaire de l\u2019alimentation, de l\u2019environnement et du travail (Anses) et Sant\u00e9 publique France se&hellip;\n","protected":false},"author":2,"featured_media":257375,"comment_status":"","ping_status":"","sticky":false,"template":"","format":"standard","meta":{"footnotes":""},"categories":[10],"tags":[2389,1867,436,107,1011,27,329,72,71,104],"class_list":{"0":"post-257374","1":"post","2":"type-post","3":"status-publish","4":"format-standard","5":"has-post-thumbnail","7":"category-sante","8":"tag-alsace","9":"tag-animaux","10":"tag-environnement","11":"tag-fil-info","12":"tag-fr","13":"tag-france","14":"tag-france-monde","15":"tag-health","16":"tag-sante","17":"tag-societe"},"share_on_mastodon":{"url":"https:\/\/pubeurope.com\/@fr\/114876497451710243","error":""},"_links":{"self":[{"href":"https:\/\/www.europesays.com\/fr\/wp-json\/wp\/v2\/posts\/257374","targetHints":{"allow":["GET"]}}],"collection":[{"href":"https:\/\/www.europesays.com\/fr\/wp-json\/wp\/v2\/posts"}],"about":[{"href":"https:\/\/www.europesays.com\/fr\/wp-json\/wp\/v2\/types\/post"}],"author":[{"embeddable":true,"href":"https:\/\/www.europesays.com\/fr\/wp-json\/wp\/v2\/users\/2"}],"replies":[{"embeddable":true,"href":"https:\/\/www.europesays.com\/fr\/wp-json\/wp\/v2\/comments?post=257374"}],"version-history":[{"count":0,"href":"https:\/\/www.europesays.com\/fr\/wp-json\/wp\/v2\/posts\/257374\/revisions"}],"wp:featuredmedia":[{"embeddable":true,"href":"https:\/\/www.europesays.com\/fr\/wp-json\/wp\/v2\/media\/257375"}],"wp:attachment":[{"href":"https:\/\/www.europesays.com\/fr\/wp-json\/wp\/v2\/media?parent=257374"}],"wp:term":[{"taxonomy":"category","embeddable":true,"href":"https:\/\/www.europesays.com\/fr\/wp-json\/wp\/v2\/categories?post=257374"},{"taxonomy":"post_tag","embeddable":true,"href":"https:\/\/www.europesays.com\/fr\/wp-json\/wp\/v2\/tags?post=257374"}],"curies":[{"name":"wp","href":"https:\/\/api.w.org\/{rel}","templated":true}]}}