{"id":257380,"date":"2025-07-18T22:05:15","date_gmt":"2025-07-18T22:05:15","guid":{"rendered":"https:\/\/www.europesays.com\/fr\/257380\/"},"modified":"2025-07-18T22:05:15","modified_gmt":"2025-07-18T22:05:15","slug":"le-galaxy-book-3-360-perd-presque-la-moitie-de-son-prix","status":"publish","type":"post","link":"https:\/\/www.europesays.com\/fr\/257380\/","title":{"rendered":"le Galaxy Book 3 360 perd presque la moiti\u00e9 de son prix"},"content":{"rendered":"<p>Le Samsung Galaxy Book 3 360 est un laptop 2-en-1 qui peut se transformer en tablette tactile. V\u00e9ritable concurrent du Dell XPS, il prend de l\u2019avance sur ce dernier avec son prix qui passe de 1 399 euros \u00e0 729 euros.<\/p>\n<p><a href=\"https:\/\/images.frandroid.com\/wp-content\/uploads\/2025\/07\/samsung-galaxy-book-3-360-soldes-ete-2025.jpg\" target=\"_blank\" class=\"article-content__figure\" rel=\"noopener\"><img fetchpriority=\"high\" decoding=\"async\" loading=\"eager\" width=\"1200\" height=\"675\" src=\"https:\/\/www.europesays.com\/fr\/wp-content\/uploads\/2025\/07\/samsung-galaxy-book-3-360-soldes-ete-2025.jpg\" alt=\"\" class=\"wp-image-2738889 wp-image wp-image\"  \/><\/a><\/p>\n<p>C\u2019est un PC ultraportable qui fait des envieux, m\u00eame au sein de ses concurrents que sont le <a href=\"https:\/\/www.frandroid.com\/produits\/pc-portables\/dell\/2024932-dell-xps-13-9345\" target=\"_blank\" rel=\"noreferrer noopener\">Dell XPS<\/a> ou encore le <a href=\"https:\/\/www.frandroid.com\/produits\/pc-portables\/asus\/1885093-asus-zenbook-14-oled-ux3405\" target=\"_blank\" rel=\"noreferrer noopener\">Zenbook d\u2019Asus<\/a>. Deux r\u00e9f\u00e9rences en la mati\u00e8re qui n\u2019ont rien \u00e0 apprendre au Samsung Galaxy Book 3 360, un laptop qui peut devenir une tablette tactile avec son \u00e9cran pivotant \u00e0 360\u00b0. Il dispose en plus d\u2019une fiche technique solide faisant de lui une machine polyvalente qui passe en plus <a href=\"https:\/\/shop.frandroid.com\/t3miwn0f\" target=\"_blank\" rel=\"noreferrer noopener affiliate nofollow\" data-gtm=\"{&quot;event&quot;:&quot;afficlic&quot;,&quot;nom_marchand&quot;:&quot;pc_componentes&quot;,&quot;nom_produit&quot;:&quot;inconnu&quot;,&quot;categorie_produit&quot;:&quot;inconnu&quot;,&quot;module_produit&quot;:&quot;editolink&quot;,&quot;position_marchand&quot;:0,&quot;texte&quot;:&quot;de-1-399-euros-a-729-euros&quot;,&quot;offer_url&quot;:&quot;https:\/\/shop.frandroid.com\/t3miwn0f&quot;,&quot;zone&quot;:&quot;contenu-page&quot;}\">de 1 399 euros \u00e0 729 euros<\/a> sur PC Componentes alors que <a href=\"https:\/\/www.frandroid.com\/bons-plans\/2734595_les-soldes-dete-cest-bientot-fini-voici-les-ultimes-offres-du-week-end-pour-cette-derniere-demarque\" target=\"_blank\" rel=\"noreferrer noopener\">la p\u00e9riode de soldes<\/a> touche \u00e0 sa fin.<\/p>\n<p>Pourquoi craquer pour le Samsung Galaxy Book 3 360 ?<\/p>\n<ul class=\"wp-block-list\">\n<li>Pour son \u00e9cran tactile OLED de 13,3 pouces Full HD<\/li>\n<li>Parce qu\u2019il a un processeur Intel Core i7-1360P puissant<\/li>\n<li>Parce qu\u2019il est \u00e0 la fois un PC et une tablette tactile<\/li>\n<\/ul>\n<p>Lors de son lancement, le Samsung Galaxy Book 3 360 \u00e9tait vendu 1 399 euros. Depuis, il a r\u00e9guli\u00e8rement \u00e9t\u00e9 en promotion mais rarement <a href=\"https:\/\/shop.frandroid.com\/t3miwn0f\" target=\"_blank\" rel=\"noreferrer noopener affiliate nofollow\" data-gtm=\"{&quot;event&quot;:&quot;afficlic&quot;,&quot;nom_marchand&quot;:&quot;pc_componentes&quot;,&quot;nom_produit&quot;:&quot;inconnu&quot;,&quot;categorie_produit&quot;:&quot;inconnu&quot;,&quot;module_produit&quot;:&quot;editolink&quot;,&quot;position_marchand&quot;:0,&quot;texte&quot;:&quot;au-point-d-atteindre-les-729-euros&quot;,&quot;offer_url&quot;:&quot;https:\/\/shop.frandroid.com\/t3miwn0f&quot;,&quot;zone&quot;:&quot;contenu-page&quot;}\">au point d\u2019atteindre les 729 euros<\/a> comme en ce moment sur PC Componentes.<\/p>\n<p>Si, par la suite, l\u2019offre mentionn\u00e9e dans cet article n\u2019est plus disponible, merci de jeter un coup d\u2019\u0153il ci-dessous afin de d\u00e9nicher d\u2019autres offres concernant le Samsung Galaxy Book 3 360. Le tableau s\u2019actualise automatiquement. <\/p>\n<p>                <img decoding=\"async\" width=\"1200\" height=\"446\" loading=\"lazy\" alt=\"Box Fnac Samsung Galaxy Book Maxime V2\" title=\"Box Fnac Samsung Galaxy Book Maxime V2\" class=\"is-radiusless placeholder-default wp-image\" src=\"https:\/\/www.europesays.com\/fr\/wp-content\/uploads\/2025\/07\/box-fnac-samsung-galaxy-book-maxime-v2-1200x446.png\" \/>            <\/p>\n<p>\n                    -200 \u20ac sur le Samsung Galaxy Book3 360                <\/p>\n<p class=\"has-text-weight-medium is-size-6 is-line-height-normal\">\n                    Passez au 2-en-1 tactile ultra polyvalent : le Samsung Galaxy Book3 360 et son \u00e9cran AMOLED avec S Pen inclus tombe \u00e0 799,99\u202f\u20ac chez Fnac.                <\/p>\n<p>Un ultraportable tactile vraiment complet<\/p>\n<p>Avec son \u00e9cran tactile Super AMOLED de 13,3 pouces capable de pivoter \u00e0 360\u00b0, le Samsung Galaxy Book 3 360 peut se transformer en tablette d\u2019appoint en un clin d\u2019\u0153il. Ce format hybride facilite la prise de notes au stylet, d\u2019ailleurs le S Pen est fourni. Avec sa compatibilit\u00e9 Dolby Atmos et ses deux haut-parleurs st\u00e9r\u00e9o, il se d\u00e9fend aussi plut\u00f4t bien c\u00f4t\u00e9 multim\u00e9dia. Et avec \u00e0 peine 1,16 kg sur la balance, ce mod\u00e8le se glisse sans probl\u00e8me dans un sac ou un tote bag pour une journ\u00e9e \u00e0 l\u2019ext\u00e9rieur.<\/p>\n<p>Malgr\u00e9 son format compact, puisqu\u2019il fait moins de 13 mm d\u2019\u00e9paisseur, il n\u2019oublie pas de proposer une connectique digne de ce nom : HDMI, USB-A, USB-C, Thunderbolt 4 et lecteur microSD, tout est l\u00e0. La batterie de 61,1 Wh assure une autonomie correcte de 7 \u00e0 8 heures selon l\u2019usage, ce qui suffit largement pour une journ\u00e9e classique de travail ou de cours. Mention sp\u00e9ciale pour le mode Studio int\u00e9gr\u00e9, pratique pour les visioconf\u00e9rences avec cadrage automatique, r\u00e9duction des bruits et des effets d\u2019arri\u00e8re-plan.<\/p>\n<p>Une configuration solide pour travailler sereinement<\/p>\n<p>Le Samsung Galaxy Book 3 360 embarque Windows 11 et un processeur Intel Core i7-1360P de 13e g\u00e9n\u00e9ration, accompagn\u00e9 de 16 Go de RAM et d\u2019un SSD NVMe de 512 Go. Une configuration bien \u00e9quilibr\u00e9e pour travailler confortablement, g\u00e9rer du multit\u00e2che sans ralentissements et profiter d\u2019une interface r\u00e9active. Bon par contre ne vous attendez pas \u00e0 faire tourner de gros jeux, il n\u2019est pas fait pour \u00e7a, m\u00eame s\u2019il peut faire tourner quelques titres l\u00e9gers.<\/p>\n<p>Ce mod\u00e8le tire aussi parti de l\u2019\u00e9cosyst\u00e8me Samsung : partage instantan\u00e9 de fichiers entre <a href=\"https:\/\/www.frandroid.com\/guide-dachat\/386688_quels-smartphone-samsung-choisir-parmi-les-differentes-gammes-galaxy\" target=\"_blank\" rel=\"noreferrer noopener\">un smartphone Galaxy<\/a> et l\u2019ordinateur, second \u00e9cran avec une <a href=\"https:\/\/www.frandroid.com\/produits\/tablettes-tactiles\/samsung\/2576231-samsung-galaxy-tab-s10-fe\" target=\"_blank\" rel=\"noreferrer noopener\">Galaxy Tab<\/a>, appairage simplifi\u00e9 des <a href=\"https:\/\/www.frandroid.com\/produits\/audio-casques-ecouteurs\/samsung\/2075438-samsung-galaxy-buds-3\" target=\"_blank\" rel=\"noreferrer noopener\">Galaxy Buds<\/a>. Si vous avez d\u00e9j\u00e0 des produits de la marque, tout devient plus fluide. Mais m\u00eame sans \u00e7a, si vous n\u2019avez pas de produits Samsung, \u00e7a reste une machine vraiment int\u00e9ressante, surtout avec son c\u00f4t\u00e9 hybride.<\/p>\n<p>Pour en savoir plus sur cet ultraportable, nous vous invitons \u00e0 consulter\u00a0<a href=\"https:\/\/www.frandroid.com\/marques\/samsung\/1601259_on-a-vu-les-samsung-galaxy-book-3\" target=\"_blank\" rel=\"noopener\">notre prise en main du Samsung Galaxy Book 3 360<\/a>.<\/p>\n<p>Vous avez aussi notre guide d\u2019achat sur <a href=\"https:\/\/www.frandroid.com\/guide-dachat\/638058_quels-sont-les-meilleurs-pc-portables-haut-de-gamme-de-2019\" target=\"_blank\" rel=\"noreferrer noopener\">les meilleurs PC portables du moment<\/a> si jamais vous cherchez un autre mod\u00e8le plus adapt\u00e9 \u00e0 vos besoins.<\/p>\n<p>Les Soldes d\u2019\u00e9t\u00e9 2025 <\/p>\n<p>Jusqu\u2019au 22 juillet prochain, ce sont <a href=\"https:\/\/www.frandroid.com\/bons-plans\/2717571_soldes-dete-amazon-et-dautres-cassent-les-prix-pour-la-2e-demarque-voici-les-meilleures-offres-en-direct\" data-type=\"link\" data-id=\"https:\/\/www.frandroid.com\/bons-plans\/2717571_soldes-dete-amazon-et-dautres-cassent-les-prix-pour-la-2e-demarque-voici-les-meilleures-offres-en-direct\" target=\"_blank\" rel=\"noreferrer noopener\">les soldes d\u2019\u00e9t\u00e9 en France<\/a>. En cette occasion, la r\u00e9daction de Frandroid met \u00e0 votre service son expertise en mati\u00e8re de nouvelles technologies pour vous aider \u00e0 faire votre choix dans votre prochain achat Tech \u00e0 prix r\u00e9duit. Il y a plusieurs articles avec diff\u00e9rentes th\u00e9matiques, \u00e0 vous de choisir :<\/p>\n<p>Et pour \u00eatre s\u00fbr de ne manquer aucun bon plan de l\u2019\u00e9dition 2025 des soldes d\u2019\u00e9t\u00e9 et du Prime Day, vous pouvez aussi :<\/p>\n<ul class=\"wp-block-list\">\n<li>Nous suivre sur notre compte X\u00a0<a href=\"https:\/\/twitter.com\/FrandroidPromos\" target=\"_blank\" rel=\"noopener noreferrer\">@FrandroidPromos<\/a> uniquement d\u00e9di\u00e9 aux bons plans (pensez \u00e0 activer la cloche pour recevoir les notifications en temps r\u00e9el)<\/li>\n<li>\n<a href=\"https:\/\/whatsapp.com\/channel\/0029VabYxm5LI8YhSlD8xc05\" target=\"_blank\" rel=\"noopener\">Rejoindre notre canal WhatsApp<\/a> pour recevoir une fois par jour un condens\u00e9 des meilleures offres<\/li>\n<li>T\u00e9l\u00e9charger notre <a href=\"https:\/\/www.frandroid.com\/telecharger\/apps\/frandroid\" target=\"_blank\" rel=\"noopener\">application Frandroid<\/a> (disponible sur iOS et Android) pour activer les notifications de la cat\u00e9gorie \u00ab Bons Plans \u00bb et ainsi recevoir en temps r\u00e9el les nouveaux articles publi\u00e9s<\/li>\n<li>S\u2019abonner \u00e0 notre newsletter pour \u00eatre s\u00fbr de recevoir les offres en avant-premi\u00e8re (pas plus d\u2019un mail par jour, d\u00e9sinscription en 1 clic, aucune diffusion \u00e0 des tiers) :<\/li>\n<\/ul>\n<p class=\"newsletter-form__title is-size-6 is-size-7-mobile is-uppercase has-text-good-deals has-text-weight-semibold mb-4 px-5\">Frandroid Bons plans<\/p>\n<p class=\"has-text-centered-tablet newsletter-form__subtitle is-size-4 has-text-weight-bold has-text-primary column is-9-tablet is-10-mobile\">\n                C\u2019est enregistr\u00e9 ! Surveillez votre bo\u00eete aux lettres, vous allez entendre parler de nous\u00a0!\n            <\/p>\n<p class=\"newsletter-form__subtitle is-size-4 has-text-weight-bold has-text-gradient-pink\">Ne manquez aucun bon plan avec notre newsletter<\/p>\n<p class=\"is-size-7\">\n                Les donn\u00e9es transmises par le biais de ce formulaire sont destin\u00e9es \u00e0 Humanoid,<br \/>\n                soci\u00e9t\u00e9 \u00e9ditrice du site Frandroid en sa qualit\u00e9 de responsable de traitement.<br \/>\n                Elles ne seront en aucun cas c\u00e9d\u00e9es \u00e0 des tiers. Ces donn\u00e9es sont trait\u00e9es sous r\u00e9serve d\u2019obtention de<br \/>\n                votre consentement pour vous envoyer par e-mail des actualit\u00e9s et informations relatives aux contenus<br \/>\n                \u00e9ditoriaux publi\u00e9s sur Frandroid. Vous pouvez vous opposer \u00e0 tout moment \u00e0 ces e-mails<br \/>\n                en cliquant sur les liens de d\u00e9sinscriptions pr\u00e9sents dans chacun d\u2019eux. Pour plus d\u2019informations, vous<br \/>\n                pouvez consulter l\u2019int\u00e9gralit\u00e9 de notre <a href=\"https:\/\/www.frandroid.com\/politique-donnees-personnelles\" target=\"_blank\" rel=\"noopener\"><br \/>\n                politique de traitement de vos donn\u00e9es personnelles<\/a>.<br \/>\n                Vous disposez d\u2019un droit d\u2019acc\u00e8s, de rectification, d\u2019effacement, de limitation, de portabilit\u00e9 et<br \/>\n                d\u2019opposition pour motif l\u00e9gitime aux donn\u00e9es personnelles vous concernant. Pour exercer l\u2019un de ces droits,<br \/>\n                merci d\u2019effectuer votre demande via notre <a href=\"https:\/\/www.frandroid.com\/contact\/#RGPD\" target=\"_blank\" rel=\"noopener\">formulaire<br \/>\n                de demandes d\u2019exercices de droits d\u00e9di\u00e9<\/a>.\n            <\/p>\n<p>Envie de retrouver les meilleurs articles de Frandroid sur Google News ? Vous pouvez suivre <strong><a href=\"https:\/\/news.google.com\/publications\/CAAqBggKMICKMDCuyQU?oc=3\" target=\"_blank\" rel=\"noopener null noreferrer\">Frandroid sur Google News<\/a> en un clic.<\/strong><\/p>\n<p>            <script async src=\"https:\/\/platform.twitter.com\/widgets.js\" charset=\"utf-8\"><\/script><\/p>\n","protected":false},"excerpt":{"rendered":"Le Samsung Galaxy Book 3 360 est un laptop 2-en-1 qui peut se transformer en tablette tactile. V\u00e9ritable&hellip;\n","protected":false},"author":2,"featured_media":257381,"comment_status":"","ping_status":"","sticky":false,"template":"","format":"standard","meta":{"footnotes":""},"categories":[7],"tags":[677,1011,27,39736,43,40,41,39,34230,42,44],"class_list":{"0":"post-257380","1":"post","2":"type-post","3":"status-publish","4":"format-standard","5":"has-post-thumbnail","7":"category-sciences-et-technologies","8":"tag-bons-plans","9":"tag-fr","10":"tag-france","11":"tag-samsung-galaxy-book-3-360","12":"tag-science","13":"tag-science-and-technology","14":"tag-sciences","15":"tag-sciences-et-technologies","16":"tag-soldes-dete-2025","17":"tag-technologies","18":"tag-technology"},"share_on_mastodon":{"url":"https:\/\/pubeurope.com\/@fr\/114876509400111972","error":""},"_links":{"self":[{"href":"https:\/\/www.europesays.com\/fr\/wp-json\/wp\/v2\/posts\/257380","targetHints":{"allow":["GET"]}}],"collection":[{"href":"https:\/\/www.europesays.com\/fr\/wp-json\/wp\/v2\/posts"}],"about":[{"href":"https:\/\/www.europesays.com\/fr\/wp-json\/wp\/v2\/types\/post"}],"author":[{"embeddable":true,"href":"https:\/\/www.europesays.com\/fr\/wp-json\/wp\/v2\/users\/2"}],"replies":[{"embeddable":true,"href":"https:\/\/www.europesays.com\/fr\/wp-json\/wp\/v2\/comments?post=257380"}],"version-history":[{"count":0,"href":"https:\/\/www.europesays.com\/fr\/wp-json\/wp\/v2\/posts\/257380\/revisions"}],"wp:featuredmedia":[{"embeddable":true,"href":"https:\/\/www.europesays.com\/fr\/wp-json\/wp\/v2\/media\/257381"}],"wp:attachment":[{"href":"https:\/\/www.europesays.com\/fr\/wp-json\/wp\/v2\/media?parent=257380"}],"wp:term":[{"taxonomy":"category","embeddable":true,"href":"https:\/\/www.europesays.com\/fr\/wp-json\/wp\/v2\/categories?post=257380"},{"taxonomy":"post_tag","embeddable":true,"href":"https:\/\/www.europesays.com\/fr\/wp-json\/wp\/v2\/tags?post=257380"}],"curies":[{"name":"wp","href":"https:\/\/api.w.org\/{rel}","templated":true}]}}