{"id":257386,"date":"2025-07-18T22:08:13","date_gmt":"2025-07-18T22:08:13","guid":{"rendered":"https:\/\/www.europesays.com\/fr\/257386\/"},"modified":"2025-07-18T22:08:13","modified_gmt":"2025-07-18T22:08:13","slug":"une-motarde-meurt-apres-une-violente-collision-lautoroute-fermee-durant-pres-de-deux-heures","status":"publish","type":"post","link":"https:\/\/www.europesays.com\/fr\/257386\/","title":{"rendered":"une motarde meurt apr\u00e8s une violente collision, l&rsquo;autoroute ferm\u00e9e durant pr\u00e8s de deux heures"},"content":{"rendered":"<p>Un dramatique accident de la circulation s\u2019est produit ce vendredi 18\u00a0juillet <a href=\"https:\/\/www.republicain-lorrain.fr\/faits-divers-justice\/2025\/07\/11\/caravane-sur-le-flanc-sur-l-a31-a-talange-des-bouchons-mais-pas-de-blesses\" target=\"_blank\" rel=\"noopener\">sur l\u2019autoroute A31<\/a>, aux environs de 18\u00a0h\u00a045, peu apr\u00e8s la sortie 43 menant vers \u00c9lange, dans le sens Luxembourg &#8211; Metz.<\/p>\n<p>L\u2019accident impliquerait une moto, une camionnette et un v\u00e9hicule l\u00e9ger. Pour des raisons encore ind\u00e9termin\u00e9es, <a href=\"https:\/\/www.republicain-lorrain.fr\/faits-divers-justice\/2025\/07\/14\/un-motard-percute-par-un-automobiliste-sur-l-a31-a-hauteur-de-zoufftgen\" target=\"_blank\" rel=\"noopener\">une violente collision<\/a> s\u2019est produite entre ces trois v\u00e9hicules, causant la mort de la motarde, une femme de 29 ans. Car malgr\u00e9 l\u2019intervention rapide du Samu, de l\u2019h\u00f4pital Bel-Air, et des sapeurs-pompiers de Thionville, Yutz ou encore Maizi\u00e8res-l\u00e8s-Metz, la victime est d\u00e9c\u00e9d\u00e9e sur place des suites de ses blessures.<\/p>\n<p>L\u2019intervention des secours a n\u00e9cessit\u00e9 la fermeture de l\u2019autoroute, provoquant en amont un bouchon de onze kilom\u00e8tres, avant que les automobilistes ne soient dirig\u00e9s dans une d\u00e9viation menant au rond-point de Kinepolis \u00e0 Thionville.<\/p>\n<p>Ce contenu est bloqu\u00e9 car vous n&rsquo;avez pas accept\u00e9 les cookies et autres traceurs.<\/p>\n<p>En cliquant sur \u00ab J\u2019accepte \u00bb, les cookies et autres traceurs seront d\u00e9pos\u00e9s et vous pourrez visualiser les contenus  (<a href=\"\" class=\"consentModule_policy\" target=\"_blank\" title=\"Consulter la politique de protection des donn\u00e9es du fournisseur\">plus d&rsquo;informations<\/a>).<\/p>\n<p>En cliquant sur \u00ab J\u2019accepte tous les cookies \u00bb, vous autorisez des d\u00e9p\u00f4ts de cookies et autres traceurs pour le stockage de vos donn\u00e9es sur nos sites et applications \u00e0 des fins de personnalisation et de ciblage publicitaire.<\/p>\n<p class=\"consentModule_secondaryText\">Vous gardez la possibilit\u00e9 de retirer votre consentement \u00e0 tout moment en consultant notre <a href=\"https:\/\/www.republicain-lorrain.fr\/protection-des-donnees\" target=\"_blank\" title=\"Consulter notre politique de protection des donn\u00e9es\" rel=\"noopener\">politique de protection des donn\u00e9es<\/a>. <br \/>&#13;<br \/>\n            <a href=\"https:\/\/www.republicain-lorrain.fr\/faits-divers-justice\/2025\/07\/18\/javascript:Didomi.notice.show()\" class=\"consentModule_cmp\" target=\"_blank\" rel=\"noopener\">G\u00e9rer mes choix<\/a>&#13;\n        <\/p>\n<p>&#13;<br \/>\n                        J&rsquo;accepte&#13;<br \/>\n            J&rsquo;accepte tous les cookies&#13;\n        <\/p>\n<p>  Enqu\u00eate ouverte<\/p>\n<p>Sur place, les hommes de la CRS autorouti\u00e8re de Moulins-l\u00e8s-Metz ont ouvert une enqu\u00eate pour d\u00e9terminer les circonstances exactes de l\u2019accident.<\/p>\n","protected":false},"excerpt":{"rendered":"Un dramatique accident de la circulation s\u2019est produit ce vendredi 18\u00a0juillet sur l\u2019autoroute A31, aux environs de 18\u00a0h\u00a045,&hellip;\n","protected":false},"author":2,"featured_media":257387,"comment_status":"","ping_status":"","sticky":false,"template":"","format":"standard","meta":{"footnotes":""},"categories":[4],"tags":[119,11,3542,5598,7162,274,1011,27,15831,39738,6212,6213,5599,12,3456,25,7160,7161,2803,39737],"class_list":{"0":"post-257386","1":"post","2":"type-post","3":"status-publish","4":"format-standard","5":"has-post-thumbnail","7":"category-france","8":"tag-accident","9":"tag-actualites","10":"tag-circulation","11":"tag-edition-metz-et-agglomeration","12":"tag-edition-thionville-hayange","13":"tag-faits-divers-justice","14":"tag-fr","15":"tag-france","16":"tag-luxembourg","17":"tag-maizieres-les-metz","18":"tag-metz","19":"tag-metz-ville-57b","20":"tag-moselle","21":"tag-news","22":"tag-region-lorraine","23":"tag-republique-francaise","24":"tag-thionville","25":"tag-thionville-ville-57f","26":"tag-transport","27":"tag-yutz"},"share_on_mastodon":{"url":"https:\/\/pubeurope.com\/@fr\/114876521074370939","error":""},"_links":{"self":[{"href":"https:\/\/www.europesays.com\/fr\/wp-json\/wp\/v2\/posts\/257386","targetHints":{"allow":["GET"]}}],"collection":[{"href":"https:\/\/www.europesays.com\/fr\/wp-json\/wp\/v2\/posts"}],"about":[{"href":"https:\/\/www.europesays.com\/fr\/wp-json\/wp\/v2\/types\/post"}],"author":[{"embeddable":true,"href":"https:\/\/www.europesays.com\/fr\/wp-json\/wp\/v2\/users\/2"}],"replies":[{"embeddable":true,"href":"https:\/\/www.europesays.com\/fr\/wp-json\/wp\/v2\/comments?post=257386"}],"version-history":[{"count":0,"href":"https:\/\/www.europesays.com\/fr\/wp-json\/wp\/v2\/posts\/257386\/revisions"}],"wp:featuredmedia":[{"embeddable":true,"href":"https:\/\/www.europesays.com\/fr\/wp-json\/wp\/v2\/media\/257387"}],"wp:attachment":[{"href":"https:\/\/www.europesays.com\/fr\/wp-json\/wp\/v2\/media?parent=257386"}],"wp:term":[{"taxonomy":"category","embeddable":true,"href":"https:\/\/www.europesays.com\/fr\/wp-json\/wp\/v2\/categories?post=257386"},{"taxonomy":"post_tag","embeddable":true,"href":"https:\/\/www.europesays.com\/fr\/wp-json\/wp\/v2\/tags?post=257386"}],"curies":[{"name":"wp","href":"https:\/\/api.w.org\/{rel}","templated":true}]}}