{"id":257396,"date":"2025-07-18T22:13:39","date_gmt":"2025-07-18T22:13:39","guid":{"rendered":"https:\/\/www.europesays.com\/fr\/257396\/"},"modified":"2025-07-18T22:13:39","modified_gmt":"2025-07-18T22:13:39","slug":"demandez-le-programme-du-premier-tour","status":"publish","type":"post","link":"https:\/\/www.europesays.com\/fr\/257396\/","title":{"rendered":"demandez le programme du premier tour !"},"content":{"rendered":"<p>Au lendemain de la publication <a href=\"https:\/\/www.estrepublicain.fr\/sport\/2025\/07\/17\/championnats-regionaux-decouvrez-la-composition-des-groupes\" target=\"_blank\" rel=\"noopener\">des groupes des championnats r\u00e9gionaux<\/a>, la Ligue Grand Est a proc\u00e9d\u00e9 ce vendredi apr\u00e8s-midi au tirage au sort du premier tour de la Coupe de France.<\/p>\n<p>Les rencontres sont programm\u00e9es le dimanche 17 ao\u00fbt.\u00a0<\/p>\n<p>Les matches des \u00e9quipes de Meuse et du Sud Meurthe-et-Mosellan<\/p>\n<ul>\n<li>Bayon\/Roville (D3) &#8211; Hadol\/Dounoux (D1)<\/li>\n<li>Toul JC (D1) &#8211; Foug (D2)<\/li>\n<li>Ancerville (D3) &#8211; Jaillon (D3)<\/li>\n<li>AS Colombey (D2) &#8211; Val d&rsquo;Ornain (D2)<\/li>\n<li>Fc Toul (D1) &#8211; Dommartin-l\u00e8s-Toul (D2)<\/li>\n<li>Ecrouves (D1) &#8211; Pagny-sur-Meuse (D1)<\/li>\n<li>Commercy (D2) &#8211; Lerouville (D2)<\/li>\n<li>Velaine-en-Haye (D2) &#8211; Saint-Mihiel (D1)<\/li>\n<li>Entente Sud 54 (D3) &#8211; Vaucouleurs (D1)<\/li>\n<li>Saulx-et-Barrois (D2) &#8211; Fains-V\u00e9el (D2)<\/li>\n<li>Montiers Saulx (D2) &#8211; Revigny (D2)<\/li>\n<li>Nancy FC (D1) &#8211; Laxou (D2)<\/li>\n<li>Faulx (D3) &#8211; Fl\u00e9ville (D1)<\/li>\n<li>M\u00e9decine Vandoeuvre (D3) &#8211; Montauville (D1)<\/li>\n<li>FC Pont-\u00e0-Mousson (D2) &#8211; FC Nurhak (D1)\u00a0<\/li>\n<li>Portugais Liverdun (D2) &#8211; FC Houdemont (D1)<\/li>\n<li>Nancy Haussonville (D3) &#8211; FC Seichamps (D1)<\/li>\n<li>Saulxures-l\u00e8s-Nancy (D2) &#8211; AS Bouxi\u00e8roise (D3)\u00a0<\/li>\n<li>Custines\/Malleloy (D1) &#8211; Frouard\/Pompey (D1)<\/li>\n<li>Max\u00e9ville (D2) &#8211; Grand Nancy Foot (D2)<\/li>\n<li>FC Loisy (D3) &#8211; GS Thiaucourt (D3)<\/li>\n<li>Baccarat (D1) &#8211; Sommerviller\/Vermois (D2)<\/li>\n<li>Dombasle (D1) &#8211; Bl\u00e2mont (D1)<\/li>\n<li>Jolivet (D3) &#8211; Xeuilley (D4)<\/li>\n<li>V\u00e9zelise (D2) &#8211; Varang\u00e9ville\/Saint-Nicolas (D3)<\/li>\n<li>Chanteheux (D2) &#8211; Rosi\u00e8res-aux-Salines (D1)<\/li>\n<li>Thiaville (D3) &#8211; R\u00e9m\u00e9r\u00e9ville (D3)<\/li>\n<li>Chaligny (D3) &#8211; Laneuveville\/Marainviller (D1)<\/li>\n<li>Art-sur-Meurthe (D2) &#8211; R\u00e9hainviller \/Herim\u00e9nil (D2)<\/li>\n<li>Saint-Cl\u00e9ment (D3) &#8211; Pont-Saint-Vincent (D2)<\/li>\n<li>Gerb\u00e9viller (D2) &#8211; Lun\u00e9ville Sixte (D2)<\/li>\n<li>Dieue\/Sommedieue (D1) &#8211; Bassin Ornais (D1)\u00a0<\/li>\n<li>Mangiennes (D2) &#8211; RC Sommedieue (D3)<\/li>\n<li>Tilly (D1) &#8211; Islettes (D2)<\/li>\n<li>Charny-sur-Meuse (D3) &#8211; Belleray (D2)<\/li>\n<li>Thierville (D1) &#8211; Conflans\/Doncourt (D2)<\/li>\n<li>Vigneulles HF (D1) &#8211; Seuil d&rsquo;Argonne (D2)<\/li>\n<li>Mars-la-Tour (D4) &#8211; FC Dugny (D1)<\/li>\n<li>Avrilloise (D4) &#8211; Maizey-Lacroix (D2)<\/li>\n<li>USJ Montm\u00e9dy (D2) &#8211; US Lexy (D2)<\/li>\n<\/ul>\n","protected":false},"excerpt":{"rendered":"Au lendemain de la publication des groupes des championnats r\u00e9gionaux, la Ligue Grand Est a proc\u00e9d\u00e9 ce vendredi&hellip;\n","protected":false},"author":2,"featured_media":257397,"comment_status":"","ping_status":"","sticky":false,"template":"","format":"standard","meta":{"footnotes":""},"categories":[9635],"tags":[1111,11,15922,3602,1707,1704,1706,1705,10174,1777,674,1701,63,1011,27,775,1702,12,25,517,1700],"class_list":{"0":"post-257396","1":"post","2":"type-post","3":"status-publish","4":"format-standard","5":"has-post-thumbnail","7":"category-nancy","8":"tag-actu","9":"tag-actualites","10":"tag-coupe-de-france-de-football","11":"tag-edition-bar-le-duc","12":"tag-edition-luneville","13":"tag-edition-nancy-et-agglomeration","14":"tag-edition-pont-a-mousson","15":"tag-edition-toul","16":"tag-edition-verdun","17":"tag-eu","18":"tag-europe","19":"tag-fil-info-sport","20":"tag-football","21":"tag-fr","22":"tag-france","23":"tag-grand-est","24":"tag-nancy","25":"tag-news","26":"tag-republique-francaise","27":"tag-sport","28":"tag-sport-lorrain"},"share_on_mastodon":{"url":"https:\/\/pubeurope.com\/@fr\/114876540771561269","error":""},"_links":{"self":[{"href":"https:\/\/www.europesays.com\/fr\/wp-json\/wp\/v2\/posts\/257396","targetHints":{"allow":["GET"]}}],"collection":[{"href":"https:\/\/www.europesays.com\/fr\/wp-json\/wp\/v2\/posts"}],"about":[{"href":"https:\/\/www.europesays.com\/fr\/wp-json\/wp\/v2\/types\/post"}],"author":[{"embeddable":true,"href":"https:\/\/www.europesays.com\/fr\/wp-json\/wp\/v2\/users\/2"}],"replies":[{"embeddable":true,"href":"https:\/\/www.europesays.com\/fr\/wp-json\/wp\/v2\/comments?post=257396"}],"version-history":[{"count":0,"href":"https:\/\/www.europesays.com\/fr\/wp-json\/wp\/v2\/posts\/257396\/revisions"}],"wp:featuredmedia":[{"embeddable":true,"href":"https:\/\/www.europesays.com\/fr\/wp-json\/wp\/v2\/media\/257397"}],"wp:attachment":[{"href":"https:\/\/www.europesays.com\/fr\/wp-json\/wp\/v2\/media?parent=257396"}],"wp:term":[{"taxonomy":"category","embeddable":true,"href":"https:\/\/www.europesays.com\/fr\/wp-json\/wp\/v2\/categories?post=257396"},{"taxonomy":"post_tag","embeddable":true,"href":"https:\/\/www.europesays.com\/fr\/wp-json\/wp\/v2\/tags?post=257396"}],"curies":[{"name":"wp","href":"https:\/\/api.w.org\/{rel}","templated":true}]}}