{"id":257398,"date":"2025-07-18T22:14:11","date_gmt":"2025-07-18T22:14:11","guid":{"rendered":"https:\/\/www.europesays.com\/fr\/257398\/"},"modified":"2025-07-18T22:14:11","modified_gmt":"2025-07-18T22:14:11","slug":"a-nouveau-delogee-lassociation-daeromodelisme-de-la-crau-cherche-un-nouveau-terrain","status":"publish","type":"post","link":"https:\/\/www.europesays.com\/fr\/257398\/","title":{"rendered":"\u00c0 nouveau d\u00e9log\u00e9e, l&rsquo;association d&rsquo;a\u00e9romod\u00e9lisme de La Crau cherche un nouveau terrain"},"content":{"rendered":"<p>Dans le ciel de La Crau, chemin de la Navarre, des avions, planeurs, h\u00e9licos, dessinent des arabesques gracieuses, port\u00e9s par un simple souffle \u00e9lectrique. Au sol, les visages sont concentr\u00e9s et joyeux. Pourtant, une ombre plane sur le terrain de <strong>l\u2019A\u00e9romod\u00e9lisme Craurois Provence M\u00e9diterran\u00e9e (ACPM 83)<\/strong>. Une date butoir: le 31 d\u00e9cembre 2026. D\u2019ici l\u00e0, le club et sa soixantaine de passionn\u00e9s devront avoir trouv\u00e9 une nouvelle piste. \u00ab\u00a0Nous avions d\u00e9j\u00e0 \u00e9t\u00e9 d\u00e9log\u00e9s du Plan de La Garde. Nous sommes ici depuis onze ans, mais notre convention d\u2019occupation arrive \u00e0 son terme et n\u2019a pas \u00e9t\u00e9 renouvel\u00e9e\u00a0\u00bb, explique <strong>Olivier Mismer, pr\u00e9sident de l\u2019association<\/strong>. Cela place le club dans une situation d\u00e9licate, car trouver un nouveau terrain n\u2019est pas simple.<\/p>\n<p>\u00ab\u00a0Un jouet XXL\u00a0\u00bb<\/p>\n<p>Emmanuel Crespeau, le tr\u00e9sorier, se souvient: \u00ab\u00a0Quand nous sommes arriv\u00e9s, ce n\u2019\u00e9tait qu\u2019une d\u00e9charge remplie avec les remblais\u00a0\u00bb. Avec de l\u2019huile de coude, 6.000 euros de leur poche et des travaux de terrassement colossaux, ils ont transform\u00e9 ce lieu en une piste impeccable. \u00ab\u00a0Il faut bien comprendre que si on trouve un terrain demain, il nous faudra du temps pour le mettre en conformit\u00e9 et le s\u00e9curiser. C\u2019est pour \u00e7a qu\u2019on s\u2019y prend maintenant\u00a0\u00bb, insiste le pr\u00e9sident. L\u2019\u00e9quation est pr\u00e9cise : un hectare, une piste d\u2019au moins 100 m\u00e8tres, et surtout, un emplacement \u00e0 250 m\u00e8tres de toute habitation, comme l\u2019exige la r\u00e9glementation. Un d\u00e9fi dans une aire toulonnaise de plus en plus urbanis\u00e9e.<\/p>\n<p>En les regardant piloter, une manette \u00e0 la main, les yeux riv\u00e9s vers le ciel, on comprend vite ce qui les anime. \u00ab\u00a0C\u2019est un jouet XXL, on a tous gard\u00e9 une \u00e2me d\u2019enfant, lance un membre en souriant. Un jouet technologique avec certains mod\u00e8les avoisinant les 3.000 euros. Mais la passion, n\u2019a pas de prix, et surtout, elle est silencieuse. C\u2019est le point d\u2019honneur du club. Quand nous nous sommes install\u00e9s ici, la contrainte \u00e9tait de ne pas cr\u00e9er de nuisance sonore. On a donc fait le choix du tout \u00e9lectrique, raconte Olivier Mismer.<\/p>\n<p>Fini les moteurs thermiques bruyants et polluants. L\u2019ACPM 83, fort de ses 68 licenci\u00e9s venus d\u2019un rayon de 25 km, cultive la transmission. Le secret? \u00ab\u00a0L\u2019\u00e9colage\u00a0\u00bb. C\u2019est une auto-\u00e9cole pour l\u2019a\u00e9romod\u00e9lisme, d\u00e9taille Emmanuel. On utilise deux radios: une pour le ma\u00eetre, une pour l\u2019\u00e9l\u00e8ve. Si l\u2019\u00e9l\u00e8ve fait une erreur, le moniteur reprend la main pour \u00e9viter la casse. Une m\u00e9thode qui permet aux d\u00e9butants de se lancer en toute s\u00e9curit\u00e9. Avions de voltige, maquettes de reconstitution historique, h\u00e9licopt\u00e8res, moto-planeurs et m\u00eame quelques drones&#8230; il y en a pour tous les go\u00fbts. Aujourd\u2019hui, ces passionn\u00e9s lancent un appel pour trouver une solution et continuer \u00e0 faire voler leurs r\u00eaves.<\/p>\n<p>Contact: <a href=\"https:\/\/www.varmatin.com\/vie-locale\/mailto:presidentacpm83@gmail.com\" target=\"_blank\" rel=\"noopener\">presidentacpm83@gmail.com.<\/a><\/p>\n","protected":false},"excerpt":{"rendered":"Dans le ciel de La Crau, chemin de la Navarre, des avions, planeurs, h\u00e9licos, dessinent des arabesques gracieuses,&hellip;\n","protected":false},"author":2,"featured_media":257399,"comment_status":"","ping_status":"","sticky":false,"template":"","format":"standard","meta":{"footnotes":""},"categories":[9619],"tags":[1111,11,1777,674,1011,27,12,882,25,2310,3366],"class_list":{"0":"post-257398","1":"post","2":"type-post","3":"status-publish","4":"format-standard","5":"has-post-thumbnail","7":"category-toulon","8":"tag-actu","9":"tag-actualites","10":"tag-eu","11":"tag-europe","12":"tag-fr","13":"tag-france","14":"tag-news","15":"tag-provence-alpes-cote-dazur","16":"tag-republique-francaise","17":"tag-toulon","18":"tag-vie-locale"},"share_on_mastodon":{"url":"https:\/\/pubeurope.com\/@fr\/114876544689090728","error":""},"_links":{"self":[{"href":"https:\/\/www.europesays.com\/fr\/wp-json\/wp\/v2\/posts\/257398","targetHints":{"allow":["GET"]}}],"collection":[{"href":"https:\/\/www.europesays.com\/fr\/wp-json\/wp\/v2\/posts"}],"about":[{"href":"https:\/\/www.europesays.com\/fr\/wp-json\/wp\/v2\/types\/post"}],"author":[{"embeddable":true,"href":"https:\/\/www.europesays.com\/fr\/wp-json\/wp\/v2\/users\/2"}],"replies":[{"embeddable":true,"href":"https:\/\/www.europesays.com\/fr\/wp-json\/wp\/v2\/comments?post=257398"}],"version-history":[{"count":0,"href":"https:\/\/www.europesays.com\/fr\/wp-json\/wp\/v2\/posts\/257398\/revisions"}],"wp:featuredmedia":[{"embeddable":true,"href":"https:\/\/www.europesays.com\/fr\/wp-json\/wp\/v2\/media\/257399"}],"wp:attachment":[{"href":"https:\/\/www.europesays.com\/fr\/wp-json\/wp\/v2\/media?parent=257398"}],"wp:term":[{"taxonomy":"category","embeddable":true,"href":"https:\/\/www.europesays.com\/fr\/wp-json\/wp\/v2\/categories?post=257398"},{"taxonomy":"post_tag","embeddable":true,"href":"https:\/\/www.europesays.com\/fr\/wp-json\/wp\/v2\/tags?post=257398"}],"curies":[{"name":"wp","href":"https:\/\/api.w.org\/{rel}","templated":true}]}}