{"id":257407,"date":"2025-07-18T22:23:37","date_gmt":"2025-07-18T22:23:37","guid":{"rendered":"https:\/\/www.europesays.com\/fr\/257407\/"},"modified":"2025-07-18T22:23:37","modified_gmt":"2025-07-18T22:23:37","slug":"meteo-en-ille-et-vilaine-le-departement-en-vigilance-orange-pour-risque-de-pluie-inondation-maville-com-rennes","status":"publish","type":"post","link":"https:\/\/www.europesays.com\/fr\/257407\/","title":{"rendered":"M\u00e9t\u00e9o en Ille-et-Vilaine : le d\u00e9partement en vigilance orange pour risque de pluie-inondation &#8211; MaVille.com &#8211; Rennes"},"content":{"rendered":"<ol>\n<li><a href=\"https:\/\/news.google.com\/rss\/articles\/CBMi6gFBVV95cUxNdmdRWkFxT2FZdGtuWVVRRVJFa2pwbUlZVmYtNklLakl1N2s3RHEwclEzT0tqazRtdno1S1VUMGFiUDhaS0d1ZlV1d0dEVVJ6bDY2R0NTbDY1N2twTmw0V2hNenhEZ3NDZ0ltbVVIa2xrVkktbXBjLVhYZkVaSVlFLWI1T1NIWERVN0hHdThpT3lEMWhoNndKSXlzTGFGVkVQV2Q5S0JLVjVYUE1TWWlfYWVyZUVaSjROTUlCams5NkhlQWZLNzFxekFXOVh6cTZjWmtqSTJoMjJTMHRWcGIwNkZJZ21YZGg5M0E?oc=5\" target=\"_blank\" rel=\"nofollow noopener\">M\u00e9t\u00e9o en Ille-et-Vilaine : le d\u00e9partement en vigilance orange pour risque de pluie-inondation<\/a>&nbsp;&nbsp;MaVille.com &#8211; Rennes<\/li>\n<li><a href=\"https:\/\/news.google.com\/rss\/articles\/CBMi9AFBVV95cUxOZmJTUFJrNEZ0MUlpWU9qclpzZkh2Ni1jZ1kzWGlnZ2FrYlY0LWo4ajYycW1ucG8xUzh5eWZRdGFfQlpOYnpWdmxqU01STXRlSnpxNFpTa0ZIYm14WE9YUGtJUVdoQUw2b2h1MUVsNXBGcUNrSm9sQUZfSDNfMHpKOXZUbHFkX2RDNnViUEgtRTlvS2xSb1VTNDNaeWxwQ25JX29JSDBuTGVMX25XS3lUZE1WY2hrMzZtMkdBMHBRRFdqcnBnZUlLSE5ZcS1xRUY0X2FUeWgwNDIzLU9OUmZQWExKMjNvMkc5OEFxMnNlTS1KYWVi?oc=5\" target=\"_blank\" rel=\"nofollow noopener\">Pluie-inondation et orages : la vigilance orange s\u2019\u00e9tend \u00e0 neuf d\u00e9partements pour samedi<\/a>&nbsp;&nbsp;Ouest-France<\/li>\n<li><a href=\"https:\/\/news.google.com\/rss\/articles\/CBMiqwFBVV95cUxONnJwcENyTGRXVnBPZDRtVWQ3SmYtN0FLZWIzLUU3MUU1UW8zTTRSb0xSY2xVLXFLd2hpNXI5SXZScFpKeHVMOEQtMkIwQmdibU9YQ0lwYlp4RGt0TU1QMy1GZVlXRlR2N0JXWmx4Yk81eVpjcTktWFpfdTc4RFEwbFpUREY3ZC1YazlEUmM3dzI4YUdKR0UtRnZJV2tMXzdsb1BONlJpSWZEeVU?oc=5\" target=\"_blank\" rel=\"nofollow noopener\">Alerte M\u00e9t\u00e9o : Orages parfois violents en Normandie et au centre-est<\/a>&nbsp;&nbsp;La Cha\u00eene M\u00e9t\u00e9o<\/li>\n<li><a href=\"https:\/\/news.google.com\/rss\/articles\/CBMi4gFBVV95cUxPRWp4TGxwUkNMNGYtZlNVWENrSDFmclJkRUpkVkVGaDdValZER19RMWRkVXZ6dUxTeW9QbzM0OUk0c0dfSDBHc1NBSG9HNXROdVVZNTdrNEI4SDdsMGUwWWRJa24zaERrRW4wcWdfSTNGMkp3eFBkM0ZSS2xfRkM1RkE1R0lZM0VTc3U3Z0Z1cF9SYXVIQjd4bm8tVnh3cHV3TDZFVERvbGo5ZENiVVN1R1EteXNwZ0FDNXFKcEd4N1YxdXF2a2JadGl6YlFoLThFLTNGOFdFckhMbHc4MjY5UFNB?oc=5\" target=\"_blank\" rel=\"nofollow noopener\">M\u00e9t\u00e9o : forts orages, rafales de vent, baisse des temp\u00e9ratures&#8230; Ce qui nous attend ce week-end<\/a>&nbsp;&nbsp;La Montagne<\/li>\n<li><a href=\"https:\/\/news.google.com\/rss\/articles\/CBMivwFBVV95cUxOYnNBOU91U1FKVmxQamhuVUxuMjNydHI3blJzZlQ3WHdtZnNRQWdiTWNPR3VmeHFXRm0zYVlMZzhzUTJpR2FmOUtfT3dFeURyUHlaNEk0Y0wtdWN5aFdYVWtySXVKTkh4YmhJTnlzVmRsS0lpLXZ5Vk5VRGtUNTZILVZwSkJLeWMzR2NkN3Z3T1Y0a19uTktFR2pESEpkaWdWVS1INUhrRkd5OFhDQnl1S3hvQWQ2NE1IQ1d3OWdXRQ?oc=5\" target=\"_blank\" rel=\"nofollow noopener\">M\u00e9t\u00e9o du samedi 19 juillet : neuf d\u00e9partements en alerte aux orages et aux inondations<\/a>&nbsp;&nbsp;Le Figaro<\/li>\n<\/ol>\n","protected":false},"excerpt":{"rendered":"M\u00e9t\u00e9o en Ille-et-Vilaine : le d\u00e9partement en vigilance orange pour risque de pluie-inondation&nbsp;&nbsp;MaVille.com &#8211; Rennes Pluie-inondation et orages&hellip;\n","protected":false},"author":2,"featured_media":257408,"comment_status":"","ping_status":"","sticky":false,"template":"","format":"standard","meta":{"footnotes":""},"categories":[2821],"tags":[1111,11,829,9968,1777,674,1011,27,848,2487,12,738,39745,584,25,4510,15192],"class_list":{"0":"post-257407","1":"post","2":"type-post","3":"status-publish","4":"format-standard","5":"has-post-thumbnail","7":"category-rennes","8":"tag-actu","9":"tag-actualites","10":"tag-bretagne","11":"tag-departement","12":"tag-eu","13":"tag-europe","14":"tag-fr","15":"tag-france","16":"tag-ille-et-vilaine","17":"tag-meteo","18":"tag-news","19":"tag-orange","20":"tag-pluie-inondation","21":"tag-rennes","22":"tag-republique-francaise","23":"tag-risque","24":"tag-vigilance"},"share_on_mastodon":{"url":"https:\/\/pubeurope.com\/@fr\/114876579979394104","error":""},"_links":{"self":[{"href":"https:\/\/www.europesays.com\/fr\/wp-json\/wp\/v2\/posts\/257407","targetHints":{"allow":["GET"]}}],"collection":[{"href":"https:\/\/www.europesays.com\/fr\/wp-json\/wp\/v2\/posts"}],"about":[{"href":"https:\/\/www.europesays.com\/fr\/wp-json\/wp\/v2\/types\/post"}],"author":[{"embeddable":true,"href":"https:\/\/www.europesays.com\/fr\/wp-json\/wp\/v2\/users\/2"}],"replies":[{"embeddable":true,"href":"https:\/\/www.europesays.com\/fr\/wp-json\/wp\/v2\/comments?post=257407"}],"version-history":[{"count":0,"href":"https:\/\/www.europesays.com\/fr\/wp-json\/wp\/v2\/posts\/257407\/revisions"}],"wp:featuredmedia":[{"embeddable":true,"href":"https:\/\/www.europesays.com\/fr\/wp-json\/wp\/v2\/media\/257408"}],"wp:attachment":[{"href":"https:\/\/www.europesays.com\/fr\/wp-json\/wp\/v2\/media?parent=257407"}],"wp:term":[{"taxonomy":"category","embeddable":true,"href":"https:\/\/www.europesays.com\/fr\/wp-json\/wp\/v2\/categories?post=257407"},{"taxonomy":"post_tag","embeddable":true,"href":"https:\/\/www.europesays.com\/fr\/wp-json\/wp\/v2\/tags?post=257407"}],"curies":[{"name":"wp","href":"https:\/\/api.w.org\/{rel}","templated":true}]}}