{"id":25741,"date":"2025-04-15T02:52:19","date_gmt":"2025-04-15T02:52:19","guid":{"rendered":"https:\/\/www.europesays.com\/fr\/25741\/"},"modified":"2025-04-15T02:52:19","modified_gmt":"2025-04-15T02:52:19","slug":"joel-plamondon-annemasse-bellegarde-netait-pas-un-coup-de-chance-actualite","status":"publish","type":"post","link":"https:\/\/www.europesays.com\/fr\/25741\/","title":{"rendered":"Jo\u00ebl Plamondon : \u00ab Annemasse-Bellegarde n&rsquo;\u00e9tait pas un coup de chance \u00bb &#8211; Actualit\u00e9"},"content":{"rendered":"<p style=\"text-align: justify;\">Jo\u00ebl Plamondon tient la forme. Repris dans le final d\u2019Annemasse-Bellegarde fin mars, le coureur du Team Marni-N\u2019side est encore en tr\u00e8s bonne condition deux semaines plus tard. Ce samedi, il est arriv\u00e9 dans le groupe d\u2019une trentaine de coureurs qui s\u2019est jou\u00e9 la victoire lors de la quatri\u00e8me \u00e9tape du Circuit des Ardennes, en Classe 2 (<strong><a href=\"https:\/\/www.directvelo.com\/actualite\/119788\/circuit-des-ardennes-et-4-classements\" target=\"_blank\" rel=\"nofollow noopener\">voir classement<\/a><\/strong>). Le Qu\u00e9b\u00e9cois de 22 ans est revenu pour DirectVelo sur sa bonne p\u00e9riode actuelle.<\/p>\n<p><strong>DirectVelo : Comment as-tu v\u00e9cu cette \u00e9tape aux huit difficult\u00e9s ?<\/strong><br \/>Jo\u00ebl Plamondon : Il fallait toujours arriver dans les 30 premi\u00e8res positions au pied des bosses. Lors de la premi\u00e8re grosse difficult\u00e9 autour du kilom\u00e8tre 110 (le Mont Malgr\u00e9 Tout, NDLR), j&rsquo;\u00e9tais un peu plus \u00e0 l&rsquo;arri\u00e8re. J&rsquo;ai d\u00fb remonter beaucoup de gars dans les premiers kilom\u00e8tres de la bosse. \u00c7a m&rsquo;a co\u00fbt\u00e9 un peu d&rsquo;\u00e9nergie, mais je ne dirais pas que mon placement \u00e9tait mauvais. J&rsquo;ai bien g\u00e9r\u00e9 ma course. J\u2019\u00e9tais avec Carson (Miles) dans le groupe de t\u00eate. Il \u00e9tait plus actif que moi dans les mont\u00e9es. Mon but \u00e9tait juste de finir dans le groupe.<\/p>\n<p><strong>Comment te sentais-tu dans les difficult\u00e9s ?<\/strong><br \/>Je n&rsquo;ai rien essay\u00e9, j&rsquo;ai conserv\u00e9 mon \u00e9nergie toute la course. Je n&rsquo;ai jamais \u00e9t\u00e9 proche de l\u00e2cher, mais je n&rsquo;\u00e9tais pas dans une position d&rsquo;attaque. J&rsquo;arrive dans le final avec de tr\u00e8s bonnes jambes. Tous les coups \u00e9taient ferm\u00e9s par Isra\u00ebl-Premier Tech et les grosses \u00e9quipes. Tout le monde savait que \u00e7a allait finir en sprint massif. Il y a eu un m\u00e9lange de placement et de chance. J&rsquo;\u00e9tais pr\u00eat \u00e0 sprinter. Malheureusement, la route \u00e9tait assez petite. Je me suis un peu fait coincer. Le r\u00e9sultat est moins bon que ce que j&rsquo;avais esp\u00e9r\u00e9, mais je suis content d&rsquo;avoir fini avec le groupe de t\u00eate.<\/p>\n<p><strong>Apr\u00e8s Annemasse-Bellegarde o\u00f9 tu t&rsquo;es fait reprendre \u00e0 500 m\u00e8tres de la ligne, tu prouves que tu as de bonnes jambes en ce moment\u2026<br \/><\/strong>Je n&rsquo;\u00e9tais pas s\u00fbr de passer sur cette \u00e9tape, parce que c&rsquo;est rare d\u2019avoir des\u00a0courses aussi difficiles, mais \u00e7a me confirme que les jambes sont bonnes et qu\u2019Annemasse-Bellegarde n&rsquo;\u00e9tait pas un coup de chance.<\/p>\n<p><strong>OBJECTIF TOP 10 POUR FINIR<\/strong><\/p>\n<p><strong>Quel bilan fais-tu de ton Circuit des Ardennes jusqu\u2019\u00e0 pr\u00e9sent ?<\/strong><br \/>Sur les \u00e9tapes deux et trois, je me sentais vraiment tr\u00e8s bien, mais j&rsquo;ai \u00e9t\u00e9 malchanceux. Sur la deuxi\u00e8me \u00e9tape, l&rsquo;\u00e9chapp\u00e9e va au bout, on ne jouait pas la gagne, mais j\u2019\u00e9tais bien plac\u00e9 dans le\u00a0final. Malheureusement, je cr\u00e8ve de la roue avant dans le dernier tournant. Lors de la troisi\u00e8me \u00e9tape, j&rsquo;ai \u00e9t\u00e9 victime d\u2019une crevaison de la roue arri\u00e8re dans la derni\u00e8re difficult\u00e9, \u00e0 six kilom\u00e8tres de la fin. Heureusement, j&rsquo;ai L\u00e9onard (Peloquin) qui m&rsquo;a aid\u00e9 \u00e0 perdre le moins de temps possible. J\u2019\u00e9tais un peu d\u00e9\u00e7u parce que j&rsquo;avais de bonnes jambes. Je suis content de pouvoir le montrer aujourd\u2019hui (samedi).<\/p>\n<p><strong>Il reste encore une \u00e9tape sur ce Circuit des Ardennes\u2026<\/strong><br \/>Ce dimanche, \u00e7a peut \u00eatre une bonne journ\u00e9e pour moi. Si on court comme aujourd&rsquo;hui, \u00e7a devrait finir avec un groupe r\u00e9duit. Si j&rsquo;ai encore de bonnes jambes, je pense que je peux me d\u00e9marquer au sprint. Je vise un Top 10 voire un Top 5, si les conditions sont r\u00e9unies.<\/p>\n<p><strong>Quels sont tes objectifs pour cette saison ?<\/strong><br \/>J&rsquo;aimerais bien faire au Championnat du Canada. C\u2019est une \u00e9preuve importante pour une s\u00e9lection avec l\u2019\u00e9quipe nationale, notamment au Championnat du Monde. J&rsquo;aimerais aussi me d\u00e9marquer sur des courses Elite Nationale en France et peut-\u00eatre me faire rep\u00e9rer par des \u00e9quipes. En ce moment, j&rsquo;ai vraiment de bonnes jambes, mais je n&rsquo;ai peut-\u00eatre pas les r\u00e9sultats qui vont avec.<\/p>\n","protected":false},"excerpt":{"rendered":"Jo\u00ebl Plamondon tient la forme. Repris dans le final d\u2019Annemasse-Bellegarde fin mars, le coureur du Team Marni-N\u2019side est&hellip;\n","protected":false},"author":2,"featured_media":25742,"comment_status":"","ping_status":"","sticky":false,"template":"","format":"standard","meta":{"footnotes":""},"categories":[1411],"tags":[834,828,836,829,837,827,83,826,824,823,1154,207,814,817,815,816,822,821,832,211,839,1011,27,820,818,819,835,831,830,833,838,60,212,208,825],"class_list":{"0":"post-25741","1":"post","2":"type-post","3":"status-publish","4":"format-standard","5":"has-post-thumbnail","7":"category-cyclisme","8":"tag-attaque","9":"tag-belgique","10":"tag-braquet","11":"tag-bretagne","12":"tag-chute","13":"tag-competition","14":"tag-coupe-de-france","15":"tag-coureur","16":"tag-course-cyclisme","17":"tag-course-cycliste","18":"tag-cycling","19":"tag-cyclisme","20":"tag-direct","21":"tag-direct-velo","22":"tag-directvelo","23":"tag-directvelo-com","24":"tag-epreuve","25":"tag-epreuve-cycliste","26":"tag-federation-francaise-de-cyclisme","27":"tag-ffc","28":"tag-flandres","29":"tag-fr","30":"tag-france","31":"tag-live","32":"tag-live-course","33":"tag-live-epreuve","34":"tag-peloton","35":"tag-radio-peloton","36":"tag-radio-tour","37":"tag-ravitaillement","38":"tag-relance","39":"tag-sports","40":"tag-uci","41":"tag-velo","42":"tag-velos"},"share_on_mastodon":{"url":"https:\/\/pubeurope.com\/@fr\/114339718346449739","error":""},"_links":{"self":[{"href":"https:\/\/www.europesays.com\/fr\/wp-json\/wp\/v2\/posts\/25741","targetHints":{"allow":["GET"]}}],"collection":[{"href":"https:\/\/www.europesays.com\/fr\/wp-json\/wp\/v2\/posts"}],"about":[{"href":"https:\/\/www.europesays.com\/fr\/wp-json\/wp\/v2\/types\/post"}],"author":[{"embeddable":true,"href":"https:\/\/www.europesays.com\/fr\/wp-json\/wp\/v2\/users\/2"}],"replies":[{"embeddable":true,"href":"https:\/\/www.europesays.com\/fr\/wp-json\/wp\/v2\/comments?post=25741"}],"version-history":[{"count":0,"href":"https:\/\/www.europesays.com\/fr\/wp-json\/wp\/v2\/posts\/25741\/revisions"}],"wp:featuredmedia":[{"embeddable":true,"href":"https:\/\/www.europesays.com\/fr\/wp-json\/wp\/v2\/media\/25742"}],"wp:attachment":[{"href":"https:\/\/www.europesays.com\/fr\/wp-json\/wp\/v2\/media?parent=25741"}],"wp:term":[{"taxonomy":"category","embeddable":true,"href":"https:\/\/www.europesays.com\/fr\/wp-json\/wp\/v2\/categories?post=25741"},{"taxonomy":"post_tag","embeddable":true,"href":"https:\/\/www.europesays.com\/fr\/wp-json\/wp\/v2\/tags?post=25741"}],"curies":[{"name":"wp","href":"https:\/\/api.w.org\/{rel}","templated":true}]}}