{"id":257413,"date":"2025-07-18T22:27:11","date_gmt":"2025-07-18T22:27:11","guid":{"rendered":"https:\/\/www.europesays.com\/fr\/257413\/"},"modified":"2025-07-18T22:27:11","modified_gmt":"2025-07-18T22:27:11","slug":"strasbourg-un-rassemblement-place-kleber-pour-denoncer-lexpulsion-des-afghans-par-le-regime-iranien","status":"publish","type":"post","link":"https:\/\/www.europesays.com\/fr\/257413\/","title":{"rendered":"Strasbourg. Un rassemblement place Kl\u00e9ber pour d\u00e9noncer l\u2019expulsion des Afghans par le r\u00e9gime iranien"},"content":{"rendered":"<p>Partageant une m\u00eame langue et culture, les Afghans sont pr\u00e8s de 6\u00a0millions \u00e0 avoir choisi l\u2019Iran pour fuir l\u2019instabilit\u00e9 politique et \u00e9conomique de leur pays. S\u2019ils sont depuis longtemps victimes d\u2019un racisme syst\u00e9mique, <a href=\"https:\/\/www.dna.fr\/societe\/2025\/07\/18\/81-afghans-condamnes-par-la-justice-expulses-l-onu-reclame-l-arret-immediat-des-renvois\" target=\"_blank\" rel=\"noopener\">la situation s\u2019est gravement d\u00e9grad\u00e9e<\/a> depuis les attaques isra\u00e9liennes. \u00ab\u00a0Ils sont devenus des boucs \u00e9missaires, les talibans au pouvoir leur reprochent d\u2019\u00eatre des espions \u00e0 la solde d\u2019Isra\u00ebl. Mais c\u2019est pour masquer leur incomp\u00e9tence\u00a0\u00bb, explique Zaher Divantchegui, organisateur de la manifestation place Kl\u00e9ber et membre de l\u2019Association culturelle des Afghans de Strasbourg (ACAS).<\/p>\n<p>De tr\u00e8s fortes pressions<\/p>\n<p>Le r\u00e9gime iranien exerce effectivement de tr\u00e8s fortes pressions pour que les Afghans quittent le territoire, dans des situations parfois dramatiques. \u00ab\u00a0Ils n\u2019ont pas d\u2019eau, pas de toit\u2026 Je suis Iranienne d\u2019origine et je ne peux pas rester silencieuse face aux injustices qui ont lieu dans mon pays\u00a0\u00bb, se d\u00e9sole Salom\u00e9 Helbourg, membre du collectif Voix des femmes de Kaboul \u00e0 T\u00e9h\u00e9ran.<\/p>\n<p>Parmi les \u00e9lus venus en soutien, Syamak Agha Babaei, premier adjoint de la Ville et d\u2019origine iranienne\u00a0: \u00ab\u00a0Je combats le racisme ici, je ne peux pas supporter que ces choses aient lieu dans mon pays d\u2019origine\u00a0\u00bb, d\u00e9nonce-t-il.<\/p>\n","protected":false},"excerpt":{"rendered":"Partageant une m\u00eame langue et culture, les Afghans sont pr\u00e8s de 6\u00a0millions \u00e0 avoir choisi l\u2019Iran pour fuir&hellip;\n","protected":false},"author":2,"featured_media":257414,"comment_status":"","ping_status":"","sticky":false,"template":"","format":"standard","meta":{"footnotes":""},"categories":[2820],"tags":[1111,11,3206,2880,1777,674,107,1011,27,775,12,25,104,640,2879,1631],"class_list":{"0":"post-257413","1":"post","2":"type-post","3":"status-publish","4":"format-standard","5":"has-post-thumbnail","7":"category-strasbourg","8":"tag-actu","9":"tag-actualites","10":"tag-defense-guerre-conflit","11":"tag-edition-strasbourg","12":"tag-eu","13":"tag-europe","14":"tag-fil-info","15":"tag-fr","16":"tag-france","17":"tag-grand-est","18":"tag-news","19":"tag-republique-francaise","20":"tag-societe","21":"tag-strasbourg","22":"tag-strasbourg-ville","23":"tag-vie-associative"},"share_on_mastodon":{"url":"https:\/\/pubeurope.com\/@fr\/114876595774842204","error":""},"_links":{"self":[{"href":"https:\/\/www.europesays.com\/fr\/wp-json\/wp\/v2\/posts\/257413","targetHints":{"allow":["GET"]}}],"collection":[{"href":"https:\/\/www.europesays.com\/fr\/wp-json\/wp\/v2\/posts"}],"about":[{"href":"https:\/\/www.europesays.com\/fr\/wp-json\/wp\/v2\/types\/post"}],"author":[{"embeddable":true,"href":"https:\/\/www.europesays.com\/fr\/wp-json\/wp\/v2\/users\/2"}],"replies":[{"embeddable":true,"href":"https:\/\/www.europesays.com\/fr\/wp-json\/wp\/v2\/comments?post=257413"}],"version-history":[{"count":0,"href":"https:\/\/www.europesays.com\/fr\/wp-json\/wp\/v2\/posts\/257413\/revisions"}],"wp:featuredmedia":[{"embeddable":true,"href":"https:\/\/www.europesays.com\/fr\/wp-json\/wp\/v2\/media\/257414"}],"wp:attachment":[{"href":"https:\/\/www.europesays.com\/fr\/wp-json\/wp\/v2\/media?parent=257413"}],"wp:term":[{"taxonomy":"category","embeddable":true,"href":"https:\/\/www.europesays.com\/fr\/wp-json\/wp\/v2\/categories?post=257413"},{"taxonomy":"post_tag","embeddable":true,"href":"https:\/\/www.europesays.com\/fr\/wp-json\/wp\/v2\/tags?post=257413"}],"curies":[{"name":"wp","href":"https:\/\/api.w.org\/{rel}","templated":true}]}}