{"id":257425,"date":"2025-07-18T22:33:24","date_gmt":"2025-07-18T22:33:24","guid":{"rendered":"https:\/\/www.europesays.com\/fr\/257425\/"},"modified":"2025-07-18T22:33:24","modified_gmt":"2025-07-18T22:33:24","slug":"les-voltigeurs-avec-bordeaux-lorient-et-bayonne","status":"publish","type":"post","link":"https:\/\/www.europesays.com\/fr\/257425\/","title":{"rendered":"les Voltigeurs avec Bordeaux, Lorient et Bayonne"},"content":{"rendered":"<p>            Par<br \/>\n        <strong><br \/>\n            <a href=\"https:\/\/actu.fr\/auteur\/gwendal-lepriellec\" title=\"Consulter tous les articles de Gwendal Le Priellec\" target=\"_blank\" rel=\"noopener\">Gwendal Le Priellec<\/a><br \/>\n        <\/strong><\/p>\n<p>        Publi\u00e9 le<\/p>\n<p>            18 juil. 2025 \u00e0 16h53        <\/p>\n<p>Les <b>Voltigeurs de Ch\u00e2teaubriant<\/b> (Loire-Atlantique) vont pouvoir mieux se projeter sur leur future <b>saison 2025-2026<\/b>, en <b>National\u00a02<\/b>.<\/p>\n<p>Ch\u00e2teaubriant\u2009: les futurs adversaires des Voltigeurs<\/p>\n<p class=\" wall-content\">En effet, l\u2019\u00e9quipe nouvellement entra\u00een\u00e9e par <b>Michel Audrain<\/b> vient de d\u00e9couvrir ses futurs adversaires.<\/p>\n<p>    <a href=\"https:\/\/www.facebook.com\/plugins\/post.php?href=https%3A%2F%2Fwww.facebook.com%2Fvoltigeurs.chateaubriant%2Fposts%2Fpfbid029tW54xhw3pEL44qucjHkpvcRZgw33FVh376nxu9ErtxLPGs7UqjMeUonYzuFfMel&amp;show_text=true&amp;width=350\" title=\"Ouvrie le lien\" target=\"_blank\" rel=\"noopener\">Cliquez ici pour visualiser le contenu<\/a><\/p>\n<p class=\" wall-content\">Les Castelbriantais seront avec toutes les \u00e9quipes de <b>l\u2019Ouest de la France.<\/b><\/p>\n<blockquote class=\"ac-article-quote wall-content\">\n<p>Nos Castelbriantais \u00e9volueront dans le groupe Ouest de National\u00a02. L\u2019occasion de retrouver des adversaires que l\u2019on conna\u00eet d\u00e9j\u00e0 mais \u00e9galement d\u2019en croiser de nouveaux comme le FC Montlouis, Angoul\u00eame ou encore l\u2019Aviron Bayonnais FC\u2009!<\/p>\n<p>Voltigeurs de Ch\u00e2teaubriant<\/p><\/blockquote>\n<p>Vid\u00e9os : en ce moment sur Actu<\/p>\n<p class=\" wall-content\">Les Voltigeurs devraient surtout retrouver les prestigieux Girondins de Bordeaux, comme l\u2019an pass\u00e9, si la situation financi\u00e8re des Bordelais leur permet de se maintenir en National\u00a02.<\/p>\n<p>Le groupe des Voltigeurs de Ch\u00e2teaubriant<\/p>\n<p class=\" wall-content\">Les Voltigeurs joueront ainsi contre l\u2019US Saint-Malo (Ille-et-Vilaine), l\u2019US Granville (Manche), l\u2019US Avranches (Manche), la r\u00e9serve du FC Lorient (Morbihan), le Dinan-L\u00e9hon FC (C\u00f4tes-d\u2019Armor), la Saint-Colomban Locmin\u00e9 (Morbihan), le Chauray FC (Deux-S\u00e8vres), Les Herbiers VF (Vend\u00e9e), l\u2019Olympique Saumur (Maine-et-Loire), La Roche-sur-Yon VF (Vend\u00e9e), le Stade Poitevin (Vienne), les Girondins de Bordeaux (Gironde), l\u2019Aviron Bayonnais FC (Pyr\u00e9n\u00e9es-Atlantiques), l\u2019Angoul\u00eame-Charente FC (Charente) et le Montlouis FC (Indre-et-Loire).<\/p>\n<p class=\" wall-content\">Quant au <b>calendrier<\/b> de la saison, il sera d\u00e9voil\u00e9 dans les prochains jours.<\/p>\n<p class=\" wall-content\">Suivez toute l\u2019actualit\u00e9 de vos villes et m\u00e9dias favoris en vous inscrivant \u00e0 <a href=\"https:\/\/moncompte.actu.fr\" title=\"D\u00e9couvez Mon Actu\" rel=\"nofollow noopener\" data-trk=\"{&quot;cta&quot;:{&quot;action&quot;:&quot;https:\\\/\\\/moncompte.actu.fr&quot;,&quot;category&quot;:&quot;mon compte&quot;,&quot;from&quot;:&quot;article footer&quot;,&quot;name&quot;:&quot;Mon actu&quot;,&quot;type&quot;:&quot;cta&quot;}}\" target=\"_blank\">Mon Actu<\/a>.<\/p>\n<ul class=\"ac-article-tag wall-content\">\n<li><a href=\"https:\/\/actu.fr\/tag\/girondins-de-bordeaux\" data-trk=\"{&quot;cta&quot;:{&quot;action&quot;:&quot;Girondins de Bordeaux&quot;,&quot;category&quot;:&quot;tag&quot;,&quot;from&quot;:&quot;article footer&quot;,&quot;name&quot;:&quot;Girondins de Bordeaux&quot;,&quot;type&quot;:&quot;cta&quot;}}\" target=\"_blank\" rel=\"noopener\">#Girondins de Bordeaux<\/a><\/li>\n<li><a href=\"https:\/\/actu.fr\/tag\/voltigeurs-de-chateaubriant\" data-trk=\"{&quot;cta&quot;:{&quot;action&quot;:&quot;Voltigeurs de Ch\\u00e2teaubriant&quot;,&quot;category&quot;:&quot;tag&quot;,&quot;from&quot;:&quot;article footer&quot;,&quot;name&quot;:&quot;Voltigeurs de Ch\\u00e2teaubriant&quot;,&quot;type&quot;:&quot;cta&quot;}}\" target=\"_blank\" rel=\"noopener\">#Voltigeurs de Ch\u00e2teaubriant<\/a><\/li>\n<\/ul>\n","protected":false},"excerpt":{"rendered":"Par Gwendal Le Priellec Publi\u00e9 le 18 juil. 2025 \u00e0 16h53 Les Voltigeurs de Ch\u00e2teaubriant (Loire-Atlantique) vont pouvoir&hellip;\n","protected":false},"author":2,"featured_media":257426,"comment_status":"","ping_status":"","sticky":false,"template":"","format":"standard","meta":{"footnotes":""},"categories":[2817],"tags":[1111,11,1997,1777,674,63,1011,27,2908,12,2219,25,60,39746],"class_list":{"0":"post-257425","1":"post","2":"type-post","3":"status-publish","4":"format-standard","5":"has-post-thumbnail","7":"category-bordeaux","8":"tag-actu","9":"tag-actualites","10":"tag-bordeaux","11":"tag-eu","12":"tag-europe","13":"tag-football","14":"tag-fr","15":"tag-france","16":"tag-girondins-de-bordeaux","17":"tag-news","18":"tag-nouvelle-aquitaine","19":"tag-republique-francaise","20":"tag-sports","21":"tag-voltigeurs-de-chateaubriant"},"share_on_mastodon":{"url":"https:\/\/pubeurope.com\/@fr\/114876619343965209","error":""},"_links":{"self":[{"href":"https:\/\/www.europesays.com\/fr\/wp-json\/wp\/v2\/posts\/257425","targetHints":{"allow":["GET"]}}],"collection":[{"href":"https:\/\/www.europesays.com\/fr\/wp-json\/wp\/v2\/posts"}],"about":[{"href":"https:\/\/www.europesays.com\/fr\/wp-json\/wp\/v2\/types\/post"}],"author":[{"embeddable":true,"href":"https:\/\/www.europesays.com\/fr\/wp-json\/wp\/v2\/users\/2"}],"replies":[{"embeddable":true,"href":"https:\/\/www.europesays.com\/fr\/wp-json\/wp\/v2\/comments?post=257425"}],"version-history":[{"count":0,"href":"https:\/\/www.europesays.com\/fr\/wp-json\/wp\/v2\/posts\/257425\/revisions"}],"wp:featuredmedia":[{"embeddable":true,"href":"https:\/\/www.europesays.com\/fr\/wp-json\/wp\/v2\/media\/257426"}],"wp:attachment":[{"href":"https:\/\/www.europesays.com\/fr\/wp-json\/wp\/v2\/media?parent=257425"}],"wp:term":[{"taxonomy":"category","embeddable":true,"href":"https:\/\/www.europesays.com\/fr\/wp-json\/wp\/v2\/categories?post=257425"},{"taxonomy":"post_tag","embeddable":true,"href":"https:\/\/www.europesays.com\/fr\/wp-json\/wp\/v2\/tags?post=257425"}],"curies":[{"name":"wp","href":"https:\/\/api.w.org\/{rel}","templated":true}]}}