{"id":257427,"date":"2025-07-18T22:34:11","date_gmt":"2025-07-18T22:34:11","guid":{"rendered":"https:\/\/www.europesays.com\/fr\/257427\/"},"modified":"2025-07-18T22:34:11","modified_gmt":"2025-07-18T22:34:11","slug":"haute-garonne-numerique-encourage-tous-les-utilisateurs-a-passer-a-la-fibre-avant-larret-du-reseau-cuivre","status":"publish","type":"post","link":"https:\/\/www.europesays.com\/fr\/257427\/","title":{"rendered":"Haute-Garonne Num\u00e9rique encourage tous les utilisateurs \u00e0 passer \u00e0 la fibre avant l\u2019arr\u00eat du r\u00e9seau cuivre !"},"content":{"rendered":"<p><b>Au 1<\/b><b>er <\/b><b>juillet le Syndicat mixte passe le cap des 333 000 prises de fibre optique d\u00e9ploy\u00e9es sur son territoire et comptabilise 68% de foyers raccord\u00e9s \u00e0 cette technologie.<\/b><\/p>\n<p><b>Pour encourager les habitants \u00e0 migrer vers la fibre optique, Haute-Garonne Num\u00e9rique mobilise ses \u00e9quipes pour accompagner celles et ceux rencontrant des difficult\u00e9s de raccordement.\u00a0<\/b><\/p>\n<p><b>Le Syndicat mixte alerte \u00e9galement citoyens et entreprises sur l\u2019importance de migrer vers cette technologie p\u00e9renne, en anticipation du d\u00e9mant\u00e8lement du r\u00e9seau cuivre.\u00a0<\/b><\/p>\n<p><b>3 premi\u00e8res communes ont \u00e9t\u00e9 concern\u00e9es par cette fermeture du service ADSL en janvier dernier et 22 nouvelles le seront \u00e0 l\u2019horizon janvier 2026. L\u2019heure est \u00e0 l\u2019action ! <\/b><\/p>\n<p><strong>D\u00e9ployer jusqu\u2019\u00e0 la derni\u00e8re prise<\/strong><\/p>\n<p>Le 20 d\u00e9cembre dernier, Haute-Garonne Num\u00e9rique signait le protocole de fin de d\u00e9ploiement du r\u00e9seau fibre optique sur son territoire. Si au d\u00e9part le Syndicat mixte s\u2019engageait \u00e0 d\u00e9ployer 278 000 prises sur les 548 communes couvertes, ce sont finalement <strong>333 000 prises qui sont aujourd\u2019hui raccord\u00e9es<\/strong>.<\/p>\n<p>\u00ab Cette mission de d\u00e9ploiement qui nous est confi\u00e9e n\u2019est jamais v\u00e9ritablement termin\u00e9e puisque notre d\u00e9partement attire chaque ann\u00e9e de nouveaux habitants et de nouvelles habitations sortent de terre. \u00bb, explique Victor Denouvion, Pr\u00e9sident de Haute-Garonne Num\u00e9rique, Vice-Pr\u00e9sident du Conseil D\u00e9partemental de la Haute Garonne.<\/p>\n<p>Toujours mobilis\u00e9 pour assurer sa mission de d\u00e9ploiement, de mise en \u0153uvre et de gestion du haut-d\u00e9bit sur son territoire, <strong>le Syndicat mixte accompagne \u00e9galement les foyers ou entreprises rencontrant des situations particuli\u00e8res<\/strong>, pour faire en sorte de leur donner acc\u00e8s \u00e0 la fibre optique le plus facilement et rapidement possible.<\/p>\n<p>Victor Denouvion annonce : \u00ab Le d\u00e9ploiement est pour majorit\u00e9 finalis\u00e9 sur notre territoire, il reste cependant devant \u00a0nous quelques cas relevant de situations particuli\u00e8res, administratives ou techniques, souvent complexes. Le Syndicat reste mobilis\u00e9 pour les identifier et les r\u00e9soudre, L\u2019objectif et de faciliter, fluidifier et acc\u00e9l\u00e9rer les prises en charge. \u00bb<\/p>\n<p><b>Aider les collectivit\u00e9s \u00e0 faire migrer encore plus de 106 000 foyers <\/b><\/p>\n<p style=\"text-align: justify; text-indent: .45pt; margin: 13.35pt 55.45pt .0001pt .65pt;\">\u00a0Un cap important est pass\u00e9 maintenant que le territoire couvert par Haute-Garonne Num\u00e9rique est en quasi-totalit\u00e9 raccord\u00e9 \u00e0 la fibre optique. Une nouvelle mission devient alors prioritaire pour le Syndicat mixte, celle <b>d\u2019accompagner les \u00e9lus des Collectivit\u00e9s \u00e0 informer les populations sur la disponibilit\u00e9 de ce service<\/b>, qui viendra en remplacement de l\u2019ADSL1, vou\u00e9e \u00e0 disparaitre \u00e0 l\u2019horizon 2030.\u00a0<\/p>\n<p style=\"text-indent: .05pt; margin: 13.25pt 55.45pt .0001pt 1.05pt;\">La mise en \u0153uvre op\u00e9rationnelle de la fermeture du r\u00e9seau cuivre, assur\u00e9e par Orange qui en est propri\u00e9taire, s\u2019organise de mani\u00e8re progressive et par tranche.\u00a0<\/p>\n<p style=\"text-indent: -.3pt; margin: .15pt 55.35pt .0001pt .65pt;\">Sur le territoire couvert par Haute-Garonne Num\u00e9rique, <b>3 communes ont d\u00e9j\u00e0 \u00e9t\u00e9 concern\u00e9es par une fermeture du service au 31 janvier 2025 (Albiac, La Salvetat Lauragais et Venerque). D\u2019ici janvier 2028, 449 communes sur les 548 du territoire verront ce service fermer au fur et \u00e0 mesure :\u00a0\u00a0<\/b><\/p>\n<p style=\"margin: .55pt 0cm .0001pt 18.6pt;\"><b>\u2013 <\/b>22 au 27 janvier 2026 (lot 2)\u00a0<\/p>\n<p style=\"margin: .4pt 0cm .0001pt 18.6pt;\"><b>\u2013 <\/b>71 au 31 janvier 2027 (lot 3)\u00a0<\/p>\n<p style=\"margin: .65pt 0cm .0001pt 18.6pt;\"><b>\u2013 <\/b>128 au 31 janvier 2028 (lot 4)\u00a0<\/p>\n<p style=\"margin: .4pt 0cm .0001pt 18.6pt;\"><b>\u2013 <\/b>228 en janvier 2029 (lot 5)\u00a0<\/p>\n<p style=\"text-indent: -.65pt; margin: 11.3pt 55.85pt .0001pt .3pt;\">Au 1er juillet, Haute-Garonne Num\u00e9rique comptabilise encore <b>106 225 foyers n\u2019ayant pas proc\u00e9d\u00e9 \u00e0 la migration vers la fibre<\/b>.<\/p>\n<p style=\"text-align: justify; text-indent: .75pt; margin: .6pt 55.65pt .0001pt .4pt;\">Le Syndicat mixte travaille de concert avec les Maires et les CCAS pour identifier qui sont ces populations qui n\u2019ont pas encore migr\u00e9 vers la fibre, potentiellement \u00e9loign\u00e9es des usages du num\u00e9rique. Car s\u2019il est important d\u2019anticiper cette migration, c\u2019est avant tout pour garantir une continuit\u00e9 de service lors de l\u2019extinction du cuivre, qu\u2019il s\u2019agisse de l\u2019acc\u00e8s \u00e0 internet, du r\u00e9seau de t\u00e9l\u00e9phonie fixe ou de la t\u00e9l\u00e9vision.\u00a0<\/p>\n<p style=\"text-align: justify; text-indent: .2pt; margin: 13.25pt 55.0pt .0001pt .5pt;\">\u00ab Au-del\u00e0 des actions locales que nous menons sur le terrain, pour expliquer et valoriser l\u2019arriv\u00e9e de la fibre optique sur nos communes, nous avons besoin que l\u2019\u00c9tat mette en place une campagne d\u2019information \u00e0 l\u2019\u00e9chelle nationale, pour sensibiliser toutes les populations aux \u00e9ch\u00e9ances \u00e0 venir. Trop de gens sont encore dans l\u2019ignorance sur ce sujet et n\u2019ont pas conscience qu\u2019elles doivent agir pour migrer vers la fibre. \u00bb revendique Victor Denouvion.\u00a0<\/p>\n","protected":false},"excerpt":{"rendered":"Au 1er juillet le Syndicat mixte passe le cap des 333 000 prises de fibre optique d\u00e9ploy\u00e9es sur&hellip;\n","protected":false},"author":2,"featured_media":257428,"comment_status":"","ping_status":"","sticky":false,"template":"","format":"standard","meta":{"footnotes":""},"categories":[2816],"tags":[1111,11,1777,674,583,1011,27,12,2680,25,2312],"class_list":{"0":"post-257427","1":"post","2":"type-post","3":"status-publish","4":"format-standard","5":"has-post-thumbnail","7":"category-toulouse","8":"tag-actu","9":"tag-actualites","10":"tag-eu","11":"tag-europe","12":"tag-fibre","13":"tag-fr","14":"tag-france","15":"tag-news","16":"tag-occitanie","17":"tag-republique-francaise","18":"tag-toulouse"},"share_on_mastodon":{"url":"https:\/\/pubeurope.com\/@fr\/114876623375957164","error":""},"_links":{"self":[{"href":"https:\/\/www.europesays.com\/fr\/wp-json\/wp\/v2\/posts\/257427","targetHints":{"allow":["GET"]}}],"collection":[{"href":"https:\/\/www.europesays.com\/fr\/wp-json\/wp\/v2\/posts"}],"about":[{"href":"https:\/\/www.europesays.com\/fr\/wp-json\/wp\/v2\/types\/post"}],"author":[{"embeddable":true,"href":"https:\/\/www.europesays.com\/fr\/wp-json\/wp\/v2\/users\/2"}],"replies":[{"embeddable":true,"href":"https:\/\/www.europesays.com\/fr\/wp-json\/wp\/v2\/comments?post=257427"}],"version-history":[{"count":0,"href":"https:\/\/www.europesays.com\/fr\/wp-json\/wp\/v2\/posts\/257427\/revisions"}],"wp:featuredmedia":[{"embeddable":true,"href":"https:\/\/www.europesays.com\/fr\/wp-json\/wp\/v2\/media\/257428"}],"wp:attachment":[{"href":"https:\/\/www.europesays.com\/fr\/wp-json\/wp\/v2\/media?parent=257427"}],"wp:term":[{"taxonomy":"category","embeddable":true,"href":"https:\/\/www.europesays.com\/fr\/wp-json\/wp\/v2\/categories?post=257427"},{"taxonomy":"post_tag","embeddable":true,"href":"https:\/\/www.europesays.com\/fr\/wp-json\/wp\/v2\/tags?post=257427"}],"curies":[{"name":"wp","href":"https:\/\/api.w.org\/{rel}","templated":true}]}}