{"id":257431,"date":"2025-07-18T22:37:13","date_gmt":"2025-07-18T22:37:13","guid":{"rendered":"https:\/\/www.europesays.com\/fr\/257431\/"},"modified":"2025-07-18T22:37:13","modified_gmt":"2025-07-18T22:37:13","slug":"nourrisson-decede-au-chu-de-lille-la-famille-lance-un-appel-a-temoins-pour-faire-la-lumiere-sur-le-drame","status":"publish","type":"post","link":"https:\/\/www.europesays.com\/fr\/257431\/","title":{"rendered":"Nourrisson d\u00e9c\u00e9d\u00e9 au CHU de Lille : la famille lance un appel \u00e0 t\u00e9moins pour faire la lumi\u00e8re sur le drame"},"content":{"rendered":"<ul class=\"jsx-862013697 ArticleChapo__List\">\n<li class=\"jsx-862013697 ArticleChapo__List_Item flex\">La petite Zayneb, qui venait de na\u00eetre dans un service de n\u00e9onatalogie du CHU de Lille, est d\u00e9c\u00e9d\u00e9e mardi apr\u00e8s avoir \u00e9t\u00e9 retrouv\u00e9e quelques jours plus t\u00f4t au pied de son berceau, bless\u00e9e.<\/li>\n<li class=\"jsx-862013697 ArticleChapo__List_Item flex\">Sa famille lance un appel \u00e0 t\u00e9moins, exhortant toute famille ayant constat\u00e9 des dysfonctionnements au sein du m\u00eame service \u00e0 se faire conna\u00eetre.<\/li>\n<li class=\"jsx-862013697 ArticleChapo__List_Item flex\">La procureure a confirm\u00e9 ce vendredi qu&rsquo;un \u00ab\u00a0enfant de 6 ans, membre d&rsquo;une autre famille\u00a0\u00bb, avait \u00e9t\u00e9 vu pr\u00e8s du nourrisson, lorsqu&rsquo;il a \u00e9t\u00e9 d\u00e9couvert \u00e0 terre.<\/li>\n<\/ul>\n<p data-module=\"article-paragraph\" class=\"jsx-3046738180 Paragraph\">Face \u00e0 une incompr\u00e9hension immense et douloureuse, elle esp\u00e8re obtenir des r\u00e9ponses. La famille de la petite Zayneb, <a href=\"https:\/\/www.tf1info.fr\/justice-faits-divers\/lille-un-nourrisson-decede-a-la-maternite-sa-famille-denonce-le-comportement-d-un-enfant-visiteur-2383275.html\" target=\"_blank\" rel=\"noopener\">d\u00e9c\u00e9d\u00e9e au CHU de Lille (nouvelle fen\u00eatre)<\/a>, lance un appel \u00e0 t\u00e9moins, cherchant \u00e0 comprendre ce qui a men\u00e9 au drame. Le nourrisson pr\u00e9matur\u00e9 avait \u00e9t\u00e9 retrouv\u00e9 bless\u00e9 au sol dans un service de n\u00e9onatalogie de l&rsquo;h\u00f4pital Jeanne de Flandre, la maternit\u00e9 du centre. Il est d\u00e9c\u00e9d\u00e9 quelques jours plus tard.<\/p>\n<p data-module=\"article-paragraph\" class=\"jsx-3046738180 Paragraph Paragraph__End\">Un enfant qui d\u00e9ambule sans surveillance dans le service et entre dans la chambre de b\u00e9b\u00e9s tr\u00e8s fragiles, un service insuffisamment s\u00e9curis\u00e9, une surveillance trop distante&#8230; Les proches du nouveau-n\u00e9, qui avait cinq jours lors des faits, disent avoir constat\u00e9 des anomalies \u00ab\u00a0concernant la s\u00e9curit\u00e9\u00a0\u00bb de cette maternit\u00e9. Elle appelle donc toute famille ayant constat\u00e9 des \u00e9l\u00e9ments similaires \u00e0 t\u00e9moigner, a expliqu\u00e9 \u00e0 l&rsquo;AFP Karima Farhi, cousine du p\u00e8re, devenue la porte-parole de la famille, qui habite Tourcoing. Les personnes souhaitant s&rsquo;exprimer sont invit\u00e9es \u00e0 contacter le parquet de Lille.<\/p>\n<p>\u00ab\u00a0Le personnel m\u00e9dical avait \u00e9t\u00e9 pr\u00e9venu\u00a0\u00bb du comportement de l&rsquo;enfant qui d\u00e9ambulait <\/p>\n<p data-module=\"article-paragraph\" class=\"jsx-3046738180 Paragraph\">Le nourrisson a \u00e9t\u00e9 retrouv\u00e9 bless\u00e9 au sol le 11 juillet, en fin de matin\u00e9e, au sein du service de n\u00e9onatologie de cet h\u00f4pital, l&rsquo;une des principales maternit\u00e9s de la r\u00e9gion. La petite fille, n\u00e9e \u00e0 7 mois en demi de grossesse, n&rsquo;a pas surv\u00e9cu et est d\u00e9c\u00e9d\u00e9e mardi. Ce vendredi, la procureure Carole \u00c9tienne a indiqu\u00e9 qu&rsquo;elle \u00e9tait morte d&rsquo;un traumatisme <a href=\"https:\/\/www.tf1info.fr\/justice-faits-divers\/mort-d-un-bebe-au-chu-de-lille-le-deces-compatible-avec-une-chute-au-sol-selon-le-parquet-2383705.html\" target=\"_blank\" rel=\"noopener\">\u00ab\u00a0compatible avec une chute\u00a0\u00bb (nouvelle fen\u00eatre)<\/a>.<\/p>\n<p data-module=\"article-paragraph\" class=\"jsx-3046738180 Paragraph\">Elle a par ailleurs confirm\u00e9 qu&rsquo;un enfant avait \u00e9t\u00e9 vu pr\u00e8s du berceau au moment des faits, appuyant les d\u00e9clarations de la famille de Zayneb, qui a point\u00e9 le comportement perturbateur du fr\u00e8re d&rsquo;un autre b\u00e9b\u00e9 hospitalis\u00e9 dans le service. Selon la procureure, un \u00ab\u00a0enfant de six ans, membre d&rsquo;une autre famille, a effectivement \u00e9t\u00e9 vu \u00e0 proximit\u00e9 du berceau et de l&rsquo;enfant au sol\u00a0\u00bb.\u00a0<\/p>\n<p data-module=\"article-paragraph\" class=\"jsx-3046738180 Paragraph Paragraph__End\">D&rsquo;apr\u00e8s la police, un jeune gar\u00e7on serait entr\u00e9 dans la chambre du nourrisson, l&rsquo;aurait saisi et l&rsquo;aurait fait tomber. \u00ab\u00a0Cet enfant, \u00e7a faisait plusieurs jours qu\u2019il \u00e9tait dans les services o\u00f9 les pu\u00e9ricultrices l&rsquo;avaient d\u00e9j\u00e0 repris plusieurs fois sur son comportement\u00a0\u00bb, a relat\u00e9 jeudi aupr\u00e8s de TF1 Delphine, une jeune maman dont l&rsquo;enfant \u00e9tait hospitalis\u00e9 dans le m\u00eame service. Elle affirme avoir \u00e9t\u00e9 la premi\u00e8re \u00e0 donner l&rsquo;alerte apr\u00e8s avoir d\u00e9couvert le nouveau-n\u00e9 inerte, au pied de son berceau.<\/p>\n<p><a href=\"https:\/\/www.tf1info.fr\/justice-faits-divers\/video-reportage-mort-d-un-nourrisson-a-la-maternite-de-lille-c-est-un-accident-qui-n-aurait-jamais-du-arriver-2383541.html\" rel=\"noopener\" class=\"jsx-3308031228 Link flex\" target=\"_blank\"><img decoding=\"async\" src=\"https:\/\/www.europesays.com\/fr\/wp-content\/uploads\/2025\/07\/cap-temooo-ae1f67-1@1x.jpeg\" alt=\"TF1\" loading=\"lazy\" importance=\"low\" fetchpriority=\"low\" class=\"\" aria-hidden=\"true\"\/><\/p>\n<p class=\"jsx-3657663356 ReadMoreArticle__Title\">Lire aussi<\/p>\n<p class=\"jsx-3657663356\">Nourrisson d\u00e9c\u00e9d\u00e9 apr\u00e8s avoir \u00e9t\u00e9 retrouv\u00e9 au sol dans un h\u00f4pital de Lille : la femme qui a donn\u00e9 l&rsquo;alerte t\u00e9moigne<\/p>\n<p><\/a><\/p>\n<p data-module=\"article-paragraph\" class=\"jsx-3046738180 Paragraph\">Les jours pr\u00e9c\u00e9dant le drame, \u00ab\u00a0le grand-p\u00e8re maternel (de Zayneb) est all\u00e9 voir la maman du petit gar\u00e7on \u00e0 deux reprises pour lui indiquer qu&rsquo;il fallait qu&rsquo;elle surveille son enfant\u00a0\u00bb, a rapport\u00e9 Karima Farhi \u00e0 l&rsquo;AFP. Selon elle, \u00ab\u00a0le personnel m\u00e9dical avait \u00e9t\u00e9 pr\u00e9venu\u00a0\u00bb du \u00ab\u00a0comportement anormal depuis plusieurs jours\u00a0\u00bb du gar\u00e7onnet, d\u00e9j\u00e0 vu \u00e0 proximit\u00e9 de l&rsquo;enfant, \u00ab\u00a0qu&rsquo;il appelait ma poup\u00e9e\u00a0\u00bb. \u00a0\u00a0\u00a0<\/p>\n<p data-module=\"article-paragraph\" class=\"jsx-3046738180 Paragraph Paragraph__End\">Par ailleurs, la veille de la d\u00e9couverte de l&rsquo;enfant au sol, la m\u00e8re de la petite fille l&rsquo;avait retrouv\u00e9e sans sa couche ni son mat\u00e9riel m\u00e9dical, mais le personnel lui avait r\u00e9pondu qu&rsquo;elle avait d\u00fb les enlever toute seule, toujours d&rsquo;apr\u00e8s cette cousine. Interrog\u00e9e mercredi dans le 20H de TF1, Karima Farhi avait d\u00e9j\u00e0 soulign\u00e9 que \u00ab\u00a0<a href=\"https:\/\/www.tf1info.fr\/justice-faits-divers\/video-reportage-l-impensable-s-est-produit-la-colere-d-une-famille-apres-la-mort-d-un-bebe-dans-une-maternite-de-lille-2383310.html\" target=\"_blank\" rel=\"noopener\">l&rsquo;impensable s&rsquo;est produit dans un h\u00f4pital r\u00e9put\u00e9 (nouvelle fen\u00eatre)<\/a>, un service cens\u00e9 \u00eatre sous haute surveillance\u00a0\u00bb. \u00ab\u00a0Zayneb a \u00e9t\u00e9 retrouv\u00e9e la veille du drame sans \u00e9lectrode, sans couche, mouill\u00e9e. L&rsquo;explication du personnel m\u00e9dical a \u00e9t\u00e9 qu&rsquo;elle s&rsquo;\u00e9tait enlev\u00e9e ses \u00e9lectrodes et sa couche seule\u00a0\u00bb, avait-elle d\u00e9nonc\u00e9.\u00a0<\/p>\n<p>Les visites limit\u00e9es aux parents, mesures \u00ab\u00a0maintenues tant que n\u00e9cessaire\u00a0\u00bb<\/p>\n<p data-module=\"article-paragraph\" class=\"jsx-3046738180 Paragraph\">La m\u00e8re du nouveau-n\u00e9, une jeune femme de 23 ans dont Zayneb \u00e9tait le premier enfant, \u00ab\u00a0ne veut pas\u00a0\u00bb laisser penser \u00ab\u00a0qu&rsquo;elle a laiss\u00e9 son enfant sans surveillance\u00a0\u00bb alors qu'\u00a0\u00bbelle l&rsquo;a confi\u00e9 au personnel hospitalier\u00a0\u00bb pendant qu&rsquo;elle r\u00e9alisait les formalit\u00e9s pour sa propre sortie de l&rsquo;h\u00f4pital, dans un autre service, a insist\u00e9 la porte-parole de la famille aupr\u00e8s de l&rsquo;AFP.\u00a0<\/p>\n<p data-module=\"article-paragraph\" class=\"jsx-3046738180 Paragraph\">Le centre hospitalier, \u00e9voquant dans un communiqu\u00e9 de presse mercredi \u00ab\u00a0un \u00e9v\u00e9nement exceptionnel particuli\u00e8rement grave et bouleversant\u00a0\u00bb, a strictement limit\u00e9 les visites en n\u00e9onatologie. D\u00e9sormais, seuls les parents peuvent rendre visite aux b\u00e9b\u00e9s qui y sont hospitalis\u00e9s, des mesures \u00ab\u00a0maintenues tant que n\u00e9cessaire\u00a0\u00bb a pr\u00e9cis\u00e9 l&rsquo;h\u00f4pital \u00e0 l&rsquo;AFP vendredi. Une enqu\u00eate administrative interne est \u00e9galement en cours, qui devrait aboutir d&rsquo;ici deux semaines. De son c\u00f4t\u00e9, l&rsquo;enqu\u00eate judiciaire ouverte pour \u00ab\u00a0recherche des causes de la mort\u00a0\u00bb se poursuit.<\/p>\n<p data-module=\"article-paragraph\" class=\"jsx-3046738180 Paragraph Paragraph__End\">La famille du nourrisson, qui ne sait pas encore si elle portera plainte, a appel\u00e9 l&rsquo;h\u00f4pital \u00e0 \u00ab\u00a0assumer sa responsabilit\u00e9\u00a0\u00bb pour que \u00ab\u00a0cela n&rsquo;arrive plus jamais\u00a0\u00bb. Le livret d&rsquo;accueil du CHU stipule que dans l&rsquo;unit\u00e9 de n\u00e9onatalogie, \u00ab\u00a0les fr\u00e8res et s\u0153urs sont admis mais doivent \u00eatre accompagn\u00e9s et surveill\u00e9s\u00a0\u00bb. \u00ab\u00a0On ne peut pas accepter\u00a0\u00bb de voir \u00ab\u00a0un enfant livr\u00e9 \u00e0 lui-m\u00eame, et que ni le personnel soignant ni l&rsquo;h\u00f4pital ne soit responsable\u00a0\u00bb, a estim\u00e9 Karima Farhi, \u00e9voquant la possibilit\u00e9 d&rsquo;un syst\u00e8me de garde.\u00a0<\/p>\n<p>M.L. avec AFP<\/p>\n","protected":false},"excerpt":{"rendered":"La petite Zayneb, qui venait de na\u00eetre dans un service de n\u00e9onatalogie du CHU de Lille, est d\u00e9c\u00e9d\u00e9e&hellip;\n","protected":false},"author":2,"featured_media":252317,"comment_status":"","ping_status":"","sticky":false,"template":"","format":"standard","meta":{"footnotes":""},"categories":[2815],"tags":[1111,11,1921,1777,674,1011,27,811,1922,303,2954,1307,12,25,71,133,2953],"class_list":{"0":"post-257431","1":"post","2":"type-post","3":"status-publish","4":"format-standard","5":"has-post-thumbnail","7":"category-lille","8":"tag-actu","9":"tag-actualites","10":"tag-article-video","11":"tag-eu","12":"tag-europe","13":"tag-fr","14":"tag-france","15":"tag-hauts-de-france","16":"tag-info","17":"tag-justice","18":"tag-justice-et-faits-divers","19":"tag-lille","20":"tag-news","21":"tag-republique-francaise","22":"tag-sante","23":"tag-video","24":"tag-video-police"},"share_on_mastodon":{"url":"https:\/\/pubeurope.com\/@fr\/114876635243502576","error":""},"_links":{"self":[{"href":"https:\/\/www.europesays.com\/fr\/wp-json\/wp\/v2\/posts\/257431","targetHints":{"allow":["GET"]}}],"collection":[{"href":"https:\/\/www.europesays.com\/fr\/wp-json\/wp\/v2\/posts"}],"about":[{"href":"https:\/\/www.europesays.com\/fr\/wp-json\/wp\/v2\/types\/post"}],"author":[{"embeddable":true,"href":"https:\/\/www.europesays.com\/fr\/wp-json\/wp\/v2\/users\/2"}],"replies":[{"embeddable":true,"href":"https:\/\/www.europesays.com\/fr\/wp-json\/wp\/v2\/comments?post=257431"}],"version-history":[{"count":0,"href":"https:\/\/www.europesays.com\/fr\/wp-json\/wp\/v2\/posts\/257431\/revisions"}],"wp:featuredmedia":[{"embeddable":true,"href":"https:\/\/www.europesays.com\/fr\/wp-json\/wp\/v2\/media\/252317"}],"wp:attachment":[{"href":"https:\/\/www.europesays.com\/fr\/wp-json\/wp\/v2\/media?parent=257431"}],"wp:term":[{"taxonomy":"category","embeddable":true,"href":"https:\/\/www.europesays.com\/fr\/wp-json\/wp\/v2\/categories?post=257431"},{"taxonomy":"post_tag","embeddable":true,"href":"https:\/\/www.europesays.com\/fr\/wp-json\/wp\/v2\/tags?post=257431"}],"curies":[{"name":"wp","href":"https:\/\/api.w.org\/{rel}","templated":true}]}}